{"id":29896,"date":"2021-08-16T08:28:46","date_gmt":"2021-08-16T14:28:46","guid":{"rendered":"http:\/\/bambapolitica.com.mx\/?p=29896"},"modified":"2021-08-16T08:28:47","modified_gmt":"2021-08-16T14:28:47","slug":"continua-huelga-de-hambre-por-presuntos-inocentes-van-cuatro-dias","status":"publish","type":"post","link":"https:\/\/bambapolitica.com.mx\/index.php\/2021\/08\/16\/continua-huelga-de-hambre-por-presuntos-inocentes-van-cuatro-dias\/","title":{"rendered":"Continua huelga de hambre por presuntos inocentes; van cuatro d\u00edas"},"content":{"rendered":"\n<p class=\"has-medium-font-size\">El plant\u00f3n fue instalado hace unos d\u00edas por parte de miembros de la plataforma \u201cHaz Valer mi Libertad\u201d y el Centro de Derechos Humanos Zeferino Ladrillero.<\/p>\n\n\n\n<p class=\"has-medium-font-size\">Familiares de presos presuntamente inocentes en c\u00e1rceles del Estado de M\u00e9xico mantienen por cuarto d\u00eda consecutivo una huelga de hambre en la Plaza de los M\u00e1rtires, en Toluca, con la intenci\u00f3n de que sus casos sean atendidos a trav\u00e9s de la Ley de Amnist\u00eda.<\/p>\n\n\n\n<p class=\"has-medium-font-size\">El n\u00famero de protestantes aument\u00f3 y se prev\u00e9 que incremente. El plant\u00f3n fue instalado hace unos d\u00edas en el coraz\u00f3n de la capital mexiquense por parte de miembros de la plataforma \u201cHaz Valer mi Libertad\u201d y el Centro de Derechos Humanos Zeferino Ladrillero, organismos impulsores de la legislaci\u00f3n que promete excarcelar a presos que cometieron cr\u00edmenes menores, son primodelincuentes o lo hicieron coaccionados por el crimen, entre otros supuestos.<\/p>\n\n\n\n<p class=\"has-medium-font-size\">Sin embargo, en esta ocasi\u00f3n trabajan para atender casos que presentan presuntas irregularidades en el proceso judicial, que van desde una sentencia por un crimen que no cometieron, detenciones arbitrarias e incluso la posible fabricaci\u00f3n de pruebas y en consecuencia, de imputados Durante la movilizaci\u00f3n de este domingo particip\u00f3, Christofer G\u00f3mez Fl\u00f3rez, de \u201cJuntos por la libertad\u201d, quien tambi\u00e9n se sum\u00f3 a la huelga.<\/p>\n\n\n\n<p class=\"has-medium-font-size\">Se\u00f1al\u00f3 que su adici\u00f3n se debe a que uno de sus familiares est\u00e1 en prisi\u00f3n presumiblemente por un crimen que no cometi\u00f3. \u201cSus presos son mis presos, y yo vengo a luchar por todos, porque yo s\u00e9 lo que es ser v\u00edctima de una injusticia.<\/p>\n\n\n\n<p class=\"has-medium-font-size\">Las compa\u00f1eras son m\u00e1s de respetar, porque son madres, porque son personas de la tercera edad\u201d.<\/p>\n\n\n\n<p class=\"has-medium-font-size\">En este sentido, hizo un llamado a la sociedad para que ponga atenci\u00f3n sobre esta movilizaci\u00f3n que pretende dotar de justicia a presuntos inocentes internados en c\u00e1rceles de la entidad, a la par de pedir al gobierno mexiquense que intervenga en la aplicaci\u00f3n de esta legislaci\u00f3n en compa\u00f1\u00eda del Poder Judicial del Estado de M\u00e9xico.<\/p>\n\n\n\n<p class=\"has-medium-font-size\">Durante este domingo se anunci\u00f3 que cinco personas m\u00e1s se a\u00f1adir\u00edan a la huelga de hambre, por lo que en total suman 10 los familiares que realizan esta forma de manifestaci\u00f3n, la cual est\u00e1 apegada a protocolos internacionales ya que solamente se les permite ingerir l\u00edquidos y consumir miel, esto con la intenci\u00f3n de que no peligre su salud. Cabe recordar que advirtieron que cada vez m\u00e1s personas se ir\u00e1n sumando en los pr\u00f3ximos d\u00edas hasta que el an\u00e1lisis de sus casos sea realizado.<\/p>\n","protected":false},"excerpt":{"rendered":"<p>El plant\u00f3n fue instalado hace unos d\u00edas por parte de miembros de la plataforma \u201cHaz&#8230;<\/p>\n","protected":false},"author":4,"featured_media":29899,"comment_status":"closed","ping_status":"closed","sticky":false,"template":"","format":"standard","meta":{"footnotes":""},"categories":[4],"tags":[],"class_list":["post-29896","post","type-post","status-publish","format-standard","has-post-thumbnail","hentry","category-noticias-del-dia"],"_links":{"self":[{"href":"https:\/\/bambapolitica.com.mx\/index.php\/wp-json\/wp\/v2\/posts\/29896","targetHints":{"allow":["GET"]}}],"collection":[{"href":"https:\/\/bambapolitica.com.mx\/index.php\/wp-json\/wp\/v2\/posts"}],"about":[{"href":"https:\/\/bambapolitica.com.mx\/index.php\/wp-json\/wp\/v2\/types\/post"}],"author":[{"embeddable":true,"href":"https:\/\/bambapolitica.com.mx\/index.php\/wp-json\/wp\/v2\/users\/4"}],"replies":[{"embeddable":true,"href":"https:\/\/bambapolitica.com.mx\/index.php\/wp-json\/wp\/v2\/comments?post=29896"}],"version-history":[{"count":1,"href":"https:\/\/bambapolitica.com.mx\/index.php\/wp-json\/wp\/v2\/posts\/29896\/revisions"}],"predecessor-version":[{"id":29901,"href":"https:\/\/bambapolitica.com.mx\/index.php\/wp-json\/wp\/v2\/posts\/29896\/revisions\/29901"}],"wp:featuredmedia":[{"embeddable":true,"href":"https:\/\/bambapolitica.com.mx\/index.php\/wp-json\/wp\/v2\/media\/29899"}],"wp:attachment":[{"href":"https:\/\/bambapolitica.com.mx\/index.php\/wp-json\/wp\/v2\/media?parent=29896"}],"wp:term":[{"taxonomy":"category","embeddable":true,"href":"https:\/\/bambapolitica.com.mx\/index.php\/wp-json\/wp\/v2\/categories?post=29896"},{"taxonomy":"post_tag","embeddable":true,"href":"https:\/\/bambapolitica.com.mx\/index.php\/wp-json\/wp\/v2\/tags?post=29896"}],"curies":[{"name":"wp","href":"https:\/\/api.w.org\/{rel}","templated":true}]}}