{"id":29923,"date":"2021-08-16T10:38:21","date_gmt":"2021-08-16T16:38:21","guid":{"rendered":"http:\/\/bambapolitica.com.mx\/?p=29923"},"modified":"2021-08-16T10:38:22","modified_gmt":"2021-08-16T16:38:22","slug":"omision-de-alfredo-del-mazo-ante-agresion-a-periodistas-en-edomex","status":"publish","type":"post","link":"https:\/\/bambapolitica.com.mx\/index.php\/2021\/08\/16\/omision-de-alfredo-del-mazo-ante-agresion-a-periodistas-en-edomex\/","title":{"rendered":"Omisi\u00f3n de Alfredo del Mazo ante agresi\u00f3n a periodistas en Edomex"},"content":{"rendered":"\n<p class=\"has-medium-font-size\">Toluca, Estado de M\u00e9xico 16 de Agosto de 2021. <\/p>\n\n\n\n<p class=\"has-medium-font-size\">Las recientes agresiones cometidas en contra de periodistas en el Estado de M\u00e9xico no s\u00f3lo reflejan el clima de violencia imperante en la entidad, muestran tambi\u00e9n la omisi\u00f3n del propio gobernador Alfredo del Mazo Maza en cumplir con su obligaci\u00f3n legal de garantizar el libre ejercicio del periodismo como lo establece la Ley para la Protecci\u00f3n de Periodistas y Personas de Derechos Humanos aprobada por el Congreso en abril pasado y promulgada por el Poder ejecutivo en mayo pasado, denunci\u00f3 el Colectivo de Periodistas del Estado de M\u00e9xico.<\/p>\n\n\n\n<p class=\"has-medium-font-size\">La administraci\u00f3n del gobernador priista no ha acatado plenamente este nuevo marco jur\u00eddico al no haber ordenado la instalaci\u00f3n del Mecanismo para la Protecci\u00f3n de Periodistas y Personas de Derechos Humanos que ordena esta ley y por lo tanto es responsable de no atender de manera efectiva a quienes son v\u00edctimas directas e indirectas de las agresiones.<\/p>\n\n\n\n<p class=\"has-medium-font-size\">Las y los periodistas que integran el Colectivo y que ejercen la labor informativa en todas las regiones de la entidad, exigieron al gobernador Del Mazo Maza que ordene cuanto antes la instalaci\u00f3n de este Mecanismo, al tiempo que le exigieron que cumpla con los preceptos que dicta la citada ley de garantizar el libre ejercicio del periodismo en la entidad y que incluye, por s\u00f3lo citar un ejemplo, la eliminaci\u00f3n del famoso \u201ccorral de la ignominia\u201d que persiste en los eventos p\u00fablicos que encabezan autoridades estatales.<\/p>\n\n\n\n<p class=\"has-medium-font-size\">Ante la reciente agresi\u00f3n sufrida por una colega reportera en el Valle de Toluca, el Colectivo expres\u00f3 su rechazo a la manera en que Jorge Alberto P\u00e9rez Zamudio, coordinador general de Comunicaci\u00f3n Social del Gobierno del Estado public\u00f3 informaci\u00f3n personal y elev\u00f3 el nivel de riesgo de la periodista y su familia.<\/p>\n\n\n\n<p class=\"has-medium-font-size\">El empleado gubernamental viol\u00f3 derechos humanos, revictimiz\u00f3 a las v\u00edctimas y viol\u00f3 adem\u00e1s leyes que garantizan la protecci\u00f3n de datos personales, por lo que el Colectivo pidi\u00f3 a la Fiscal\u00eda General de Justicia del Estado de M\u00e9xico que inicie una investigaci\u00f3n ante la probable comisi\u00f3n de delitos por parte del vocero gubernamental, al tiempo que la propia Contralor\u00eda estatal inicie las averiguaciones pertinentes ante probables faltas a la ley de responsabilidad de los servidores p\u00fablicos.<\/p>\n\n\n\n<p class=\"has-medium-font-size\">Asimismo, el Colectivo de Periodistas del Estado de M\u00e9xico exige a las autoridades de la FGJEM informe a la brevedad sobre los avances en el caso de los asesinatos de periodistas cometidos, como los casos de Enrique Garc\u00eda Garc\u00eda, asesinado el 17 de junio de este 2021 y el de Nevith Cond\u00e9s Jaramillo, muerto el 24 de agosto de 2019.<\/p>\n","protected":false},"excerpt":{"rendered":"<p>Toluca, Estado de M\u00e9xico 16 de Agosto de 2021. Las recientes agresiones cometidas en contra&#8230;<\/p>\n","protected":false},"author":4,"featured_media":29924,"comment_status":"closed","ping_status":"closed","sticky":false,"template":"","format":"standard","meta":{"footnotes":""},"categories":[4],"tags":[],"class_list":["post-29923","post","type-post","status-publish","format-standard","has-post-thumbnail","hentry","category-noticias-del-dia"],"_links":{"self":[{"href":"https:\/\/bambapolitica.com.mx\/index.php\/wp-json\/wp\/v2\/posts\/29923","targetHints":{"allow":["GET"]}}],"collection":[{"href":"https:\/\/bambapolitica.com.mx\/index.php\/wp-json\/wp\/v2\/posts"}],"about":[{"href":"https:\/\/bambapolitica.com.mx\/index.php\/wp-json\/wp\/v2\/types\/post"}],"author":[{"embeddable":true,"href":"https:\/\/bambapolitica.com.mx\/index.php\/wp-json\/wp\/v2\/users\/4"}],"replies":[{"embeddable":true,"href":"https:\/\/bambapolitica.com.mx\/index.php\/wp-json\/wp\/v2\/comments?post=29923"}],"version-history":[{"count":1,"href":"https:\/\/bambapolitica.com.mx\/index.php\/wp-json\/wp\/v2\/posts\/29923\/revisions"}],"predecessor-version":[{"id":29925,"href":"https:\/\/bambapolitica.com.mx\/index.php\/wp-json\/wp\/v2\/posts\/29923\/revisions\/29925"}],"wp:featuredmedia":[{"embeddable":true,"href":"https:\/\/bambapolitica.com.mx\/index.php\/wp-json\/wp\/v2\/media\/29924"}],"wp:attachment":[{"href":"https:\/\/bambapolitica.com.mx\/index.php\/wp-json\/wp\/v2\/media?parent=29923"}],"wp:term":[{"taxonomy":"category","embeddable":true,"href":"https:\/\/bambapolitica.com.mx\/index.php\/wp-json\/wp\/v2\/categories?post=29923"},{"taxonomy":"post_tag","embeddable":true,"href":"https:\/\/bambapolitica.com.mx\/index.php\/wp-json\/wp\/v2\/tags?post=29923"}],"curies":[{"name":"wp","href":"https:\/\/api.w.org\/{rel}","templated":true}]}}