{"id":29926,"date":"2021-08-16T10:41:04","date_gmt":"2021-08-16T16:41:04","guid":{"rendered":"http:\/\/bambapolitica.com.mx\/?p=29926"},"modified":"2021-08-16T10:41:06","modified_gmt":"2021-08-16T16:41:06","slug":"gobierno-de-chimalhuacan-fomenta-la-inclusion-de-grupos-indigenas","status":"publish","type":"post","link":"https:\/\/bambapolitica.com.mx\/index.php\/2021\/08\/16\/gobierno-de-chimalhuacan-fomenta-la-inclusion-de-grupos-indigenas\/","title":{"rendered":"Gobierno de Chimalhuac\u00e1n fomenta la inclusi\u00f3n de grupos ind\u00edgenas"},"content":{"rendered":"\n<p class=\"has-medium-font-size\">En Chimalhuac\u00e1n habitan m\u00e1s de 20,000 personas de origen ind\u00edgena, por lo que el gobierno local, a trav\u00e9s del Departamento de Atenci\u00f3n a Grupos \u00c9tnicos brinda talleres y asesor\u00edas a integrantes de estas comunidades con el objetivo de fomentar la inclusi\u00f3n e inhibir la discriminaci\u00f3n, garantizando su desarrollo.<\/p>\n\n\n\n<figure class=\"wp-block-gallery aligncenter columns-1 is-cropped wp-block-gallery-1 is-layout-flex wp-block-gallery-is-layout-flex\"><ul class=\"blocks-gallery-grid\"><li class=\"blocks-gallery-item\"><figure><img loading=\"lazy\" decoding=\"async\" width=\"1024\" height=\"768\" src=\"https:\/\/bambapolitica.com.mx\/wp-content\/uploads\/2021\/08\/Atenci\u00f3n-a-Grupos-\u00c9tnicos-Archivo-1-1-1024x768.jpg\" alt=\"\" data-id=\"29929\" data-full-url=\"https:\/\/bambapolitica.com.mx\/wp-content\/uploads\/2021\/08\/Atenci\u00f3n-a-Grupos-\u00c9tnicos-Archivo-1-1.jpg\" data-link=\"https:\/\/bambapolitica.com.mx\/?attachment_id=29929\" class=\"wp-image-29929\" srcset=\"https:\/\/bambapolitica.com.mx\/wp-content\/uploads\/2021\/08\/Atenci\u00f3n-a-Grupos-\u00c9tnicos-Archivo-1-1-1024x768.jpg 1024w, https:\/\/bambapolitica.com.mx\/wp-content\/uploads\/2021\/08\/Atenci\u00f3n-a-Grupos-\u00c9tnicos-Archivo-1-1-300x225.jpg 300w, https:\/\/bambapolitica.com.mx\/wp-content\/uploads\/2021\/08\/Atenci\u00f3n-a-Grupos-\u00c9tnicos-Archivo-1-1-768x576.jpg 768w, https:\/\/bambapolitica.com.mx\/wp-content\/uploads\/2021\/08\/Atenci\u00f3n-a-Grupos-\u00c9tnicos-Archivo-1-1-195x146.jpg 195w, https:\/\/bambapolitica.com.mx\/wp-content\/uploads\/2021\/08\/Atenci\u00f3n-a-Grupos-\u00c9tnicos-Archivo-1-1-50x38.jpg 50w, https:\/\/bambapolitica.com.mx\/wp-content\/uploads\/2021\/08\/Atenci\u00f3n-a-Grupos-\u00c9tnicos-Archivo-1-1-100x75.jpg 100w, https:\/\/bambapolitica.com.mx\/wp-content\/uploads\/2021\/08\/Atenci\u00f3n-a-Grupos-\u00c9tnicos-Archivo-1-1.jpg 1280w\" sizes=\"auto, (max-width: 1024px) 100vw, 1024px\" \/><\/figure><\/li><li class=\"blocks-gallery-item\"><figure><img loading=\"lazy\" decoding=\"async\" width=\"1024\" height=\"683\" src=\"https:\/\/bambapolitica.com.mx\/wp-content\/uploads\/2021\/08\/Atenci\u00f3n-a-Grupos-\u00c9tnicos-Archivo-2-1-1024x683.jpg\" alt=\"\" data-id=\"29931\" data-full-url=\"https:\/\/bambapolitica.com.mx\/wp-content\/uploads\/2021\/08\/Atenci\u00f3n-a-Grupos-\u00c9tnicos-Archivo-2-1.jpg\" data-link=\"https:\/\/bambapolitica.com.mx\/?attachment_id=29931\" class=\"wp-image-29931\" srcset=\"https:\/\/bambapolitica.com.mx\/wp-content\/uploads\/2021\/08\/Atenci\u00f3n-a-Grupos-\u00c9tnicos-Archivo-2-1-1024x683.jpg 1024w, https:\/\/bambapolitica.com.mx\/wp-content\/uploads\/2021\/08\/Atenci\u00f3n-a-Grupos-\u00c9tnicos-Archivo-2-1-300x200.jpg 300w, https:\/\/bambapolitica.com.mx\/wp-content\/uploads\/2021\/08\/Atenci\u00f3n-a-Grupos-\u00c9tnicos-Archivo-2-1-768x512.jpg 768w, https:\/\/bambapolitica.com.mx\/wp-content\/uploads\/2021\/08\/Atenci\u00f3n-a-Grupos-\u00c9tnicos-Archivo-2-1-1536x1024.jpg 1536w, https:\/\/bambapolitica.com.mx\/wp-content\/uploads\/2021\/08\/Atenci\u00f3n-a-Grupos-\u00c9tnicos-Archivo-2-1-2048x1366.jpg 2048w, https:\/\/bambapolitica.com.mx\/wp-content\/uploads\/2021\/08\/Atenci\u00f3n-a-Grupos-\u00c9tnicos-Archivo-2-1-219x146.jpg 219w, https:\/\/bambapolitica.com.mx\/wp-content\/uploads\/2021\/08\/Atenci\u00f3n-a-Grupos-\u00c9tnicos-Archivo-2-1-50x33.jpg 50w, https:\/\/bambapolitica.com.mx\/wp-content\/uploads\/2021\/08\/Atenci\u00f3n-a-Grupos-\u00c9tnicos-Archivo-2-1-112x75.jpg 112w\" sizes=\"auto, (max-width: 1024px) 100vw, 1024px\" \/><\/figure><\/li><li class=\"blocks-gallery-item\"><figure><img loading=\"lazy\" decoding=\"async\" width=\"1024\" height=\"683\" src=\"https:\/\/bambapolitica.com.mx\/wp-content\/uploads\/2021\/08\/Atenci\u00f3n-a-Grupos-\u00c9tnicos-Archivo-3-1-1024x683.jpg\" alt=\"\" data-id=\"29933\" data-full-url=\"https:\/\/bambapolitica.com.mx\/wp-content\/uploads\/2021\/08\/Atenci\u00f3n-a-Grupos-\u00c9tnicos-Archivo-3-1-scaled.jpg\" data-link=\"https:\/\/bambapolitica.com.mx\/?attachment_id=29933\" class=\"wp-image-29933\" srcset=\"https:\/\/bambapolitica.com.mx\/wp-content\/uploads\/2021\/08\/Atenci\u00f3n-a-Grupos-\u00c9tnicos-Archivo-3-1-1024x683.jpg 1024w, https:\/\/bambapolitica.com.mx\/wp-content\/uploads\/2021\/08\/Atenci\u00f3n-a-Grupos-\u00c9tnicos-Archivo-3-1-300x200.jpg 300w, https:\/\/bambapolitica.com.mx\/wp-content\/uploads\/2021\/08\/Atenci\u00f3n-a-Grupos-\u00c9tnicos-Archivo-3-1-768x512.jpg 768w, https:\/\/bambapolitica.com.mx\/wp-content\/uploads\/2021\/08\/Atenci\u00f3n-a-Grupos-\u00c9tnicos-Archivo-3-1-1536x1024.jpg 1536w, https:\/\/bambapolitica.com.mx\/wp-content\/uploads\/2021\/08\/Atenci\u00f3n-a-Grupos-\u00c9tnicos-Archivo-3-1-2048x1365.jpg 2048w, https:\/\/bambapolitica.com.mx\/wp-content\/uploads\/2021\/08\/Atenci\u00f3n-a-Grupos-\u00c9tnicos-Archivo-3-1-219x146.jpg 219w, https:\/\/bambapolitica.com.mx\/wp-content\/uploads\/2021\/08\/Atenci\u00f3n-a-Grupos-\u00c9tnicos-Archivo-3-1-50x33.jpg 50w, https:\/\/bambapolitica.com.mx\/wp-content\/uploads\/2021\/08\/Atenci\u00f3n-a-Grupos-\u00c9tnicos-Archivo-3-1-113x75.jpg 113w\" sizes=\"auto, (max-width: 1024px) 100vw, 1024px\" \/><\/figure><\/li><li class=\"blocks-gallery-item\"><figure><img loading=\"lazy\" decoding=\"async\" width=\"1024\" height=\"768\" src=\"https:\/\/bambapolitica.com.mx\/wp-content\/uploads\/2021\/08\/Atenci\u00f3n-a-Grupos-\u00c9tnicos-Archivo-4-2-1024x768.jpg\" alt=\"\" data-id=\"29935\" data-full-url=\"https:\/\/bambapolitica.com.mx\/wp-content\/uploads\/2021\/08\/Atenci\u00f3n-a-Grupos-\u00c9tnicos-Archivo-4-2.jpg\" data-link=\"https:\/\/bambapolitica.com.mx\/?attachment_id=29935\" class=\"wp-image-29935\" srcset=\"https:\/\/bambapolitica.com.mx\/wp-content\/uploads\/2021\/08\/Atenci\u00f3n-a-Grupos-\u00c9tnicos-Archivo-4-2-1024x768.jpg 1024w, https:\/\/bambapolitica.com.mx\/wp-content\/uploads\/2021\/08\/Atenci\u00f3n-a-Grupos-\u00c9tnicos-Archivo-4-2-300x225.jpg 300w, https:\/\/bambapolitica.com.mx\/wp-content\/uploads\/2021\/08\/Atenci\u00f3n-a-Grupos-\u00c9tnicos-Archivo-4-2-768x576.jpg 768w, https:\/\/bambapolitica.com.mx\/wp-content\/uploads\/2021\/08\/Atenci\u00f3n-a-Grupos-\u00c9tnicos-Archivo-4-2-195x146.jpg 195w, https:\/\/bambapolitica.com.mx\/wp-content\/uploads\/2021\/08\/Atenci\u00f3n-a-Grupos-\u00c9tnicos-Archivo-4-2-50x38.jpg 50w, https:\/\/bambapolitica.com.mx\/wp-content\/uploads\/2021\/08\/Atenci\u00f3n-a-Grupos-\u00c9tnicos-Archivo-4-2-100x75.jpg 100w, https:\/\/bambapolitica.com.mx\/wp-content\/uploads\/2021\/08\/Atenci\u00f3n-a-Grupos-\u00c9tnicos-Archivo-4-2.jpg 1280w\" sizes=\"auto, (max-width: 1024px) 100vw, 1024px\" \/><\/figure><\/li><\/ul><\/figure>\n\n\n\n<p class=\"has-medium-font-size\">\u201cDesde su creaci\u00f3n, en el a\u00f1o 2013, el departamento mantiene cercan\u00eda con este sector de la poblaci\u00f3n, destacando la presencia de nahuas, zapotecos, mixtecos y otom\u00edes, quienes por medio de su lengua y tradiciones conservan su identidad, a pesar de estar lejos de entidades como Oaxaca, Puebla e Hidalgo\u201d, se\u00f1al\u00f3 el alcalde, Jes\u00fas Tolentino Rom\u00e1n Boj\u00f3rquez.<\/p>\n\n\n\n<p class=\"has-medium-font-size\">El edil resalt\u00f3 la importancia de conocer y reconocer la diversidad \u00e9tnica en la demarcaci\u00f3n, a fin de trabajar en la promoci\u00f3n de sus derechos humanos.<\/p>\n\n\n\n<p class=\"has-medium-font-size\">Al respecto, la encargada del departamento local, Paola Gonz\u00e1lez Delgado indic\u00f3 que la dependencia municipal implementa acciones como charlas y talleres en comunidades y escuelas de la localidad.<\/p>\n\n\n\n<p class=\"has-medium-font-size\">\u201cEn el municipio contamos con tres planteles educativos de ense\u00f1anza ind\u00edgena, donde se fomenta la preservaci\u00f3n de su cultura, tradiciones y lengua, ejemplo de ello es la primaria Vicente Lombardo, en la colonia San Juan Zapotla, localidad con amplia presencia de la comunidad zapoteca, originaria de Oaxaca.<\/p>\n\n\n\n<p class=\"has-medium-font-size\">Agreg\u00f3 que en las comunidades se implementan charlas informativas de promoci\u00f3n de derechos humanos y erradicaci\u00f3n de la violencia de g\u00e9nero, adem\u00e1s de talleres para el autoempleo.<\/p>\n\n\n\n<p class=\"has-medium-font-size\">Para mayor informaci\u00f3n sobre los diversos servicios que el Departamento de Atenci\u00f3n a Grupos \u00c9tnicos pone a disposici\u00f3n, la ciudadan\u00eda puede comunicarse al n\u00famero telef\u00f3nico 55-2126-3970, extensi\u00f3n 4, o acudir a sus instalaciones ubicadas en el Edificio Administrativo, ubicado en calle Aldama, esquina con 16 de septiembre, Cabecera Municipal.<\/p>\n","protected":false},"excerpt":{"rendered":"<p>En Chimalhuac\u00e1n habitan m\u00e1s de 20,000 personas de origen ind\u00edgena, por lo que el gobierno&#8230;<\/p>\n","protected":false},"author":4,"featured_media":29927,"comment_status":"closed","ping_status":"closed","sticky":false,"template":"","format":"standard","meta":{"footnotes":""},"categories":[4],"tags":[],"class_list":["post-29926","post","type-post","status-publish","format-standard","has-post-thumbnail","hentry","category-noticias-del-dia"],"_links":{"self":[{"href":"https:\/\/bambapolitica.com.mx\/index.php\/wp-json\/wp\/v2\/posts\/29926","targetHints":{"allow":["GET"]}}],"collection":[{"href":"https:\/\/bambapolitica.com.mx\/index.php\/wp-json\/wp\/v2\/posts"}],"about":[{"href":"https:\/\/bambapolitica.com.mx\/index.php\/wp-json\/wp\/v2\/types\/post"}],"author":[{"embeddable":true,"href":"https:\/\/bambapolitica.com.mx\/index.php\/wp-json\/wp\/v2\/users\/4"}],"replies":[{"embeddable":true,"href":"https:\/\/bambapolitica.com.mx\/index.php\/wp-json\/wp\/v2\/comments?post=29926"}],"version-history":[{"count":1,"href":"https:\/\/bambapolitica.com.mx\/index.php\/wp-json\/wp\/v2\/posts\/29926\/revisions"}],"predecessor-version":[{"id":29936,"href":"https:\/\/bambapolitica.com.mx\/index.php\/wp-json\/wp\/v2\/posts\/29926\/revisions\/29936"}],"wp:featuredmedia":[{"embeddable":true,"href":"https:\/\/bambapolitica.com.mx\/index.php\/wp-json\/wp\/v2\/media\/29927"}],"wp:attachment":[{"href":"https:\/\/bambapolitica.com.mx\/index.php\/wp-json\/wp\/v2\/media?parent=29926"}],"wp:term":[{"taxonomy":"category","embeddable":true,"href":"https:\/\/bambapolitica.com.mx\/index.php\/wp-json\/wp\/v2\/categories?post=29926"},{"taxonomy":"post_tag","embeddable":true,"href":"https:\/\/bambapolitica.com.mx\/index.php\/wp-json\/wp\/v2\/tags?post=29926"}],"curies":[{"name":"wp","href":"https:\/\/api.w.org\/{rel}","templated":true}]}}