{"id":30162,"date":"2021-08-19T09:17:56","date_gmt":"2021-08-19T15:17:56","guid":{"rendered":"http:\/\/bambapolitica.com.mx\/?p=30162"},"modified":"2021-08-19T09:17:57","modified_gmt":"2021-08-19T15:17:57","slug":"yatra-entra-de-lleno-al-reggaeton-con-jhay-cortez","status":"publish","type":"post","link":"https:\/\/bambapolitica.com.mx\/index.php\/2021\/08\/19\/yatra-entra-de-lleno-al-reggaeton-con-jhay-cortez\/","title":{"rendered":"Yatra entra de lleno al reggaet\u00f3n con Jhay Cortez"},"content":{"rendered":"\n<p class=\"has-medium-font-size\">Sebasti\u00e1n Yatra&nbsp;se anim\u00f3 a hacer un reggaet\u00f3n en compa\u00f1\u00eda de&nbsp;Jhay Cortez&nbsp;con &#8216;Delincuente&#8217;, un tema sensual en el que habla de sexo seguro con una chica que se desata en la cama.<\/p>\n\n\n\n<p class=\"has-medium-font-size\">&#8220;Es lo m\u00e1s reggaet\u00f3n que he hecho, como reggaet\u00f3n puro&#8221;, dijo el cantautor colombiano de pop en una entrevista reciente por videollamada desde Miami.<\/p>\n\n\n\n<p class=\"has-medium-font-size\">&#8220;Hace rato vengo escuchando a Jhay y me encanta, cada vez m\u00e1s siento que como compositor es un chico superdotado&#8230; No tuvimos que pensarlo mucho, todo hizo sentido&#8221;.<\/p>\n\n\n\n<p class=\"has-medium-font-size\">Antes de su lanzamiento el fin de semana pasado,&nbsp;Yatra caus\u00f3 revuelo con im\u00e1genes en las que parec\u00eda ser arrestado por la polic\u00eda.&nbsp;En realidad se trataba de parte de la promoci\u00f3n del video del tema, grabado el mes pasado en Miami.<\/p>\n\n\n\n<p class=\"has-medium-font-size\">&#8220;Pude salir de la c\u00e1rcel para ser parte del lanzamiento&#8221;, dijo en chiste.<\/p>\n\n\n\n<p class=\"has-medium-font-size\">Tengo que tener cuidado con la poli&#8221;.<\/p>\n\n\n\n<p class=\"has-medium-font-size\">En la canci\u00f3n, Yatra y el puertorrique\u00f1o Cortez les dicen a sus respectivas chicas, con la que tienen una relaci\u00f3n ardiente, que llevan preservativos.<\/p>\n\n\n\n<p class=\"has-medium-font-size\">&#8220;Por supuesto el sexo es parte de nuestras vidas y no hay que tratarlo como un tema tab\u00fa, pero s\u00ed es importante que nos protejamos en ese sentido&#8221;, dijo Yatra.<\/p>\n\n\n\n<p class=\"has-medium-font-size\">&#8220;Uno por las ganas toma decisiones as\u00ed inmaduras o locas y terminas metido en situaciones de las que no hay mucha salida o pones a esa otra persona en una situaci\u00f3n muy fuerte. Hay que ser muy responsable porque no s\u00f3lo est\u00e1s jugando con tu vida y tus cosas sino con las de la otra persona con la que compartes ese momento tan \u00edntimo&#8221;, agreg\u00f3.<\/p>\n\n\n\n<p class=\"has-medium-font-size\">El video de &#8216;Delincuente&#8217;, que suma m\u00e1s de 2,7 millones de vistas desde su lanzamiento el pasado jueves, fue dirigido por Daniel Dur\u00e1n, con quien tambi\u00e9n hab\u00eda hecho equipo para el clip de &#8216;Pareja el a\u00f1o&#8217;. La canci\u00f3n es producida por Mauricio Rengifo y Andr\u00e9s Torres, con quienes Yatra ya hab\u00eda trabajado en canciones como &#8216;Pareja del a\u00f1o&#8217;&nbsp;y su \u00e1lbum &#8216;Fantas\u00eda&#8217;.<\/p>\n\n\n\n<p class=\"has-medium-font-size\">Yatra grab\u00f3 su parte de la canci\u00f3n en Espa\u00f1a, donde se encontraba grabando la serie musical de Netflix de pr\u00f3ximo estreno &#8216;\u00c9rase una vez&#8230; pero ya no&#8217;&nbsp;del director mexicano Manolo Caro, en la que comparte cr\u00e9ditos con N\u00eda Correia y M\u00f3nica Maranillo.<\/p>\n\n\n\n<p class=\"has-medium-font-size\">La semana pasada fue anunciado como finalista a los Premios Billboard de la M\u00fasica Latina&nbsp;por su canci\u00f3n &#8216;TBT&#8217; con Rauw Alejandro y Manuel Turizo en la categor\u00eda canci\u00f3n latin pop del a\u00f1o.<\/p>\n\n\n\n<p class=\"has-medium-font-size\">&#8220;Amo esa canci\u00f3n, es de mis \u00faltimos lanzamientos antes de que arrancara toda esta locura de la pandemia. Me trae recuerdos buenos y malos de ese momento, pero igual es bonito que tanto tiempo despu\u00e9s sea reconocido un tema como este&#8221;, dijo.<\/p>\n\n\n\n<p class=\"has-medium-font-size\">Pr\u00f3ximamente formar\u00e1 parte de la gira de Enrique Iglesias y Ricky Martin por Estados Unidos y Canad\u00e1. El recorrido comienza el 25 de septiembre en el MGM Grand Garden Arena de Las Vegas y termina el 20 de noviembre en el Honda Center de Anaheim, California.<\/p>\n\n\n\n<p class=\"has-medium-font-size\">&#8220;Uno dice `guau, no puede ser que la vida est\u00e9 volviendo a una normalidad&#8217;. Uno se ha ido acostumbrando a estar encerrado&#8221;, dijo Yatra.<\/p>\n\n\n\n<p class=\"has-medium-font-size\">&#8220;Aprovechen para ir a los shows. No se van a arrepentir&#8221;.<\/p>\n","protected":false},"excerpt":{"rendered":"<p>Sebasti\u00e1n Yatra&nbsp;se anim\u00f3 a hacer un reggaet\u00f3n en compa\u00f1\u00eda de&nbsp;Jhay Cortez&nbsp;con &#8216;Delincuente&#8217;, un tema sensual&#8230;<\/p>\n","protected":false},"author":4,"featured_media":30174,"comment_status":"closed","ping_status":"closed","sticky":false,"template":"","format":"standard","meta":{"footnotes":""},"categories":[3],"tags":[],"class_list":["post-30162","post","type-post","status-publish","format-standard","has-post-thumbnail","hentry","category-espectaculos"],"_links":{"self":[{"href":"https:\/\/bambapolitica.com.mx\/index.php\/wp-json\/wp\/v2\/posts\/30162","targetHints":{"allow":["GET"]}}],"collection":[{"href":"https:\/\/bambapolitica.com.mx\/index.php\/wp-json\/wp\/v2\/posts"}],"about":[{"href":"https:\/\/bambapolitica.com.mx\/index.php\/wp-json\/wp\/v2\/types\/post"}],"author":[{"embeddable":true,"href":"https:\/\/bambapolitica.com.mx\/index.php\/wp-json\/wp\/v2\/users\/4"}],"replies":[{"embeddable":true,"href":"https:\/\/bambapolitica.com.mx\/index.php\/wp-json\/wp\/v2\/comments?post=30162"}],"version-history":[{"count":2,"href":"https:\/\/bambapolitica.com.mx\/index.php\/wp-json\/wp\/v2\/posts\/30162\/revisions"}],"predecessor-version":[{"id":30193,"href":"https:\/\/bambapolitica.com.mx\/index.php\/wp-json\/wp\/v2\/posts\/30162\/revisions\/30193"}],"wp:featuredmedia":[{"embeddable":true,"href":"https:\/\/bambapolitica.com.mx\/index.php\/wp-json\/wp\/v2\/media\/30174"}],"wp:attachment":[{"href":"https:\/\/bambapolitica.com.mx\/index.php\/wp-json\/wp\/v2\/media?parent=30162"}],"wp:term":[{"taxonomy":"category","embeddable":true,"href":"https:\/\/bambapolitica.com.mx\/index.php\/wp-json\/wp\/v2\/categories?post=30162"},{"taxonomy":"post_tag","embeddable":true,"href":"https:\/\/bambapolitica.com.mx\/index.php\/wp-json\/wp\/v2\/tags?post=30162"}],"curies":[{"name":"wp","href":"https:\/\/api.w.org\/{rel}","templated":true}]}}