{"id":30181,"date":"2021-08-19T09:18:10","date_gmt":"2021-08-19T15:18:10","guid":{"rendered":"http:\/\/bambapolitica.com.mx\/?p=30181"},"modified":"2021-08-19T09:18:12","modified_gmt":"2021-08-19T15:18:12","slug":"solicitan-ficha-roja-para-encontrar-a-laura-bozzo-en-mas-de-190-paises","status":"publish","type":"post","link":"https:\/\/bambapolitica.com.mx\/index.php\/2021\/08\/19\/solicitan-ficha-roja-para-encontrar-a-laura-bozzo-en-mas-de-190-paises\/","title":{"rendered":"Solicitan ficha roja para encontrar a Laura Bozzo en m\u00e1s de 190 pa\u00edses"},"content":{"rendered":"\n<p class=\"has-medium-font-size\">&nbsp;Laura Bozzo fue vinculada a proceso con prisi\u00f3n preventiva&nbsp;por un delito fiscal que rebasa los 12 millones de pesos. Adem\u00e1s no logr\u00f3 acreditar ante la autoridad fiscal cu\u00e1l era su domicilio.<\/p>\n\n\n\n<p class=\"has-medium-font-size\">Siguiendo su caso, hunas horas se dio a conocer que&nbsp;un juez general orden\u00f3 la aprehensi\u00f3n de la conductora, motivo por el cual la Fiscal\u00eda General de la Rep\u00fablica (FGR) comenz\u00f3 su b\u00fasqueda para detenerla, tras no ingresar voluntariamente al penal de Santiaguito.<\/p>\n\n\n\n<p class=\"has-medium-font-size\">La FGR inici\u00f3 ya los tr\u00e1mites para la emisi\u00f3n de la ficha roja.&nbsp;Ahora Bozzo es buscada en m\u00e1s de 190 pa\u00edses para iniciar su proceso legal.<\/p>\n\n\n\n<h3 class=\"wp-block-heading\"><strong>\u00bfQui\u00e9n la denunci\u00f3?<\/strong><\/h3>\n\n\n\n<p class=\"has-medium-font-size\">Alfredo Adame asegur\u00f3 que \u00e9l denunci\u00f3 a la presentadora ante las autoridades correspondientes.&nbsp;En una entrevista el actor asegur\u00f3 que llam\u00f3 al SAT para contar que Bozzo hab\u00eda cometido un delito.<\/p>\n\n\n\n<h3 class=\"wp-block-heading\"><strong>\u00bfQu\u00e9 pas\u00f3?<\/strong><\/h3>\n\n\n\n<p class=\"has-medium-font-size\">Seg\u00fan su relato, una persona lo contact\u00f3 a trav\u00e9s de redes sociales para contarle informaci\u00f3n comprometedora sobre la conductora.&nbsp; &nbsp;Esta persona le asegur\u00f3 que le compr\u00f3 un departamento pero cuando intent\u00f3 escriturarlo se dio cuenta que estaba embargado por el SAT.<\/p>\n\n\n\n<p class=\"has-medium-font-size\">Hazte de cuenta que me cay\u00f3 del cielo&#8221;, cont\u00f3 Alfrado.&nbsp;<\/p>\n\n\n\n<h3 class=\"wp-block-heading\"><strong>\u00bfPor qu\u00e9 son enemigos?<\/strong><\/h3>\n\n\n\n<p class=\"has-medium-font-size\">Desde hace ya unos a\u00f1os los conductores han mantenido una p\u00e9sima relaci\u00f3n.&nbsp; El pleito se agrav\u00f3 cuando&nbsp;Alfredo le asegur\u00f3 a la peruana que por \u00e9l caer\u00eda en la c\u00e1rcel o saldr\u00eda del pa\u00eds.<\/p>\n\n\n\n<p class=\"has-medium-font-size\">&#8220;Empec\u00e9 a investigar, ya la hab\u00edan llamado varias veces para que arreglara el problema pero no iba. No pagaba los 12 millones, los cuales se convirtieron en 80 por las multas y recargos&#8221;, cont\u00f3.<\/p>\n\n\n\n<p class=\"has-medium-font-size\">&#8220;Laura cometi\u00f3 un delito. Vendi\u00f3 un condominio que ustedes ten\u00edan embargado. Yo di el aviso&#8221;, dijo.<\/p>\n","protected":false},"excerpt":{"rendered":"<p>&nbsp;Laura Bozzo fue vinculada a proceso con prisi\u00f3n preventiva&nbsp;por un delito fiscal que rebasa los&#8230;<\/p>\n","protected":false},"author":4,"featured_media":30183,"comment_status":"closed","ping_status":"closed","sticky":false,"template":"","format":"standard","meta":{"footnotes":""},"categories":[3],"tags":[],"class_list":["post-30181","post","type-post","status-publish","format-standard","has-post-thumbnail","hentry","category-espectaculos"],"_links":{"self":[{"href":"https:\/\/bambapolitica.com.mx\/index.php\/wp-json\/wp\/v2\/posts\/30181","targetHints":{"allow":["GET"]}}],"collection":[{"href":"https:\/\/bambapolitica.com.mx\/index.php\/wp-json\/wp\/v2\/posts"}],"about":[{"href":"https:\/\/bambapolitica.com.mx\/index.php\/wp-json\/wp\/v2\/types\/post"}],"author":[{"embeddable":true,"href":"https:\/\/bambapolitica.com.mx\/index.php\/wp-json\/wp\/v2\/users\/4"}],"replies":[{"embeddable":true,"href":"https:\/\/bambapolitica.com.mx\/index.php\/wp-json\/wp\/v2\/comments?post=30181"}],"version-history":[{"count":2,"href":"https:\/\/bambapolitica.com.mx\/index.php\/wp-json\/wp\/v2\/posts\/30181\/revisions"}],"predecessor-version":[{"id":30195,"href":"https:\/\/bambapolitica.com.mx\/index.php\/wp-json\/wp\/v2\/posts\/30181\/revisions\/30195"}],"wp:featuredmedia":[{"embeddable":true,"href":"https:\/\/bambapolitica.com.mx\/index.php\/wp-json\/wp\/v2\/media\/30183"}],"wp:attachment":[{"href":"https:\/\/bambapolitica.com.mx\/index.php\/wp-json\/wp\/v2\/media?parent=30181"}],"wp:term":[{"taxonomy":"category","embeddable":true,"href":"https:\/\/bambapolitica.com.mx\/index.php\/wp-json\/wp\/v2\/categories?post=30181"},{"taxonomy":"post_tag","embeddable":true,"href":"https:\/\/bambapolitica.com.mx\/index.php\/wp-json\/wp\/v2\/tags?post=30181"}],"curies":[{"name":"wp","href":"https:\/\/api.w.org\/{rel}","templated":true}]}}