{"id":30650,"date":"2021-08-25T10:23:26","date_gmt":"2021-08-25T16:23:26","guid":{"rendered":"http:\/\/bambapolitica.com.mx\/?p=30650"},"modified":"2021-08-25T10:23:28","modified_gmt":"2021-08-25T16:23:28","slug":"necesario-que-la-sep-certifique-a-planteles-escolares-y-a-medicos-para-deteccion-temprana-de-covid-19","status":"publish","type":"post","link":"https:\/\/bambapolitica.com.mx\/index.php\/2021\/08\/25\/necesario-que-la-sep-certifique-a-planteles-escolares-y-a-medicos-para-deteccion-temprana-de-covid-19\/","title":{"rendered":"Necesario que la SEP certifique a planteles escolares y a m\u00e9dicos para detecci\u00f3n temprana de covid-19"},"content":{"rendered":"\n<p class=\"has-medium-font-size\">La Comisi\u00f3n Iberoamericana de Derechos Humanos para el Desarrollo de las Am\u00e9ricas (CIDHPDA) en voz de V\u00edctor Hugo Guti\u00e9rrez Y\u00e1\u00f1ez Comisionado para Am\u00e9rica Latina y el Caribe, se\u00f1al\u00f3 que en el pr\u00f3ximo regreso a clases, con el fin de garantizar el Derecho a la Salud y el Derecho a la Educaci\u00f3n a los Ni\u00f1os, Ni\u00f1as y Adolescentes (NNA) es necesario que la Secretaria de Educaci\u00f3n P\u00fablica tenga que certificar y capacitar a M\u00e9dicos Escolares para la detecci\u00f3n inmediata en casos de COVID-19 y poder as\u00ed garantizar espacios educativos seguros.<br>Asegur\u00f3 que la SEP deber\u00e1 de generar protocolos de actuaci\u00f3n en cada centro escolar, y generar una Norma Oficial a trav\u00e9s del concepto PLANTEL ESCOLAR SEGURO donde debe de existir seguridad intramuros.<\/p>\n\n\n\n<p class=\"has-medium-font-size\">Exhort\u00f3 a las autoridades educativas de cada plantel (Directivos e Inspectores) a tomar en serio la vida de la comunidad escolar, ya que lamentablemente no se cuentan con los recursos necesarios para afrontar esta mortal pandemia.<\/p>\n\n\n\n<p class=\"has-medium-font-size\">A tan solo seis d\u00edas del regreso a clases la Secretar\u00eda de Salud, indic\u00f3 que al menos el 63 por ciento de la poblaci\u00f3n de a partir de 18 a\u00f1os ha recibido al menos una dosis en el pa\u00eds. Mientras que en Estados Unidos siguen avanzando los ensayos cl\u00ednicos de una vacuna para los ni\u00f1os y las ni\u00f1as de 12 a\u00f1os de edad o m\u00e1s. Por lo que el Comisionado invit\u00f3 a la ciudadan\u00eda a no bajar la guardia y seguir protegi\u00e9ndose con las medidas sanitarias.<\/p>\n\n\n\n<p class=\"has-medium-font-size\">Por \u00faltimo Guti\u00e9rrez Ya\u00f1ez, considero que los plantes escolares que se tendr\u00e1n m\u00e1s riesgo son aquellos que se encuentran alejados de las zonas urbanas y con menor poder adquisitivo.<\/p>\n","protected":false},"excerpt":{"rendered":"<p>La Comisi\u00f3n Iberoamericana de Derechos Humanos para el Desarrollo de las Am\u00e9ricas (CIDHPDA) en voz&#8230;<\/p>\n","protected":false},"author":4,"featured_media":30651,"comment_status":"closed","ping_status":"closed","sticky":false,"template":"","format":"standard","meta":{"footnotes":""},"categories":[4],"tags":[],"class_list":["post-30650","post","type-post","status-publish","format-standard","has-post-thumbnail","hentry","category-noticias-del-dia"],"_links":{"self":[{"href":"https:\/\/bambapolitica.com.mx\/index.php\/wp-json\/wp\/v2\/posts\/30650","targetHints":{"allow":["GET"]}}],"collection":[{"href":"https:\/\/bambapolitica.com.mx\/index.php\/wp-json\/wp\/v2\/posts"}],"about":[{"href":"https:\/\/bambapolitica.com.mx\/index.php\/wp-json\/wp\/v2\/types\/post"}],"author":[{"embeddable":true,"href":"https:\/\/bambapolitica.com.mx\/index.php\/wp-json\/wp\/v2\/users\/4"}],"replies":[{"embeddable":true,"href":"https:\/\/bambapolitica.com.mx\/index.php\/wp-json\/wp\/v2\/comments?post=30650"}],"version-history":[{"count":1,"href":"https:\/\/bambapolitica.com.mx\/index.php\/wp-json\/wp\/v2\/posts\/30650\/revisions"}],"predecessor-version":[{"id":30652,"href":"https:\/\/bambapolitica.com.mx\/index.php\/wp-json\/wp\/v2\/posts\/30650\/revisions\/30652"}],"wp:featuredmedia":[{"embeddable":true,"href":"https:\/\/bambapolitica.com.mx\/index.php\/wp-json\/wp\/v2\/media\/30651"}],"wp:attachment":[{"href":"https:\/\/bambapolitica.com.mx\/index.php\/wp-json\/wp\/v2\/media?parent=30650"}],"wp:term":[{"taxonomy":"category","embeddable":true,"href":"https:\/\/bambapolitica.com.mx\/index.php\/wp-json\/wp\/v2\/categories?post=30650"},{"taxonomy":"post_tag","embeddable":true,"href":"https:\/\/bambapolitica.com.mx\/index.php\/wp-json\/wp\/v2\/tags?post=30650"}],"curies":[{"name":"wp","href":"https:\/\/api.w.org\/{rel}","templated":true}]}}