{"id":32269,"date":"2021-09-14T11:06:34","date_gmt":"2021-09-14T17:06:34","guid":{"rendered":"http:\/\/bambapolitica.com.mx\/?p=32269"},"modified":"2021-09-14T11:06:35","modified_gmt":"2021-09-14T17:06:35","slug":"estas-son-las-movilizaciones-que-se-realizaran-este-martes-en-la-cdmx","status":"publish","type":"post","link":"https:\/\/bambapolitica.com.mx\/index.php\/2021\/09\/14\/estas-son-las-movilizaciones-que-se-realizaran-este-martes-en-la-cdmx\/","title":{"rendered":"Estas son las movilizaciones que se realizar\u00e1n este martes en la CDMX"},"content":{"rendered":"\n<p class=\"has-medium-font-size\">Para este martes 14 de septiembre se esperan 6 marchas en diversos puntos de la Ciudad de M\u00e9xico, para evitar contratiempos mira aqu\u00ed donde se llevar\u00e1n a cabo y si te es posible, evita la zona: &nbsp;<\/p>\n\n\n\n<p class=\"has-medium-font-size\">En punto de las 9:00 de la ma\u00f1ana se llevar\u00e1 a cabo una asamblea popular denominada de la Magdalena Atlitic, se tiene contemplado que sea en Perif\u00e9rico Sur s\/n., y Avenida Luis Cabrera, colonia San Jer\u00f3nimo L\u00eddice, alcald\u00eda Magdalena Contreras. Los inconformes se\u00f1alan que es en contra del proyecto parque-museo del agua \u201cLa Ca\u00f1ada\u201d del grupo Frisa, por presuntamente privatizar el bosque y r\u00edo de la Magdalena Contreras.<\/p>\n\n\n\n<p class=\"has-medium-font-size\">M\u00e1s tarde, a las 11:00 horas Bryan LeBar\u00f3n, el Diputado Pedro Carrizales &#8220;El Mijis&#8217; y Manuel Valdovinos (reci\u00e9n liberado) acudir\u00e1n al Senado en Avenida Paseo de la Reforma, n\u00famero 135 en la colonia Tabacalera.<\/p>\n\n\n\n<p class=\"has-medium-font-size\">Los antes mencionados, realizar\u00e1n la entrega de una iniciativa a fin de sancionar corrupci\u00f3n en cuerpos de seguridad p\u00fablica, asimismo lo har\u00e1n afuera de Oficial\u00eda de Partes en la calle de Madrid al exterior del Senado.<\/p>\n\n\n\n<p class=\"has-medium-font-size\">A las 12:00 del mediod\u00eda activistas feminista y defensoras de los derechos humanos se concentrar\u00e1n en la sede de la Secretar\u00eda de Seguridad Ciudadana de la Ciudad de M\u00e9xico (SSC-CDMX), ubicada en la calle Liverpool, n\u00famero 136, colonia Ju\u00e1rez, alcald\u00eda Cuauht\u00e9moc.<\/p>\n","protected":false},"excerpt":{"rendered":"<p>Para este martes 14 de septiembre se esperan 6 marchas en diversos puntos de la&#8230;<\/p>\n","protected":false},"author":4,"featured_media":32270,"comment_status":"closed","ping_status":"closed","sticky":false,"template":"","format":"standard","meta":{"footnotes":""},"categories":[2],"tags":[],"class_list":["post-32269","post","type-post","status-publish","format-standard","has-post-thumbnail","hentry","category-policiaca"],"_links":{"self":[{"href":"https:\/\/bambapolitica.com.mx\/index.php\/wp-json\/wp\/v2\/posts\/32269","targetHints":{"allow":["GET"]}}],"collection":[{"href":"https:\/\/bambapolitica.com.mx\/index.php\/wp-json\/wp\/v2\/posts"}],"about":[{"href":"https:\/\/bambapolitica.com.mx\/index.php\/wp-json\/wp\/v2\/types\/post"}],"author":[{"embeddable":true,"href":"https:\/\/bambapolitica.com.mx\/index.php\/wp-json\/wp\/v2\/users\/4"}],"replies":[{"embeddable":true,"href":"https:\/\/bambapolitica.com.mx\/index.php\/wp-json\/wp\/v2\/comments?post=32269"}],"version-history":[{"count":2,"href":"https:\/\/bambapolitica.com.mx\/index.php\/wp-json\/wp\/v2\/posts\/32269\/revisions"}],"predecessor-version":[{"id":32293,"href":"https:\/\/bambapolitica.com.mx\/index.php\/wp-json\/wp\/v2\/posts\/32269\/revisions\/32293"}],"wp:featuredmedia":[{"embeddable":true,"href":"https:\/\/bambapolitica.com.mx\/index.php\/wp-json\/wp\/v2\/media\/32270"}],"wp:attachment":[{"href":"https:\/\/bambapolitica.com.mx\/index.php\/wp-json\/wp\/v2\/media?parent=32269"}],"wp:term":[{"taxonomy":"category","embeddable":true,"href":"https:\/\/bambapolitica.com.mx\/index.php\/wp-json\/wp\/v2\/categories?post=32269"},{"taxonomy":"post_tag","embeddable":true,"href":"https:\/\/bambapolitica.com.mx\/index.php\/wp-json\/wp\/v2\/tags?post=32269"}],"curies":[{"name":"wp","href":"https:\/\/api.w.org\/{rel}","templated":true}]}}