{"id":32298,"date":"2021-09-14T11:11:56","date_gmt":"2021-09-14T17:11:56","guid":{"rendered":"http:\/\/bambapolitica.com.mx\/?p=32298"},"modified":"2021-09-14T11:11:57","modified_gmt":"2021-09-14T17:11:57","slug":"no-solo-fueron-josefa-ortiz-y-leona-vicario-ellas-tambien-tuvieron-un-rol-destacado-en-la-independencia","status":"publish","type":"post","link":"https:\/\/bambapolitica.com.mx\/index.php\/2021\/09\/14\/no-solo-fueron-josefa-ortiz-y-leona-vicario-ellas-tambien-tuvieron-un-rol-destacado-en-la-independencia\/","title":{"rendered":"No solo fueron Josefa Ortiz y Leona Vicario: ellas tambi\u00e9n tuvieron un rol destacado en la Independencia"},"content":{"rendered":"\n<p class=\"has-medium-font-size\">La \u2018G\u00fcera Rodr\u00edguez\u2019 y Mariana Rodr\u00edguez del Toro son otros nombres de mujeres que desafiaron al gobierno virreinal para apoyar al movimiento insurgente.<\/p>\n\n\n\n<p class=\"has-medium-font-size\">En la Historia de la Independencia de M\u00e9xico suele hablarse casi siempre del papel que tuvieron los considerados \u201ch\u00e9roes de la patria\u201d: Miguel Hidalgo, Jos\u00e9 Mar\u00eda Morelos y Pav\u00f3n, Ignacio Allende\u2026<\/p>\n\n\n\n<p class=\"has-medium-font-size\">Poco se menciona, sin embargo, el papel que tuvieron las mujeres. Adem\u00e1s de que se exalta solo la figura de algunas cuantas: Josefa Ort\u00edz de Dom\u00ednguez y, de un tiempo para ac\u00e1, Leona Vicario. Pero ellas no estuvieron solas.<\/p>\n\n\n\n<p class=\"has-large-font-size\">Josefa Ort\u00edz de Dom\u00ednguez<\/p>\n\n\n\n<p class=\"has-medium-font-size\">Sin duda la m\u00e1s conocida de las mujeres que tuvieron un rol destacado en la guerra de Independencia de la Nueva Espa\u00f1a. Particip\u00f3 en la Conspiraci\u00f3n de Quer\u00e9taro (reuni\u00f3n clandestino que comenz\u00f3 el movimiento armado para la independizaci\u00f3n de Espa\u00f1a) y fue pieza clave para el inicio de la lucha que encabez\u00f3 Miguel Hidalgo en Dolores, Guanajuato. Debido a que era la esposa del corregidor de Quer\u00e9taro, Miguel Dom\u00ednguez, es conocida como la Corregidora.<\/p>\n\n\n\n<p class=\"has-medium-font-size\">Josefa, quien era criolla (de ascendencia espa\u00f1ola nacida en M\u00e9xico), estaba en desacuerdo que este grupo fuera considerado de segunda por el r\u00e9gimen colonial. Este descontento la llev\u00f3 a participar en la Conspiraci\u00f3n de Quer\u00e9taro, cuyo plan era que los rebeldes se levantaran en armas el 1 de octubre de 1810.<\/p>\n\n\n\n<p class=\"has-medium-font-size\">Sin embargo, el 13 de septiembre, la Conspiraci\u00f3n fue descubierta por un infiltrado, que inform\u00f3 a las autoridades virreinales de las actividades del grupo. El corregidor Miguel Dom\u00ednguez fue obligado a conducir un cateo en las casas de la ciudad, con el fin de capturar a los l\u00edderes insurgentes. Para proteger a su esposa, la encerr\u00f3 en un cuarto bajo llave. No obstante, Josefa, haciendo sonar uno de sus zapatos contra el suelo, llam\u00f3 desde el encierro al alcalde Ignacio P\u00e9rez, a quien le pidi\u00f3 que avisara a Hidalgo que la Conspiraci\u00f3n hab\u00eda sido descubierta.<\/p>\n\n\n\n<p class=\"has-large-font-size\">Leona Vicario<\/p>\n\n\n\n<p class=\"has-medium-font-size\">Fue una de las primeras mujeres periodistas mexicanas. Durante la guerra de Independencia se dedic\u00f3 a informar a los insurgentes de todos los movimientos que pod\u00edan interesarles. Desde la Ciudad de M\u00e9xico ella les avisaba de lo que ocurr\u00eda ah\u00ed y les ayud\u00f3 proporcion\u00e1ndoles algunos bienes.<\/p>\n\n\n\n<p class=\"has-medium-font-size\">Vicario fue una mujer aguerrida, que vivi\u00f3 el presidio y la persecuci\u00f3n. Fue parte de las huestes del general Jos\u00e9 Mar\u00eda Morelos y Pav\u00f3n. Al final de su vida se estableci\u00f3 en Toluca, donde falleci\u00f3 a los 53 a\u00f1os.<\/p>\n\n\n\n<p class=\"has-large-font-size\">La \u2018G\u00fcera Rodr\u00edguez\u2019<\/p>\n\n\n\n<p class=\"has-medium-font-size\">Mar\u00eda Ignacia Rodr\u00edguez de Velasco, mejor conocida como la G\u00fcera Rodr\u00edguez, fue una criolla de la alta sociedad que tuvo ideas liberales.<\/p>\n\n\n\n<p class=\"has-medium-font-size\">Asisti\u00f3 a reuniones pol\u00edticas clandestinas con Miguel Hidalgo y Josefa Ortiz de Dom\u00ednguez. Adem\u00e1s, ten\u00eda acceso a informaci\u00f3n pol\u00edtica privilegiada debido a que su padre fue regidor de la Ciudad de M\u00e9xico y a su relaci\u00f3n con otros personajes de poder.<\/p>\n\n\n\n<p class=\"has-large-font-size\">Mariana Rodr\u00edguez del Toro<\/p>\n\n\n\n<p class=\"has-medium-font-size\">Tambi\u00e9n de ideolog\u00eda liberal, conspir\u00f3 contra el gobierno virreinal. El 8 de abril de 1811 lleg\u00f3 a la Ciudad de M\u00e9xico la noticia de la captura de los l\u00edderes independentistas. El virrey Francisco Xavier Venegas celebr\u00f3 con j\u00fabilo el triunfo. Mientras que los conspiradores concluyeron que el movimiento hab\u00eda sido aniquilado.<\/p>\n\n\n\n<p class=\"has-medium-font-size\">Sin embargo, Mariana Rodr\u00edguez del Toro los llam\u00f3 a no darse por vencidos y as\u00ed el grupo empez\u00f3 a planear un nuevo ataque en contra del virrey. Sin embargo, la conspiraci\u00f3n fue descubierta y Mariana y otro miembros del grupo insurgente al que pertenec\u00eda fueron encarcelados. A pesar de haber sido amenazada, no delat\u00f3 a ning\u00fan miembro del grupo.<\/p>\n\n\n\n<p class=\"has-large-font-size\">Mar\u00eda Luisa Mart\u00ednez de Garc\u00eda Rojas<\/p>\n\n\n\n<p class=\"has-medium-font-size\">Ayudaba a los insurgentes en Michoac\u00e1n, su estado natal, proporcion\u00e1ndoles informaci\u00f3n, v\u00edveres y recursos. Despu\u00e9s de ser detenida y encarcelada en tres ocasiones, fue fusilada en 1817.<\/p>\n\n\n\n<p class=\"has-medium-font-size\">&#8220;\u00bfPor qu\u00e9 tan obstinada persecuci\u00f3n contra m\u00ed? Tengo derecho a hacer cuanto pueda en favor de mi patria, porque soy mexicana. No creo cometer ninguna falta con mi conducta, sino cumplir con mi deber&#8221;, fueron las palabras que pronunci\u00f3 antes de morir.<\/p>\n\n\n\n<p class=\"has-large-font-size\">Los Guadalupes<\/p>\n\n\n\n<p class=\"has-medium-font-size\">En este grupo, adem\u00e1s de hombres, participaron mujeres que lucharon por la Independencia de la Nueva Espa\u00f1a. Leona Vicario y Mariana Rodr\u00edguez, entre otras, fueron miembros de Los Guadalupes, el cual se mantuvo vivo desde 1908 hasta 1821, que triunf\u00f3 el movimiento independentista.<\/p>\n","protected":false},"excerpt":{"rendered":"<p>La \u2018G\u00fcera Rodr\u00edguez\u2019 y Mariana Rodr\u00edguez del Toro son otros nombres de mujeres que desafiaron&#8230;<\/p>\n","protected":false},"author":4,"featured_media":32299,"comment_status":"closed","ping_status":"closed","sticky":false,"template":"","format":"standard","meta":{"footnotes":""},"categories":[4],"tags":[],"class_list":["post-32298","post","type-post","status-publish","format-standard","has-post-thumbnail","hentry","category-noticias-del-dia"],"_links":{"self":[{"href":"https:\/\/bambapolitica.com.mx\/index.php\/wp-json\/wp\/v2\/posts\/32298","targetHints":{"allow":["GET"]}}],"collection":[{"href":"https:\/\/bambapolitica.com.mx\/index.php\/wp-json\/wp\/v2\/posts"}],"about":[{"href":"https:\/\/bambapolitica.com.mx\/index.php\/wp-json\/wp\/v2\/types\/post"}],"author":[{"embeddable":true,"href":"https:\/\/bambapolitica.com.mx\/index.php\/wp-json\/wp\/v2\/users\/4"}],"replies":[{"embeddable":true,"href":"https:\/\/bambapolitica.com.mx\/index.php\/wp-json\/wp\/v2\/comments?post=32298"}],"version-history":[{"count":1,"href":"https:\/\/bambapolitica.com.mx\/index.php\/wp-json\/wp\/v2\/posts\/32298\/revisions"}],"predecessor-version":[{"id":32300,"href":"https:\/\/bambapolitica.com.mx\/index.php\/wp-json\/wp\/v2\/posts\/32298\/revisions\/32300"}],"wp:featuredmedia":[{"embeddable":true,"href":"https:\/\/bambapolitica.com.mx\/index.php\/wp-json\/wp\/v2\/media\/32299"}],"wp:attachment":[{"href":"https:\/\/bambapolitica.com.mx\/index.php\/wp-json\/wp\/v2\/media?parent=32298"}],"wp:term":[{"taxonomy":"category","embeddable":true,"href":"https:\/\/bambapolitica.com.mx\/index.php\/wp-json\/wp\/v2\/categories?post=32298"},{"taxonomy":"post_tag","embeddable":true,"href":"https:\/\/bambapolitica.com.mx\/index.php\/wp-json\/wp\/v2\/tags?post=32298"}],"curies":[{"name":"wp","href":"https:\/\/api.w.org\/{rel}","templated":true}]}}