{"id":32316,"date":"2021-09-14T18:27:42","date_gmt":"2021-09-15T00:27:42","guid":{"rendered":"http:\/\/bambapolitica.com.mx\/?p=32316"},"modified":"2021-09-14T18:27:44","modified_gmt":"2021-09-15T00:27:44","slug":"fge-fabrica-de-culpables-en-veracruz-pri","status":"publish","type":"post","link":"https:\/\/bambapolitica.com.mx\/index.php\/2021\/09\/14\/fge-fabrica-de-culpables-en-veracruz-pri\/","title":{"rendered":"FGE fabrica de culpables en Veracruz: PRI"},"content":{"rendered":"\n<p class=\"has-medium-font-size\"><strong>FGE fabrica de culpables!!!<\/strong><\/p>\n\n\n\n<p class=\"has-medium-font-size\"><strong>\u201cDe la nada\u201d apareci\u00f3 un culpable del asesinato de Juan Carlos Molina: PRI<\/strong><\/p>\n\n\n\n<p class=\"has-medium-font-size\">**Jorge Moreno Salinas demand\u00f3 a la Fiscal\u00eda sustentar bien el caso por el homicidio de su compa\u00f1ero.<\/p>\n\n\n\n<figure class=\"wp-block-gallery aligncenter columns-1 is-cropped wp-block-gallery-1 is-layout-flex wp-block-gallery-is-layout-flex\"><ul class=\"blocks-gallery-grid\"><li class=\"blocks-gallery-item\"><figure><img loading=\"lazy\" decoding=\"async\" width=\"700\" height=\"454\" src=\"https:\/\/bambapolitica.com.mx\/wp-content\/uploads\/2021\/09\/1-4.png\" alt=\"\" data-id=\"32332\" data-full-url=\"https:\/\/bambapolitica.com.mx\/wp-content\/uploads\/2021\/09\/1-4.png\" data-link=\"https:\/\/bambapolitica.com.mx\/?attachment_id=32332\" class=\"wp-image-32332\" srcset=\"https:\/\/bambapolitica.com.mx\/wp-content\/uploads\/2021\/09\/1-4.png 700w, https:\/\/bambapolitica.com.mx\/wp-content\/uploads\/2021\/09\/1-4-300x195.png 300w, https:\/\/bambapolitica.com.mx\/wp-content\/uploads\/2021\/09\/1-4-225x146.png 225w, https:\/\/bambapolitica.com.mx\/wp-content\/uploads\/2021\/09\/1-4-50x32.png 50w, https:\/\/bambapolitica.com.mx\/wp-content\/uploads\/2021\/09\/1-4-116x75.png 116w\" sizes=\"auto, (max-width: 700px) 100vw, 700px\" \/><\/figure><\/li><li class=\"blocks-gallery-item\"><figure><img loading=\"lazy\" decoding=\"async\" width=\"1024\" height=\"682\" src=\"https:\/\/bambapolitica.com.mx\/wp-content\/uploads\/2021\/09\/2-11-1024x682.jpg\" alt=\"\" data-id=\"32334\" data-full-url=\"https:\/\/bambapolitica.com.mx\/wp-content\/uploads\/2021\/09\/2-11.jpg\" data-link=\"https:\/\/bambapolitica.com.mx\/?attachment_id=32334\" class=\"wp-image-32334\" srcset=\"https:\/\/bambapolitica.com.mx\/wp-content\/uploads\/2021\/09\/2-11-1024x682.jpg 1024w, https:\/\/bambapolitica.com.mx\/wp-content\/uploads\/2021\/09\/2-11-300x200.jpg 300w, https:\/\/bambapolitica.com.mx\/wp-content\/uploads\/2021\/09\/2-11-768x512.jpg 768w, https:\/\/bambapolitica.com.mx\/wp-content\/uploads\/2021\/09\/2-11-219x146.jpg 219w, https:\/\/bambapolitica.com.mx\/wp-content\/uploads\/2021\/09\/2-11-50x33.jpg 50w, https:\/\/bambapolitica.com.mx\/wp-content\/uploads\/2021\/09\/2-11-113x75.jpg 113w, https:\/\/bambapolitica.com.mx\/wp-content\/uploads\/2021\/09\/2-11.jpg 1280w\" sizes=\"auto, (max-width: 1024px) 100vw, 1024px\" \/><\/figure><\/li><li class=\"blocks-gallery-item\"><figure><img loading=\"lazy\" decoding=\"async\" width=\"690\" height=\"461\" src=\"https:\/\/bambapolitica.com.mx\/wp-content\/uploads\/2021\/09\/3-1.jpeg\" alt=\"\" data-id=\"32336\" data-full-url=\"https:\/\/bambapolitica.com.mx\/wp-content\/uploads\/2021\/09\/3-1.jpeg\" data-link=\"https:\/\/bambapolitica.com.mx\/?attachment_id=32336\" class=\"wp-image-32336\" srcset=\"https:\/\/bambapolitica.com.mx\/wp-content\/uploads\/2021\/09\/3-1.jpeg 690w, https:\/\/bambapolitica.com.mx\/wp-content\/uploads\/2021\/09\/3-1-300x200.jpeg 300w, https:\/\/bambapolitica.com.mx\/wp-content\/uploads\/2021\/09\/3-1-219x146.jpeg 219w, https:\/\/bambapolitica.com.mx\/wp-content\/uploads\/2021\/09\/3-1-50x33.jpeg 50w, https:\/\/bambapolitica.com.mx\/wp-content\/uploads\/2021\/09\/3-1-112x75.jpeg 112w\" sizes=\"auto, (max-width: 690px) 100vw, 690px\" \/><\/figure><\/li><\/ul><\/figure>\n\n\n\n<p class=\"has-medium-font-size\">**En d\u00edas pasados un Juez Federal tumb\u00f3 el circo y el montaje armado por Ver\u00f3nica Hern\u00e1ndez Giad\u00e1ns.<\/p>\n\n\n\n<p class=\"has-medium-font-size\"><strong>Xalapa, Ver. 14 septiembre 2021.-<\/strong>\u00a0El diputado local del PRI Jorge Moreno Salinas, pidi\u00f3 la \u201caplicaci\u00f3n objetiva de la ley\u201d en el caso del homicidio del exdiputado priista Juan Carlos Molina Palacios, tras conocerse que la Fiscal\u00eda General del Estado (FGE) no pudo acreditar la participaci\u00f3n en los hechos de la persona detenida y se\u00f1alada como responsable del homicidio.\u00a0<\/p>\n\n\n\n<p class=\"has-medium-font-size\">Cabe recordar que hace algunas semanas se dio a conocer que el presunto responsable de la muerte del diputado priista, ocurrida en 2019, ser\u00eda acusado de cargos que nada tienen que ver con el hecho que constern\u00f3 a la sociedad veracruzana, pues la FGE no present\u00f3 pruebas contundentes y ahora lo quieren retener en prisi\u00f3n por &#8220;otros&#8221; delitos diferentes a los del homicidio de Molina Palacios.<\/p>\n\n\n\n<p class=\"has-medium-font-size\">\u00a0\u201cQue comprueben bien que \u00e9l es el responsable y que se le castigue conforme a la ley si hay indicios, por que nada m\u00e1s lo aparecieron de la nada y le fincaron su presunta culpabilidad que ahora est\u00e1 en entre dicho por un Juez Federal\u201d, se\u00f1al\u00f3 el legislador.\u00a0<\/p>\n\n\n\n<p class=\"has-medium-font-size\">Agreg\u00f3 que si bien el detenido y su familia argumentan la debida presunci\u00f3n de inocencia, lo deseable es que haya objetividad en las indagatorias para confirmar o descartar este principio.\u00a0\u201cQue haya una aplicaci\u00f3n objetiva de la ley, que no se fabriquen culpables para salir del paso, debe de llevarse a un responsable ante la ley por el homicidio de nuestro compa\u00f1ero Diputado\u201d, pidi\u00f3.\u00a0<\/p>\n\n\n\n<p class=\"has-medium-font-size\">Moreno Salinas sentenci\u00f3 que si esta persona tiene pendientes otras penas con la ley, tambi\u00e9n por esos delitos debe ser castigado, pero insisti\u00f3 que por lo visto no es el responsable de la muerte de Molina Palacios como ya lo dej\u00f3 claro un Juez Federal que tir\u00f3 el proceso legal que ten\u00eda la FGE en su contra.\u00a0<\/p>\n\n\n\n<p class=\"has-medium-font-size\">Hace unas semanas, familiares de Itiel Palacios, denunciaron la existencia de m\u00faltiples irregularidades y persecuci\u00f3n pol\u00edtica por parte de la FGE de Veracruz en este asunto, pues pese a la falta de pruebas en el asesinato de Molina Palacios se busca mantenerlo en prisi\u00f3n ahora por &#8220;otros delitos&#8221;.\u00a0<\/p>\n\n\n\n<p class=\"has-medium-font-size\">Al respecto, el abogado defensor Emmanuel Guzm\u00e1n explic\u00f3 que su cliente fue recluido de manera arbitraria en un penal federal en el estado de Oaxaca, sin embargo un juez determin\u00f3 revocar el acto de vinculaci\u00f3n al considerar que existieron m\u00faltiples irregularidades en el proceso, pero tras ser liberado, elementos ministeriales de la FGE de Veracruz ejecutaron una nueva orden de aprehensi\u00f3n en su contra ahora por dos &#8220;supuestos&#8221; homicidios ocurridos en 2018 y de los cuales afirmaron tampoco hay elementos para acreditar su participaci\u00f3n.<\/p>\n","protected":false},"excerpt":{"rendered":"<p>FGE fabrica de culpables!!! \u201cDe la nada\u201d apareci\u00f3 un culpable del asesinato de Juan Carlos&#8230;<\/p>\n","protected":false},"author":4,"featured_media":32330,"comment_status":"closed","ping_status":"closed","sticky":false,"template":"","format":"standard","meta":{"footnotes":""},"categories":[4],"tags":[],"class_list":["post-32316","post","type-post","status-publish","format-standard","has-post-thumbnail","hentry","category-noticias-del-dia"],"_links":{"self":[{"href":"https:\/\/bambapolitica.com.mx\/index.php\/wp-json\/wp\/v2\/posts\/32316","targetHints":{"allow":["GET"]}}],"collection":[{"href":"https:\/\/bambapolitica.com.mx\/index.php\/wp-json\/wp\/v2\/posts"}],"about":[{"href":"https:\/\/bambapolitica.com.mx\/index.php\/wp-json\/wp\/v2\/types\/post"}],"author":[{"embeddable":true,"href":"https:\/\/bambapolitica.com.mx\/index.php\/wp-json\/wp\/v2\/users\/4"}],"replies":[{"embeddable":true,"href":"https:\/\/bambapolitica.com.mx\/index.php\/wp-json\/wp\/v2\/comments?post=32316"}],"version-history":[{"count":1,"href":"https:\/\/bambapolitica.com.mx\/index.php\/wp-json\/wp\/v2\/posts\/32316\/revisions"}],"predecessor-version":[{"id":32337,"href":"https:\/\/bambapolitica.com.mx\/index.php\/wp-json\/wp\/v2\/posts\/32316\/revisions\/32337"}],"wp:featuredmedia":[{"embeddable":true,"href":"https:\/\/bambapolitica.com.mx\/index.php\/wp-json\/wp\/v2\/media\/32330"}],"wp:attachment":[{"href":"https:\/\/bambapolitica.com.mx\/index.php\/wp-json\/wp\/v2\/media?parent=32316"}],"wp:term":[{"taxonomy":"category","embeddable":true,"href":"https:\/\/bambapolitica.com.mx\/index.php\/wp-json\/wp\/v2\/categories?post=32316"},{"taxonomy":"post_tag","embeddable":true,"href":"https:\/\/bambapolitica.com.mx\/index.php\/wp-json\/wp\/v2\/tags?post=32316"}],"curies":[{"name":"wp","href":"https:\/\/api.w.org\/{rel}","templated":true}]}}