{"id":32515,"date":"2021-09-16T09:32:04","date_gmt":"2021-09-16T15:32:04","guid":{"rendered":"http:\/\/bambapolitica.com.mx\/?p=32515"},"modified":"2021-09-16T09:32:05","modified_gmt":"2021-09-16T15:32:05","slug":"dif-estatal-veracruz-sin-dinero","status":"publish","type":"post","link":"https:\/\/bambapolitica.com.mx\/index.php\/2021\/09\/16\/dif-estatal-veracruz-sin-dinero\/","title":{"rendered":"DIF Estatal Veracruz sin dinero!!!"},"content":{"rendered":"\n<p class=\"has-medium-font-size\"><strong>Gracias a Cuitl\u00e1huac Garc\u00eda!!!<\/strong><\/p>\n\n\n\n<p class=\"has-medium-font-size\"><strong>DIF Estatal de Veracruz sin dinero para atender a los veracruzanos: Directora<\/strong><\/p>\n\n\n\n<p class=\"has-medium-font-size\"><strong>Xalapa, Ver. 16 septiembre 2021.<\/strong><\/p>\n\n\n\n<p class=\"has-medium-font-size\">La directora del DIF Estatal de Veracruz, Rebeca Quintanar Barcel\u00f3 reconoci\u00f3 que el Estado no tiene un fondo para poder atender alguna emergencia, por lo que se requiere de las donaciones de los ciudadanos y de lo que mande la Federaci\u00f3n para atender las afectaciones por fen\u00f3menos meteorol\u00f3gicos, as\u00ed como llevar colchonetas y despensas a los afectados.<\/p>\n\n\n\n<p class=\"has-medium-font-size\">La funcionaria estatal tambi\u00e9n reconoci\u00f3 que el DIF s\u00f3lo se encarg\u00f3 de la log\u00edstica y de entregar los alimentos donados por la poblaci\u00f3n a los afectados por el hurac\u00e1n &#8220;Grace&#8221;.<\/p>\n\n\n\n<p class=\"has-medium-font-size\">Quintanar Barcel\u00f3 dijo que la dependencia antes operaba con autonom\u00eda financiera incluso con un &#8220;fideicomiso&#8221; para poder atender de inmediato a la poblaci\u00f3n en situaciones de emergencia o desastres naturales, pero que actualmente ya no cuentan con ello, todo se centraliz\u00f3, por lo que est\u00e1n a expensas de lo que la ciudadan\u00eda les done y de lo que mande la Federaci\u00f3n para poder ayudar a los veracruzanos en desgracia.<\/p>\n","protected":false},"excerpt":{"rendered":"<p>Gracias a Cuitl\u00e1huac Garc\u00eda!!! DIF Estatal de Veracruz sin dinero para atender a los veracruzanos:&#8230;<\/p>\n","protected":false},"author":4,"featured_media":32516,"comment_status":"closed","ping_status":"closed","sticky":false,"template":"","format":"standard","meta":{"footnotes":""},"categories":[4],"tags":[],"class_list":["post-32515","post","type-post","status-publish","format-standard","has-post-thumbnail","hentry","category-noticias-del-dia"],"_links":{"self":[{"href":"https:\/\/bambapolitica.com.mx\/index.php\/wp-json\/wp\/v2\/posts\/32515","targetHints":{"allow":["GET"]}}],"collection":[{"href":"https:\/\/bambapolitica.com.mx\/index.php\/wp-json\/wp\/v2\/posts"}],"about":[{"href":"https:\/\/bambapolitica.com.mx\/index.php\/wp-json\/wp\/v2\/types\/post"}],"author":[{"embeddable":true,"href":"https:\/\/bambapolitica.com.mx\/index.php\/wp-json\/wp\/v2\/users\/4"}],"replies":[{"embeddable":true,"href":"https:\/\/bambapolitica.com.mx\/index.php\/wp-json\/wp\/v2\/comments?post=32515"}],"version-history":[{"count":1,"href":"https:\/\/bambapolitica.com.mx\/index.php\/wp-json\/wp\/v2\/posts\/32515\/revisions"}],"predecessor-version":[{"id":32517,"href":"https:\/\/bambapolitica.com.mx\/index.php\/wp-json\/wp\/v2\/posts\/32515\/revisions\/32517"}],"wp:featuredmedia":[{"embeddable":true,"href":"https:\/\/bambapolitica.com.mx\/index.php\/wp-json\/wp\/v2\/media\/32516"}],"wp:attachment":[{"href":"https:\/\/bambapolitica.com.mx\/index.php\/wp-json\/wp\/v2\/media?parent=32515"}],"wp:term":[{"taxonomy":"category","embeddable":true,"href":"https:\/\/bambapolitica.com.mx\/index.php\/wp-json\/wp\/v2\/categories?post=32515"},{"taxonomy":"post_tag","embeddable":true,"href":"https:\/\/bambapolitica.com.mx\/index.php\/wp-json\/wp\/v2\/tags?post=32515"}],"curies":[{"name":"wp","href":"https:\/\/api.w.org\/{rel}","templated":true}]}}