{"id":32624,"date":"2021-09-17T10:39:47","date_gmt":"2021-09-17T16:39:47","guid":{"rendered":"http:\/\/bambapolitica.com.mx\/?p=32624"},"modified":"2021-09-17T10:39:48","modified_gmt":"2021-09-17T16:39:48","slug":"popocatepetl-registra-explosion-lanza-fragmentos-incandescentes","status":"publish","type":"post","link":"https:\/\/bambapolitica.com.mx\/index.php\/2021\/09\/17\/popocatepetl-registra-explosion-lanza-fragmentos-incandescentes\/","title":{"rendered":"Popocat\u00e9petl registra explosi\u00f3n; lanza fragmentos incandescentes"},"content":{"rendered":"\n<p class=\"has-medium-font-size\">El volc\u00e1n lanz\u00f3 fragmentos incandescentes sobre las laderas y gener\u00f3 una columna de vapor, gases y bajo contenido de ceniza.<\/p>\n\n\n\n<p class=\"has-medium-font-size\"><strong>E<\/strong>l volc\u00e1n Popocat\u00e9petl registr\u00f3 una explosi\u00f3n a las 03:33 horas,&nbsp;lanz\u00f3 fragmentos incandescentes sobre las laderas y gener\u00f3 una columna de vapor, gases y bajo contenido de ceniza con 3,000 metros de altura.<\/p>\n\n\n\n<p class=\"has-medium-font-size\">La emisi\u00f3n se dispers\u00f3 hacia el oeste.<\/p>\n\n\n\n<p class=\"has-medium-font-size\">La Coordinaci\u00f3n Nacional de Protecci\u00f3n Civil, indic\u00f3 en su cuenta de Twitter que el sem\u00e1foro de alerta se encuentra en Amarillo Fase 2.<\/p>\n\n\n\n<p class=\"has-medium-font-size\">Exhort\u00f3 a la poblaci\u00f3n a NO acercarse al volc\u00e1n.<\/p>\n\n\n\n<figure class=\"wp-block-embed-twitter wp-block-embed is-type-rich is-provider-twitter\"><div class=\"wp-block-embed__wrapper\">\n<blockquote class=\"twitter-tweet\" data-width=\"550\" data-dnt=\"true\"><p lang=\"es\" dir=\"ltr\">\ud83c\udf0bMonitoreo <a href=\"https:\/\/twitter.com\/hashtag\/Popocat%C3%A9petl?src=hash&amp;ref_src=twsrc%5Etfw\">#Popocat\u00e9petl<\/a> | A las 03:33 h, se detect\u00f3 una <a href=\"https:\/\/twitter.com\/hashtag\/explosi%C3%B3n?src=hash&amp;ref_src=twsrc%5Etfw\">#explosi\u00f3n<\/a> que gener\u00f3 una columna de vapor, gases y bajo contenido de ceniza con 3,000 m de altura.<br> <br>\u2666\ufe0f Se observaron fragmentos incandescentes sobre las laderas del <a href=\"https:\/\/twitter.com\/hashtag\/volc%C3%A1n?src=hash&amp;ref_src=twsrc%5Etfw\">#volc\u00e1n<\/a>. <br><br>1\/2 <a href=\"https:\/\/t.co\/cM24uiwzli\">pic.twitter.com\/cM24uiwzli<\/a><\/p>&mdash; Coordinaci\u00f3n Nacional de Protecci\u00f3n Civil (@CNPC_MX) <a href=\"https:\/\/twitter.com\/CNPC_MX\/status\/1438788260503896064?ref_src=twsrc%5Etfw\">September 17, 2021<\/a><\/blockquote><script async src=\"https:\/\/platform.twitter.com\/widgets.js\" charset=\"utf-8\"><\/script>\n<\/div><\/figure>\n\n\n\n<p>Tras la actividad del volc\u00e1n, la Secretar\u00eda de Gesti\u00f3n Integral de Riesgos y Protecci\u00f3n Civil, alert\u00f3 sobre la posible ca\u00edda de ceniza en cinco alcald\u00edas de la Ciudad de M\u00e9xico, por lo que llam\u00f3 a la ciudadan\u00eda a seguir las siguientes recomendaciones:&nbsp;<\/p>\n\n\n\n<ul class=\"wp-block-list\"><li>Cubrir\u00a0boca y nariz con pa\u00f1uelo o cubrebocas<\/li><li>Limpia tus ojos y\/o garganta con agua pura<\/li><li>Usa lentes de armaz\u00f3n, evita los lentes de contacto para reducir irritaciones oculares<\/li><li>Permanece atento a la informaci\u00f3n de la SGIRPC sobre el sistema de alerta temprana multi riesgos.\u00a0\u00a0<\/li><\/ul>\n\n\n\n<figure class=\"wp-block-embed-twitter wp-block-embed is-type-rich is-provider-twitter\"><div class=\"wp-block-embed__wrapper\">\n<blockquote class=\"twitter-tweet\" data-width=\"550\" data-dnt=\"true\"><p lang=\"es\" dir=\"ltr\">Debido a la reciente actividad del volc\u00e1n <a href=\"https:\/\/twitter.com\/hashtag\/Popocat%C3%A9petl?src=hash&amp;ref_src=twsrc%5Etfw\">#Popocat\u00e9petl<\/a>, no se descarta ca\u00edda de <a href=\"https:\/\/twitter.com\/hashtag\/ceniza?src=hash&amp;ref_src=twsrc%5Etfw\">#ceniza<\/a> en <a href=\"https:\/\/twitter.com\/ALaMagdalenaC?ref_src=twsrc%5Etfw\">@ALaMagdalenaC<\/a>, <a href=\"https:\/\/twitter.com\/GobMilpaAlta?ref_src=twsrc%5Etfw\">@GobMilpaAlta<\/a>, <a href=\"https:\/\/twitter.com\/Alc_Tlahuac?ref_src=twsrc%5Etfw\">@Alc_Tlahuac<\/a>, <a href=\"https:\/\/twitter.com\/TlalpanAl?ref_src=twsrc%5Etfw\">@TlalpanAl<\/a> y <a href=\"https:\/\/twitter.com\/Xochimilco?ref_src=twsrc%5Etfw\">@Xochimilco<\/a>.<br><br>Sigue nuestras recomendaciones y mantente informado. <a href=\"https:\/\/twitter.com\/hashtag\/LaPrevenci%C3%B3nEsNuestraFuerza?src=hash&amp;ref_src=twsrc%5Etfw\">#LaPrevenci\u00f3nEsNuestraFuerza<\/a> <a href=\"https:\/\/t.co\/uTcNlwUt1w\">pic.twitter.com\/uTcNlwUt1w<\/a><\/p>&mdash; Secretar\u00eda de Gesti\u00f3n Integral de Riesgos y PC (@SGIRPC_CDMX) <a href=\"https:\/\/twitter.com\/SGIRPC_CDMX\/status\/1438842712824983554?ref_src=twsrc%5Etfw\">September 17, 2021<\/a><\/blockquote><script async src=\"https:\/\/platform.twitter.com\/widgets.js\" charset=\"utf-8\"><\/script>\n<\/div><\/figure>\n","protected":false},"excerpt":{"rendered":"<p>El volc\u00e1n lanz\u00f3 fragmentos incandescentes sobre las laderas y gener\u00f3 una columna de vapor, gases&#8230;<\/p>\n","protected":false},"author":4,"featured_media":32625,"comment_status":"closed","ping_status":"closed","sticky":false,"template":"","format":"standard","meta":{"footnotes":""},"categories":[4],"tags":[],"class_list":["post-32624","post","type-post","status-publish","format-standard","has-post-thumbnail","hentry","category-noticias-del-dia"],"_links":{"self":[{"href":"https:\/\/bambapolitica.com.mx\/index.php\/wp-json\/wp\/v2\/posts\/32624","targetHints":{"allow":["GET"]}}],"collection":[{"href":"https:\/\/bambapolitica.com.mx\/index.php\/wp-json\/wp\/v2\/posts"}],"about":[{"href":"https:\/\/bambapolitica.com.mx\/index.php\/wp-json\/wp\/v2\/types\/post"}],"author":[{"embeddable":true,"href":"https:\/\/bambapolitica.com.mx\/index.php\/wp-json\/wp\/v2\/users\/4"}],"replies":[{"embeddable":true,"href":"https:\/\/bambapolitica.com.mx\/index.php\/wp-json\/wp\/v2\/comments?post=32624"}],"version-history":[{"count":1,"href":"https:\/\/bambapolitica.com.mx\/index.php\/wp-json\/wp\/v2\/posts\/32624\/revisions"}],"predecessor-version":[{"id":32626,"href":"https:\/\/bambapolitica.com.mx\/index.php\/wp-json\/wp\/v2\/posts\/32624\/revisions\/32626"}],"wp:featuredmedia":[{"embeddable":true,"href":"https:\/\/bambapolitica.com.mx\/index.php\/wp-json\/wp\/v2\/media\/32625"}],"wp:attachment":[{"href":"https:\/\/bambapolitica.com.mx\/index.php\/wp-json\/wp\/v2\/media?parent=32624"}],"wp:term":[{"taxonomy":"category","embeddable":true,"href":"https:\/\/bambapolitica.com.mx\/index.php\/wp-json\/wp\/v2\/categories?post=32624"},{"taxonomy":"post_tag","embeddable":true,"href":"https:\/\/bambapolitica.com.mx\/index.php\/wp-json\/wp\/v2\/tags?post=32624"}],"curies":[{"name":"wp","href":"https:\/\/api.w.org\/{rel}","templated":true}]}}