{"id":33259,"date":"2021-09-27T10:43:54","date_gmt":"2021-09-27T16:43:54","guid":{"rendered":"http:\/\/bambapolitica.com.mx\/?p=33259"},"modified":"2021-09-27T11:30:30","modified_gmt":"2021-09-27T17:30:30","slug":"aprueba-consejo-estatal-del-pan-la-integracion-de-la-comision-organizadora-para-proceso-interno","status":"publish","type":"post","link":"https:\/\/bambapolitica.com.mx\/index.php\/2021\/09\/27\/aprueba-consejo-estatal-del-pan-la-integracion-de-la-comision-organizadora-para-proceso-interno\/","title":{"rendered":"Aprueba Consejo Estatal del PAN la integraci\u00f3n de la Comisi\u00f3n Organizadora para proceso interno"},"content":{"rendered":"\n<p class=\"has-medium-font-size\">El Consejo Estatal del PAN en Veracruz aprob\u00f3 por unanimidad la integraci\u00f3n de la Comisi\u00f3n Organizadora, encargada de llevar el proceso interno para la elecci\u00f3n de la dirigencia e integraci\u00f3n del Comit\u00e9 Directivo Estatal en la entidad.<\/p>\n\n\n\n<figure class=\"wp-block-gallery aligncenter columns-1 is-cropped wp-block-gallery-1 is-layout-flex wp-block-gallery-is-layout-flex\"><ul class=\"blocks-gallery-grid\"><li class=\"blocks-gallery-item\"><figure><img loading=\"lazy\" decoding=\"async\" width=\"960\" height=\"639\" src=\"https:\/\/bambapolitica.com.mx\/wp-content\/uploads\/2021\/09\/12-2.jpg\" alt=\"\" data-id=\"33262\" data-full-url=\"https:\/\/bambapolitica.com.mx\/wp-content\/uploads\/2021\/09\/12-2.jpg\" data-link=\"https:\/\/bambapolitica.com.mx\/?attachment_id=33262\" class=\"wp-image-33262\" srcset=\"https:\/\/bambapolitica.com.mx\/wp-content\/uploads\/2021\/09\/12-2.jpg 960w, https:\/\/bambapolitica.com.mx\/wp-content\/uploads\/2021\/09\/12-2-300x200.jpg 300w, https:\/\/bambapolitica.com.mx\/wp-content\/uploads\/2021\/09\/12-2-768x511.jpg 768w, https:\/\/bambapolitica.com.mx\/wp-content\/uploads\/2021\/09\/12-2-219x146.jpg 219w, https:\/\/bambapolitica.com.mx\/wp-content\/uploads\/2021\/09\/12-2-50x33.jpg 50w, https:\/\/bambapolitica.com.mx\/wp-content\/uploads\/2021\/09\/12-2-113x75.jpg 113w\" sizes=\"auto, (max-width: 960px) 100vw, 960px\" \/><\/figure><\/li><li class=\"blocks-gallery-item\"><figure><img loading=\"lazy\" decoding=\"async\" width=\"960\" height=\"720\" src=\"https:\/\/bambapolitica.com.mx\/wp-content\/uploads\/2021\/09\/13-1.jpg\" alt=\"\" data-id=\"33264\" data-full-url=\"https:\/\/bambapolitica.com.mx\/wp-content\/uploads\/2021\/09\/13-1.jpg\" data-link=\"https:\/\/bambapolitica.com.mx\/?attachment_id=33264\" class=\"wp-image-33264\" srcset=\"https:\/\/bambapolitica.com.mx\/wp-content\/uploads\/2021\/09\/13-1.jpg 960w, https:\/\/bambapolitica.com.mx\/wp-content\/uploads\/2021\/09\/13-1-300x225.jpg 300w, https:\/\/bambapolitica.com.mx\/wp-content\/uploads\/2021\/09\/13-1-768x576.jpg 768w, https:\/\/bambapolitica.com.mx\/wp-content\/uploads\/2021\/09\/13-1-195x146.jpg 195w, https:\/\/bambapolitica.com.mx\/wp-content\/uploads\/2021\/09\/13-1-50x38.jpg 50w, https:\/\/bambapolitica.com.mx\/wp-content\/uploads\/2021\/09\/13-1-100x75.jpg 100w\" sizes=\"auto, (max-width: 960px) 100vw, 960px\" \/><\/figure><\/li><li class=\"blocks-gallery-item\"><figure><img loading=\"lazy\" decoding=\"async\" width=\"960\" height=\"525\" src=\"https:\/\/bambapolitica.com.mx\/wp-content\/uploads\/2021\/09\/15-1.jpg\" alt=\"\" data-id=\"33266\" data-full-url=\"https:\/\/bambapolitica.com.mx\/wp-content\/uploads\/2021\/09\/15-1.jpg\" data-link=\"https:\/\/bambapolitica.com.mx\/?attachment_id=33266\" class=\"wp-image-33266\" srcset=\"https:\/\/bambapolitica.com.mx\/wp-content\/uploads\/2021\/09\/15-1.jpg 960w, https:\/\/bambapolitica.com.mx\/wp-content\/uploads\/2021\/09\/15-1-300x164.jpg 300w, https:\/\/bambapolitica.com.mx\/wp-content\/uploads\/2021\/09\/15-1-768x420.jpg 768w, https:\/\/bambapolitica.com.mx\/wp-content\/uploads\/2021\/09\/15-1-260x142.jpg 260w, https:\/\/bambapolitica.com.mx\/wp-content\/uploads\/2021\/09\/15-1-50x27.jpg 50w, https:\/\/bambapolitica.com.mx\/wp-content\/uploads\/2021\/09\/15-1-137x75.jpg 137w\" sizes=\"auto, (max-width: 960px) 100vw, 960px\" \/><\/figure><\/li><li class=\"blocks-gallery-item\"><figure><img loading=\"lazy\" decoding=\"async\" width=\"539\" height=\"960\" src=\"https:\/\/bambapolitica.com.mx\/wp-content\/uploads\/2021\/09\/17-1.jpg\" alt=\"\" data-id=\"33268\" data-full-url=\"https:\/\/bambapolitica.com.mx\/wp-content\/uploads\/2021\/09\/17-1.jpg\" data-link=\"https:\/\/bambapolitica.com.mx\/?attachment_id=33268\" class=\"wp-image-33268\" srcset=\"https:\/\/bambapolitica.com.mx\/wp-content\/uploads\/2021\/09\/17-1.jpg 539w, https:\/\/bambapolitica.com.mx\/wp-content\/uploads\/2021\/09\/17-1-168x300.jpg 168w, https:\/\/bambapolitica.com.mx\/wp-content\/uploads\/2021\/09\/17-1-82x146.jpg 82w, https:\/\/bambapolitica.com.mx\/wp-content\/uploads\/2021\/09\/17-1-28x50.jpg 28w, https:\/\/bambapolitica.com.mx\/wp-content\/uploads\/2021\/09\/17-1-42x75.jpg 42w\" sizes=\"auto, (max-width: 539px) 100vw, 539px\" \/><\/figure><\/li><\/ul><\/figure>\n\n\n\n<p class=\"has-medium-font-size\">La Comisi\u00f3n Organizadora Electoral estar\u00e1 integrada por: Rafael Palacios Silva, Presidente; Eunice Reyes Ruiseco, Alejandro Salas Mart\u00ednez, Karla Paola Magoll\u00e1n Cabrera y Mizraim Eligio Castel\u00e1n Enr\u00edquez.<\/p>\n\n\n\n<p class=\"has-medium-font-size\">Integrantes del Consejo Estatal recordaron que la integraci\u00f3n de la Comisi\u00f3n Organizadora para el proceso interno responde a los tiempos establecidos en la fracci\u00f3n tercera del art\u00edculo 74 de los Estatutos Generales del PAN, que a la letra se\u00f1ala \u201cEl Comit\u00e9 Directivo Estatal se renovar\u00e1n en el segundo semestre del a\u00f1o en que se celebren elecciones ordinarias locales\u201d.<\/p>\n\n\n\n<p class=\"has-medium-font-size\">Por su parte, el Presidente del Consejo Estatal, Joaqu\u00edn Guzm\u00e1n Avil\u00e9s, resalt\u00f3 la importancia de continuar respetando los estatutos para el proceso de renovaci\u00f3n de la dirigencia estatal, y aplicando los principios de doctrina en la vida interna del partido.<\/p>\n\n\n\n<p class=\"has-medium-font-size\">&#8220;Los invito a cerrar filas, no en torno a una persona sino en torno al Partido Acci\u00f3n Nacional. Solamente as\u00ed, juntos, ganaremos&#8221;.<\/p>\n\n\n\n<p class=\"has-medium-font-size\">Victor Manuel Mart\u00ednez Aguilar, Secretario General del Comit\u00e9 Ejecutivo Nacional del PAN, presente en la sesi\u00f3n de Consejo Estatal, indic\u00f3 que el momento hist\u00f3rico que se vive exige la reflexi\u00f3n al interior del PAN para darle a la ciudadan\u00eda una alternativa de cambio, basada en las necesidades del pa\u00eds.<\/p>\n\n\n\n<p class=\"has-medium-font-size\">De igual forma, estuvo presente la notaria p\u00fablica n\u00famero 33, Hortensia Alarc\u00f3n Montero.<\/p>\n","protected":false},"excerpt":{"rendered":"<p>El Consejo Estatal del PAN en Veracruz aprob\u00f3 por unanimidad la integraci\u00f3n de la Comisi\u00f3n&#8230;<\/p>\n","protected":false},"author":4,"featured_media":33260,"comment_status":"closed","ping_status":"closed","sticky":false,"template":"","format":"standard","meta":{"footnotes":""},"categories":[4],"tags":[],"class_list":["post-33259","post","type-post","status-publish","format-standard","has-post-thumbnail","hentry","category-noticias-del-dia"],"_links":{"self":[{"href":"https:\/\/bambapolitica.com.mx\/index.php\/wp-json\/wp\/v2\/posts\/33259","targetHints":{"allow":["GET"]}}],"collection":[{"href":"https:\/\/bambapolitica.com.mx\/index.php\/wp-json\/wp\/v2\/posts"}],"about":[{"href":"https:\/\/bambapolitica.com.mx\/index.php\/wp-json\/wp\/v2\/types\/post"}],"author":[{"embeddable":true,"href":"https:\/\/bambapolitica.com.mx\/index.php\/wp-json\/wp\/v2\/users\/4"}],"replies":[{"embeddable":true,"href":"https:\/\/bambapolitica.com.mx\/index.php\/wp-json\/wp\/v2\/comments?post=33259"}],"version-history":[{"count":2,"href":"https:\/\/bambapolitica.com.mx\/index.php\/wp-json\/wp\/v2\/posts\/33259\/revisions"}],"predecessor-version":[{"id":33281,"href":"https:\/\/bambapolitica.com.mx\/index.php\/wp-json\/wp\/v2\/posts\/33259\/revisions\/33281"}],"wp:featuredmedia":[{"embeddable":true,"href":"https:\/\/bambapolitica.com.mx\/index.php\/wp-json\/wp\/v2\/media\/33260"}],"wp:attachment":[{"href":"https:\/\/bambapolitica.com.mx\/index.php\/wp-json\/wp\/v2\/media?parent=33259"}],"wp:term":[{"taxonomy":"category","embeddable":true,"href":"https:\/\/bambapolitica.com.mx\/index.php\/wp-json\/wp\/v2\/categories?post=33259"},{"taxonomy":"post_tag","embeddable":true,"href":"https:\/\/bambapolitica.com.mx\/index.php\/wp-json\/wp\/v2\/tags?post=33259"}],"curies":[{"name":"wp","href":"https:\/\/api.w.org\/{rel}","templated":true}]}}