{"id":33953,"date":"2021-10-06T09:59:27","date_gmt":"2021-10-06T15:59:27","guid":{"rendered":"http:\/\/bambapolitica.com.mx\/?p=33953"},"modified":"2021-10-06T11:28:11","modified_gmt":"2021-10-06T17:28:11","slug":"miles-de-veracruzanos-sin-acceso-a-servicios-de-salud","status":"publish","type":"post","link":"https:\/\/bambapolitica.com.mx\/index.php\/2021\/10\/06\/miles-de-veracruzanos-sin-acceso-a-servicios-de-salud\/","title":{"rendered":"Miles de veracruzanos sin acceso a servicios de salud"},"content":{"rendered":"\n<p class=\"has-medium-font-size\">Veracruz vive una grave situaci\u00f3n en materia de salud p\u00fablica. Actualmente el n\u00famero de veracruzanos sin acceso a la atenci\u00f3n m\u00e9dica y medicamentos gratuitos es de dos millones 509 mil personas, lo cual representa el 30% del total de la poblaci\u00f3n del Estado. Esto ubica a Veracruz en el tercer lugar entre los estados con mayor carencia en servicios m\u00e9dicos.<\/p>\n\n\n\n<figure class=\"wp-block-image size-large\"><img decoding=\"async\" src=\"https:\/\/bambapolitica.com.mx\/wp-content\/uploads\/2021\/10\/image012.png\" alt=\"\" class=\"wp-image-33959\"\/><\/figure>\n\n\n\n<p class=\"has-medium-font-size\">Esto se debe a que en los \u00faltimos dos a\u00f1os la poblaci\u00f3n sin acceso a los servicios de salud registr\u00f3 un alarmante incremento de un mill\u00f3n 170 mil personas, esto es, un aumento de 89%, pasando de un mill\u00f3n 330 mil personas, a dos millones 509 mil.<\/p>\n\n\n\n<figure class=\"wp-block-image size-large\"><img decoding=\"async\" src=\"https:\/\/bambapolitica.com.mx\/wp-content\/uploads\/2021\/10\/image013.png\" alt=\"\" class=\"wp-image-33957\"\/><\/figure>\n\n\n\n<p class=\"has-medium-font-size\">Este incremento, ubica a Veracruz en el segundo lugar entre los estados que registraron el mayor ascenso, s\u00f3lo superado por el Estado de M\u00e9xico.<\/p>\n\n\n\n<figure class=\"wp-block-image size-large\"><img decoding=\"async\" src=\"https:\/\/bambapolitica.com.mx\/wp-content\/uploads\/2021\/10\/image014.png\" alt=\"\" class=\"wp-image-33954\"\/><\/figure>\n\n\n\n<p class=\"has-medium-font-size\">Adicionalmente es necesario observar que los recientes cambios institucionales en el sector salud han tenido un impacto importante en la poblaci\u00f3n de Veracruz ya que la poblaci\u00f3n que ten\u00eda acceso al Seguro Popular y ahora es atendida por el INSABI (instituto de Salud para el Bienestar) disminuy\u00f3 de 4 millones 197 mil personas, a 3 millones 71 mil en el a\u00f1o 2020. Es decir, un mill\u00f3n 176 mil veracruzanos se quedaron sin servicios de salud en los dos \u00faltimos a\u00f1os.<\/p>\n\n\n\n<figure class=\"wp-block-image size-large\"><img decoding=\"async\" src=\"https:\/\/bambapolitica.com.mx\/wp-content\/uploads\/2021\/10\/image015.png\" alt=\"\" class=\"wp-image-33956\"\/><\/figure>\n\n\n\n<p class=\"has-medium-font-size\">Esta reducci\u00f3n sucedi\u00f3 en todo el pa\u00eds, pero en algunos estados como Veracruz la p\u00e9rdida del acceso a servicios m\u00e9dicos y medicinas fue mayor, por lo que el Estado se ubica en tercer lugar entre los estados donde fue mayor esta p\u00e9rdida, s\u00f3lo superado por el Estado de M\u00e9xico y Jalisco.<\/p>\n\n\n\n<figure class=\"wp-block-image size-large\"><img decoding=\"async\" src=\"https:\/\/bambapolitica.com.mx\/wp-content\/uploads\/2021\/10\/image016.png\" alt=\"\" class=\"wp-image-33955\"\/><\/figure>\n","protected":false},"excerpt":{"rendered":"<p>Veracruz vive una grave situaci\u00f3n en materia de salud p\u00fablica. Actualmente el n\u00famero de veracruzanos&#8230;<\/p>\n","protected":false},"author":4,"featured_media":0,"comment_status":"closed","ping_status":"closed","sticky":false,"template":"","format":"standard","meta":{"footnotes":""},"categories":[4],"tags":[],"class_list":["post-33953","post","type-post","status-publish","format-standard","hentry","category-noticias-del-dia"],"_links":{"self":[{"href":"https:\/\/bambapolitica.com.mx\/index.php\/wp-json\/wp\/v2\/posts\/33953","targetHints":{"allow":["GET"]}}],"collection":[{"href":"https:\/\/bambapolitica.com.mx\/index.php\/wp-json\/wp\/v2\/posts"}],"about":[{"href":"https:\/\/bambapolitica.com.mx\/index.php\/wp-json\/wp\/v2\/types\/post"}],"author":[{"embeddable":true,"href":"https:\/\/bambapolitica.com.mx\/index.php\/wp-json\/wp\/v2\/users\/4"}],"replies":[{"embeddable":true,"href":"https:\/\/bambapolitica.com.mx\/index.php\/wp-json\/wp\/v2\/comments?post=33953"}],"version-history":[{"count":2,"href":"https:\/\/bambapolitica.com.mx\/index.php\/wp-json\/wp\/v2\/posts\/33953\/revisions"}],"predecessor-version":[{"id":34002,"href":"https:\/\/bambapolitica.com.mx\/index.php\/wp-json\/wp\/v2\/posts\/33953\/revisions\/34002"}],"wp:attachment":[{"href":"https:\/\/bambapolitica.com.mx\/index.php\/wp-json\/wp\/v2\/media?parent=33953"}],"wp:term":[{"taxonomy":"category","embeddable":true,"href":"https:\/\/bambapolitica.com.mx\/index.php\/wp-json\/wp\/v2\/categories?post=33953"},{"taxonomy":"post_tag","embeddable":true,"href":"https:\/\/bambapolitica.com.mx\/index.php\/wp-json\/wp\/v2\/tags?post=33953"}],"curies":[{"name":"wp","href":"https:\/\/api.w.org\/{rel}","templated":true}]}}