{"id":34089,"date":"2021-10-08T08:40:07","date_gmt":"2021-10-08T14:40:07","guid":{"rendered":"http:\/\/bambapolitica.com.mx\/?p=34089"},"modified":"2021-10-08T08:59:59","modified_gmt":"2021-10-08T14:59:59","slug":"cuitlahuac-se-agencia-carnaval-2022","status":"publish","type":"post","link":"https:\/\/bambapolitica.com.mx\/index.php\/2021\/10\/08\/cuitlahuac-se-agencia-carnaval-2022\/","title":{"rendered":"Cuitl\u00e1huac se agencia Carnaval 2022!!!"},"content":{"rendered":"\n<p class=\"has-medium-font-size\">\u00bfVaticina acaso la llegada de Exsome?<\/p>\n\n\n\n<p class=\"has-medium-font-size\">Cuitl\u00e1huac Garc\u00eda confirma que si habr\u00e1 Carnaval de Veracruz 2022.<\/p>\n\n\n\n<p class=\"has-medium-font-size\">**Dichos eventos seguro ir\u00e1n a parar a manos del promotor consentido de la 4T, Daniel Ferr\u00e1ez Centeno.<\/p>\n\n\n\n<p class=\"has-medium-font-size\">Xalapa, Ver. 08 octubre 2021.- El gobernador de Veracruz, Cuitl\u00e1huac Garc\u00eda Jim\u00e9nez, confirm\u00f3 que en 2022 se realizar\u00e1 el Carnaval de Veracruz as\u00ed como otros eventos que se suspendieron en el a\u00f1o 2020 y 2021 por motivo de la pandemia del COVID-19. Veracruz-Boca del R\u00edo.<\/p>\n\n\n\n<p class=\"has-medium-font-size\">\u201cVamos a volver a realizar eventos. Va a haber carnaval de Veracruz, cumbre Taj\u00edn, Festival de la Salsa, Festival de Muertos, Festival Afrocaribe\u00f1o, queremos programar para fin de a\u00f1o algunas actividades, ya con foros abiertos&#8221;, dijo.<\/p>\n\n\n\n<p class=\"has-medium-font-size\">Asegur\u00f3 que estas actividades volver\u00e1n tras la suspensi\u00f3n de actos masivos a causa de la pandemia generada por el COVID-19, es necesario que las personas que asisten mantengan la sana distancia, el uso del cubrebocas.<\/p>\n","protected":false},"excerpt":{"rendered":"<p>\u00bfVaticina acaso la llegada de Exsome? Cuitl\u00e1huac Garc\u00eda confirma que si habr\u00e1 Carnaval de Veracruz&#8230;<\/p>\n","protected":false},"author":4,"featured_media":0,"comment_status":"closed","ping_status":"closed","sticky":false,"template":"","format":"standard","meta":{"footnotes":""},"categories":[4],"tags":[],"class_list":["post-34089","post","type-post","status-publish","format-standard","hentry","category-noticias-del-dia"],"_links":{"self":[{"href":"https:\/\/bambapolitica.com.mx\/index.php\/wp-json\/wp\/v2\/posts\/34089","targetHints":{"allow":["GET"]}}],"collection":[{"href":"https:\/\/bambapolitica.com.mx\/index.php\/wp-json\/wp\/v2\/posts"}],"about":[{"href":"https:\/\/bambapolitica.com.mx\/index.php\/wp-json\/wp\/v2\/types\/post"}],"author":[{"embeddable":true,"href":"https:\/\/bambapolitica.com.mx\/index.php\/wp-json\/wp\/v2\/users\/4"}],"replies":[{"embeddable":true,"href":"https:\/\/bambapolitica.com.mx\/index.php\/wp-json\/wp\/v2\/comments?post=34089"}],"version-history":[{"count":2,"href":"https:\/\/bambapolitica.com.mx\/index.php\/wp-json\/wp\/v2\/posts\/34089\/revisions"}],"predecessor-version":[{"id":34093,"href":"https:\/\/bambapolitica.com.mx\/index.php\/wp-json\/wp\/v2\/posts\/34089\/revisions\/34093"}],"wp:attachment":[{"href":"https:\/\/bambapolitica.com.mx\/index.php\/wp-json\/wp\/v2\/media?parent=34089"}],"wp:term":[{"taxonomy":"category","embeddable":true,"href":"https:\/\/bambapolitica.com.mx\/index.php\/wp-json\/wp\/v2\/categories?post=34089"},{"taxonomy":"post_tag","embeddable":true,"href":"https:\/\/bambapolitica.com.mx\/index.php\/wp-json\/wp\/v2\/tags?post=34089"}],"curies":[{"name":"wp","href":"https:\/\/api.w.org\/{rel}","templated":true}]}}