{"id":34648,"date":"2021-10-17T09:58:23","date_gmt":"2021-10-17T15:58:23","guid":{"rendered":"http:\/\/bambapolitica.com.mx\/?p=34648"},"modified":"2021-10-17T10:24:51","modified_gmt":"2021-10-17T16:24:51","slug":"balacera-en-aicm-arrestan-a-los-presuntos-responsables","status":"publish","type":"post","link":"https:\/\/bambapolitica.com.mx\/index.php\/2021\/10\/17\/balacera-en-aicm-arrestan-a-los-presuntos-responsables\/","title":{"rendered":"Balacera en AICM: arrestan a los presuntos responsables"},"content":{"rendered":"\n<p class=\"has-medium-font-size\">El secretario de Seguridad Ciudadana, Omar Garc\u00eda Harfuch, informa de la detenci\u00f3n de cuatro personas presuntamente involucradas en el ataque del viernes.<\/p>\n\n\n\n<p class=\"has-medium-font-size\">El secretario de Seguridad Ciudadana de la Ciudad de M\u00e9xico, Omar Garc\u00eda Harfuch, inform\u00f3 este domingo de la detenci\u00f3n de cuatro personas presuntamente involucradas en el ataque del viernes en el Aeropuerto Internacional de la Ciudad de M\u00e9xico.<\/p>\n\n\n\n<p class=\"has-medium-font-size\">El funcionario indic\u00f3 en Twitter que la dependencia a su cargo, junto con la Fiscal\u00eda capitalina y la Secretar\u00eda de Marina aseguraron a las personas, dos de ellas responsables directas de la agresi\u00f3n.<\/p>\n\n\n\n<p class=\"has-medium-font-size\">La ma\u00f1ana del viernes se registr\u00f3 una balacera en la glorieta de la terminal 2 del aeropuerto. El secretario inform\u00f3 que se trat\u00f3 de una agresi\u00f3n directa contra dos personas que viajaban en una camioneta, quienes resultaron heridos, pero quedaron fuera de peligro.<\/p>\n\n\n\n<p class=\"has-medium-font-size\">Uno de los presuntos delincuentes muri\u00f3 el mismo viernes en un hospital, de acuerdo con el secretario<\/p>\n\n\n\n<figure class=\"wp-block-embed-twitter wp-block-embed is-type-rich is-provider-twitter\"><div class=\"wp-block-embed__wrapper\">\n<blockquote class=\"twitter-tweet\" data-width=\"550\" data-dnt=\"true\"><p lang=\"es\" dir=\"ltr\">En relaci\u00f3n con el ataque a una persona en el AICM el pasado viernes, el d\u00eda de hoy <a href=\"https:\/\/twitter.com\/SEMAR_mx?ref_src=twsrc%5Etfw\">@SEMAR_mx<\/a>, <a href=\"https:\/\/twitter.com\/FiscaliaCDMX?ref_src=twsrc%5Etfw\">@FiscaliaCDMX<\/a> y <a href=\"https:\/\/twitter.com\/SSC_CDMX?ref_src=twsrc%5Etfw\">@SSC_CDMX<\/a> aseguraron a 4 personas, dos de ellas responsables directas de la agresi\u00f3n a las v\u00edctimas en el aeropuerto. <a href=\"https:\/\/t.co\/gEvxvYxdi1\">pic.twitter.com\/gEvxvYxdi1<\/a><\/p>&mdash; Omar H Garcia Harfuch (@OHarfuch) <a href=\"https:\/\/twitter.com\/OHarfuch\/status\/1449751466344951808?ref_src=twsrc%5Etfw\">October 17, 2021<\/a><\/blockquote><script async src=\"https:\/\/platform.twitter.com\/widgets.js\" charset=\"utf-8\"><\/script>\n<\/div><\/figure>\n","protected":false},"excerpt":{"rendered":"<p>El secretario de Seguridad Ciudadana, Omar Garc\u00eda Harfuch, informa de la detenci\u00f3n de cuatro personas&#8230;<\/p>\n","protected":false},"author":4,"featured_media":0,"comment_status":"closed","ping_status":"closed","sticky":false,"template":"","format":"standard","meta":{"footnotes":""},"categories":[4],"tags":[],"class_list":["post-34648","post","type-post","status-publish","format-standard","hentry","category-noticias-del-dia"],"_links":{"self":[{"href":"https:\/\/bambapolitica.com.mx\/index.php\/wp-json\/wp\/v2\/posts\/34648","targetHints":{"allow":["GET"]}}],"collection":[{"href":"https:\/\/bambapolitica.com.mx\/index.php\/wp-json\/wp\/v2\/posts"}],"about":[{"href":"https:\/\/bambapolitica.com.mx\/index.php\/wp-json\/wp\/v2\/types\/post"}],"author":[{"embeddable":true,"href":"https:\/\/bambapolitica.com.mx\/index.php\/wp-json\/wp\/v2\/users\/4"}],"replies":[{"embeddable":true,"href":"https:\/\/bambapolitica.com.mx\/index.php\/wp-json\/wp\/v2\/comments?post=34648"}],"version-history":[{"count":2,"href":"https:\/\/bambapolitica.com.mx\/index.php\/wp-json\/wp\/v2\/posts\/34648\/revisions"}],"predecessor-version":[{"id":34699,"href":"https:\/\/bambapolitica.com.mx\/index.php\/wp-json\/wp\/v2\/posts\/34648\/revisions\/34699"}],"wp:attachment":[{"href":"https:\/\/bambapolitica.com.mx\/index.php\/wp-json\/wp\/v2\/media?parent=34648"}],"wp:term":[{"taxonomy":"category","embeddable":true,"href":"https:\/\/bambapolitica.com.mx\/index.php\/wp-json\/wp\/v2\/categories?post=34648"},{"taxonomy":"post_tag","embeddable":true,"href":"https:\/\/bambapolitica.com.mx\/index.php\/wp-json\/wp\/v2\/tags?post=34648"}],"curies":[{"name":"wp","href":"https:\/\/api.w.org\/{rel}","templated":true}]}}