{"id":34654,"date":"2021-10-17T10:19:18","date_gmt":"2021-10-17T16:19:18","guid":{"rendered":"http:\/\/bambapolitica.com.mx\/?p=34654"},"modified":"2021-10-17T10:19:20","modified_gmt":"2021-10-17T16:19:20","slug":"de-textos-contextos-y-pretextos","status":"publish","type":"post","link":"https:\/\/bambapolitica.com.mx\/index.php\/2021\/10\/17\/de-textos-contextos-y-pretextos\/","title":{"rendered":"\u201cDE TEXTOS, CONTEXTOS Y PRETEXTOS\u201d"},"content":{"rendered":"\n<p class=\"has-medium-font-size\"><strong>RAZ\u00d3N, TES\u00d3N Y CORAZ\u00d3N<\/strong><strong><\/strong><\/p>\n\n\n\n<p class=\"has-medium-font-size\"><strong>Por Alejandro Ru\u00edz Robles<\/strong><\/p>\n\n\n\n<p class=\"has-medium-font-size\"><a><strong><em>\u201cLAS ACCIONES PESAN M\u00c1S QUE LAS PALABRAS.\u201d<\/em><\/strong><\/a>&nbsp;(BOB WELLS)<\/p>\n\n\n\n<p class=\"has-medium-font-size\">Las personas tienden a expresar sus ideas o emociones a trav\u00e9s de las palabras. Lo ideal es que \u00e9stas fomenten la construcci\u00f3n de un di\u00e1logo propositivo para quienes en \u00e9ste participen; sin embargo, esto no es una constante.<\/p>\n\n\n\n<p class=\"has-medium-font-size\">De acuerdo con la capacidad, conocimiento y experiencia de cada persona, ser\u00e1 el uso de la variedad de palabras que utilice en su d\u00eda a d\u00eda; resultando claro que, a menor formaci\u00f3n ser\u00e1n m\u00e1s limitadas sus posibilidades de utilizar variantes.<\/p>\n\n\n\n<p class=\"has-medium-font-size\">No obstante, si bien <strong><em>las palabras por s\u00ed expresan un significado; los hechos ser\u00e1n siempre m\u00e1s elocuentes que los dichos.<\/em><\/strong><\/p>\n\n\n\n<p class=\"has-medium-font-size\"><strong><em>\u201cCUANDO LOS HECHOS HABLAN, LAS PALABRAS NO SON NADA.\u201d<\/em><\/strong>&nbsp;(PIERRE-JOSEPH PROUDHON)<\/p>\n\n\n\n<p class=\"has-medium-font-size\">El valor que reviste la palabra \u00fanicamente cobra importancia cuando coincide con los hechos que se manifiestan. A falta de hechos, el discurso se convierte en vac\u00edo.<\/p>\n\n\n\n<p class=\"has-medium-font-size\">La credibilidad de una persona siempre estar\u00e1 expuesta a la armon\u00eda e identidad que existen entre lo que manifiesta y lo que hace. A falta de coincidencia entre estas acciones, estaremos ante una persona contradictoria y con ello, nunca sabremos a qu\u00e9 atenernos.<\/p>\n\n\n\n<p class=\"has-medium-font-size\"><strong><em>Honrar la palabra con hechos nos mostrar\u00e1 la l\u00f3gica en que vive una persona; ya que, entre el decir y el hacer, la congruencia siempre ser\u00e1 el factor para destacar.<\/em><\/strong><\/p>\n\n\n\n<p class=\"has-medium-font-size\"><strong><em>\u201cLA ESPADA AL CUERPO HIERE, LAS PALABRAS AFILADAS HIEREN A LA MENTE.\u201d<\/em><\/strong>&nbsp;(MENANDER)<\/p>\n\n\n\n<p class=\"has-medium-font-size\">La falta de acciones en una persona usualmente nos muestra el nulo compromiso con su actuar y su decir; ubicando a \u00e9sta en una zona propicia para inferir expresiones distintas a la verdad. Y consecuentemente, la falta de argumentos para defender sus omisiones incidir\u00e1 en una comunicaci\u00f3n sin sustento y propicia para la ofensa a quien as\u00ed lo exhibe.<\/p>\n\n\n\n<p class=\"has-medium-font-size\">A menudo, las personas que no act\u00faan en forma congruente tienden a ver en la mentira un elemento esencial en su comunicaci\u00f3n y lastimosamente, viven una fantas\u00eda que los lleva a una realidad ficticia.<\/p>\n\n\n\n<p class=\"has-medium-font-size\"><strong><em>S\u00f3lo quien respeta sus palabras y sus acciones y se compromete con ellas tendr\u00e1 bases para sustentar una honorabilidad leg\u00edtima en su vida.<\/em><\/strong><\/p>\n\n\n\n<p class=\"has-medium-font-size\"><a><strong><em>\u201cNO DIGAS POCO EN MUCHAS PALABRAS SINO MUCHO EN UNAS POCAS.\u201d<\/em><\/strong><\/a>&nbsp;(PYTHAGORAS)<\/p>\n\n\n\n<p class=\"has-medium-font-size\">La calidad del di\u00e1logo no est\u00e1 en funci\u00f3n a la cantidad de palabras sino a su contenido; de tal manera que conforme lo analizamos, encontraremos el nivel de credibilidad de las personas.<\/p>\n\n\n\n<p class=\"has-medium-font-size\">A falta de argumentos, es com\u00fan que encontremos en el exceso de palabras variantes para disfrazar acciones u omisiones que no corresponden a lo debido de acuerdo con las circunstancias.<\/p>\n\n\n\n<p class=\"has-medium-font-size\"><strong><em>La eficacia y la eficiencia de las palabras est\u00e1n en funci\u00f3n al contenido leg\u00edtimo del di\u00e1logo; no a su alta producci\u00f3n. <\/em><\/strong><strong><em><\/em><\/strong><\/p>\n\n\n\n<p class=\"has-medium-font-size\"><strong><em>\u201cUN MOMENTO DE REFLEXI\u00d3N ES UNA HORA EN PALABRAS.\u201d<\/em><\/strong>&nbsp;(THOMAS HOOD)<\/p>\n\n\n\n<p class=\"has-medium-font-size\">Pensar en lo que vamos a decir debiera ser una regla en nuestro actuar; desafortunadamente, esto no es lo com\u00fan y a menudo, el discurso se confronta con la realidad.<\/p>\n\n\n\n<p class=\"has-medium-font-size\">Los di\u00e1logos que no son pensados pasan a ser una constante que poco a poco se van manifestando en todos los espacios de las personas; desde los sociales hasta los familiares, con el detrimento l\u00f3gico no s\u00f3lo de la honorabilidad de quien en ella interviene sino de la veracidad con que act\u00faa. Mentir es un h\u00e1bito que muestra la falta de seriedad con las convicciones.<\/p>\n\n\n\n<p class=\"has-medium-font-size\"><strong><em>El nulo valor de la comunicaci\u00f3n agota los razonamientos y fomenta las descalificaciones como medida de defensa de la incongruencia.<\/em><\/strong><\/p>\n\n\n\n<p class=\"has-medium-font-size\"><strong><em>\u201cLA PALABRA MA\u00d1ANA SE INVENTO PARA LAS PERSONAS INDECISAS Y PARA LOS NI\u00d1OS.\u201d<\/em><\/strong>&nbsp;(IVAN TURGENEV)<\/p>\n\n\n\n<p class=\"has-medium-font-size\">Junto con las frases vac\u00edas, las mentiras constantes y la incongruencia como com\u00fan denominador, surge la justificaci\u00f3n como h\u00e1bito de vida. Es decir, el \u201csi hubiera\u201d pasa a ser la realidad alterna y con ello, el ins\u00f3lito existir de quien no muestra compromiso con su actuar.<\/p>\n\n\n\n<p class=\"has-medium-font-size\">Las acciones que correspond\u00edan hacer pasan a conjugarse en ese futuro imaginario que no suceder\u00e1 pero que siempre ser\u00e1 la meta de quien no tiene mayor compromiso consigo mismo.<\/p>\n\n\n\n<p class=\"has-medium-font-size\"><strong><em>Quien vive del enga\u00f1o no tiene un presente leg\u00edtimo s\u00f3lo un futuro temerario para s\u00ed y para quien est\u00e1 a su lado.<\/em><\/strong><strong><em><\/em><\/strong><\/p>\n\n\n\n<p class=\"has-medium-font-size\"><strong><em>\u201cEL SILENCIO ES M\u00c1S ELOCUENTE QUE LAS PALABRAS.\u201d<\/em><\/strong>&nbsp;(THOMAS CARLYLE)<\/p>\n\n\n\n<p class=\"has-medium-font-size\">La realidad nos muestra que la producci\u00f3n de palabras en sociedad es una muestra falaz del com\u00fan denominador de la comunicaci\u00f3n. Es usual escuchar la expresi\u00f3n \u201cNo importa lo que digas, s\u00f3lo no te quedes callado\u201d y esto nos lleva a constantes contradicciones que a menudo exacerban las pasiones por la ausencia de contenidos.<\/p>\n\n\n\n<p class=\"has-medium-font-size\">Necesitamos como sociedad dar valor al silencio; en el entendido, que \u00e9ste por si mismo no significa nada. No cometamos el error de entender que esto es un otorgamiento de la raz\u00f3n o algo distinto. Si se califica al silencio que no sea por s\u00ed mismo como un hecho aislado, sino que se haga en relaci\u00f3n con las circunstancias que as\u00ed lo vinculen.<\/p>\n\n\n\n<p class=\"has-medium-font-size\"><strong><em>Callar o hablar s\u00f3lo tendr\u00e1n importancia si se hace con razonamientos leg\u00edtimos y\/o en congruencia con nuestras acciones.<\/em><\/strong><\/p>\n\n\n\n<p class=\"has-medium-font-size\"><strong><em>\u201cTU PALABRA ES TU COMPROMISO.\u201d<\/em><\/strong>&nbsp;(MELVYN DOUGLAS)<\/p>\n\n\n\n<p class=\"has-medium-font-size\">Para conocer a una persona no hay nada m\u00e1s sencillo que escucharlo y ver sus acciones. \u00bfHas pensado de qu\u00e9 manera quieres qu\u00e9 te conozca el mundo?, \u00bfEres congruente entre tus acciones y expresiones verbales o f\u00edsicas?, \u00bfsabes qui\u00e9n eres?<\/p>\n\n\n\n<p class=\"has-medium-font-size\">Todos queremos conocer gente interesante que nos aporte; sin embargo, nunca nos preguntamos si realmente estamos preparados para identificar a estas personas y saberlas escuchar.<\/p>\n\n\n\n<p class=\"has-medium-font-size\">Ya sea por vanidad o ignorancia, al conocer a una persona siempre buscamos ser nosotros los que nos mostremos sin esperar que sean ellos los que nos revelen quienes son. Si nuestras palabras expresan el compromiso con nuestros conocimientos, experiencias y valores y las acciones consecuentes son la ejecuci\u00f3n de nuestros razonamientos; \u00bfno resulta conveniente atender primero a las circunstancias y luego reaccionar a ellas?<\/p>\n\n\n\n<p class=\"has-medium-font-size\"><strong><em>El valor de la interrelaci\u00f3n radica en el equilibrio que le demos a dos acciones que se adec\u00faen con las circunstancias del encuentro: escuchar y hablar.<\/em><\/strong><\/p>\n\n\n\n<p class=\"has-medium-font-size\"><strong><em>\u201cLAS PALABRAS NO CUESTAN MUCHO. SIN EMBARGO, LOGRAN MUCHO.\u201d<\/em><\/strong>&nbsp;(BLAISE PASCAL)<\/p>\n\n\n\n<p class=\"has-medium-font-size\">Cualquiera puede hablar por hablar o actuar sin razonar y en esa medida seremos conocidos, sin mayor compromiso con quien somos. Sin embargo, el esfuerzo por manifestarnos y actuar conforme a nuestro compromiso con la vida nos llevar\u00e1 a trascender en un mundo para el que nos hemos preparado.<\/p>\n\n\n\n<p class=\"has-medium-font-size\">Crear palabras de valor con la convicci\u00f3n de nuestras acciones es definir una forma de vida. Por el contrario, hablar sin comprometernos con nosotros o las circunstancias es vivir justific\u00e1ndonos a cada paso y con ello, a una vida f\u00e1cil con consecuencias dif\u00edciles.<\/p>\n\n\n\n<p class=\"has-medium-font-size\"><strong><em>En tu vida tendr\u00e1s dos palabras que te dar\u00e1n la trascendencia para la que has venido a este mundo: \u201cs\u00ed\u201d al compromiso de ser t\u00fa y \u201cno\u201d a las justificaciones para no serlo.<\/em><\/strong><\/p>\n\n\n\n<p class=\"has-medium-font-size\"><strong><em>\u201cAMOR ES UNA PALABRA MUY GRANDE.\u201d<\/em><\/strong>&nbsp;(TOB\u00cdAS MENZIES)<\/p>\n\n\n\n<p class=\"has-medium-font-size\">Un complemento para la congruencia es el amor, quien se ama se respeta y comparte su amor. Para quien no se ama, es irrelevante mostrar mayor inter\u00e9s en equilibrar sus dichos y acciones.<\/p>\n\n\n\n<p class=\"has-medium-font-size\"><strong><em>Cuando lo dicho coincide con los hechos, no hay pretexto para no ser una persona de \u00e9xito.<\/em><\/strong><\/p>\n\n\n\n<p class=\"has-medium-font-size\">En palabras de Rob Bell \u201cnadie tiene la \u00faltima palabra m\u00e1s que Dios\u201d; sin embargo, siempre ser\u00e1 m\u00e1s f\u00e1cil que \u00e9l actu\u00e9 cuando le damos todos los elementos y le mostramos que actuamos acorde a los principios que nos han sido mostrados.<\/p>\n\n\n\n<p class=\"has-medium-font-size\">Con frases sencillas hemos dado profundidad a este art\u00edculo, por lo que concluyo con: \u201cun texto, fuera de contexto, es un pretexto\u201d <strong><em>\u2026 \u00a1mostremos que nuestra vida es el texto dentro del contexto y por ello no buscamos pretextos!<\/em><\/strong><\/p>\n\n\n\n<p class=\"has-medium-font-size\"><strong><em>EL M\u00c9RITO DE SER T\u00da ES TUYO, AM\u00c1TE Y COMP\u00c1RTELO, DE TAL MANERA QUE TU VIDA SEA EL EQUILIBRIO ENTRE TU ACTUAR Y TU DECIR. \u2026 \u00a1SIN QUE HAYA LUGAR A JUSTIFICACIONES!<\/em><\/strong><\/p>\n\n\n\n<p class=\"has-medium-font-size\"><strong><em>\u00a1UNA PERSONA QUE HONRA SU PALABRA NO NECESITA PROMETER QUE MA\u00d1ANA HAR\u00c1 TODO POR CAMBIAR!<\/em><\/strong><\/p>\n\n\n\n<p class=\"has-medium-font-size\">Facebook: @RuizRoblesCP22<\/p>\n\n\n\n<p class=\"has-medium-font-size\">Twitter: @22Publica<\/p>\n\n\n\n<p class=\"has-medium-font-size\">Linkedin: Corredur\u00eda P\u00fablica 22<\/p>\n\n\n\n<p class=\"has-medium-font-size\"><strong>Posdata: &nbsp;&nbsp;&nbsp;&nbsp; <\/strong>Seguimos en esta gran campa\u00f1a y recuerda que si conoces a alguien que haya perdido la vida en el ejercicio de su profesi\u00f3n y compromiso con la salud durante esta pandemia post\u00falalo para el \u201cPREMIO NACIONAL DE SALUD\u201d.<\/p>\n\n\n\n<p class=\"has-medium-font-size\">\u00a1Busca las Bases en la \u201cConvocatoria Homenaje P\u00f3stumo\u201d \u2026 y<strong> NOM\u00cdNALOS<\/strong>!<\/p>\n\n\n\n<p class=\"has-medium-font-size\"><strong>Importante: <a>\u00a0\u00a0\u00a0\u00a0\u00a0\u00a0\u00a0\u00a0 <\/a><\/strong>S\u00edguenos \u201cEN TUS PROPIAS PALABRAS\u201d todos los mi\u00e9rcoles de 16 a 18 horas a trav\u00e9s de www.wowmx.tv o <a href=\"http:\/\/www.astl.tv\">www.astl.tv<\/a> \u2026 \u00a1Te esperamos!<\/p>\n\n\n\n<div class=\"wp-block-image\"><figure class=\"aligncenter size-large\"><img decoding=\"async\" src=\"https:\/\/bambapolitica.com.mx\/wp-content\/uploads\/2021\/10\/SEPT-FINAL-02-1-1024x583.jpg\" alt=\"\" class=\"wp-image-34693\"\/><\/figure><\/div>\n\n\n\n<p><\/p>\n","protected":false},"excerpt":{"rendered":"<p>RAZ\u00d3N, TES\u00d3N Y CORAZ\u00d3N Por Alejandro Ru\u00edz Robles \u201cLAS ACCIONES PESAN M\u00c1S QUE LAS PALABRAS.\u201d&nbsp;(BOB&#8230;<\/p>\n","protected":false},"author":4,"featured_media":0,"comment_status":"closed","ping_status":"closed","sticky":false,"template":"","format":"standard","meta":{"footnotes":""},"categories":[4],"tags":[],"class_list":["post-34654","post","type-post","status-publish","format-standard","hentry","category-noticias-del-dia"],"_links":{"self":[{"href":"https:\/\/bambapolitica.com.mx\/index.php\/wp-json\/wp\/v2\/posts\/34654","targetHints":{"allow":["GET"]}}],"collection":[{"href":"https:\/\/bambapolitica.com.mx\/index.php\/wp-json\/wp\/v2\/posts"}],"about":[{"href":"https:\/\/bambapolitica.com.mx\/index.php\/wp-json\/wp\/v2\/types\/post"}],"author":[{"embeddable":true,"href":"https:\/\/bambapolitica.com.mx\/index.php\/wp-json\/wp\/v2\/users\/4"}],"replies":[{"embeddable":true,"href":"https:\/\/bambapolitica.com.mx\/index.php\/wp-json\/wp\/v2\/comments?post=34654"}],"version-history":[{"count":1,"href":"https:\/\/bambapolitica.com.mx\/index.php\/wp-json\/wp\/v2\/posts\/34654\/revisions"}],"predecessor-version":[{"id":34694,"href":"https:\/\/bambapolitica.com.mx\/index.php\/wp-json\/wp\/v2\/posts\/34654\/revisions\/34694"}],"wp:attachment":[{"href":"https:\/\/bambapolitica.com.mx\/index.php\/wp-json\/wp\/v2\/media?parent=34654"}],"wp:term":[{"taxonomy":"category","embeddable":true,"href":"https:\/\/bambapolitica.com.mx\/index.php\/wp-json\/wp\/v2\/categories?post=34654"},{"taxonomy":"post_tag","embeddable":true,"href":"https:\/\/bambapolitica.com.mx\/index.php\/wp-json\/wp\/v2\/tags?post=34654"}],"curies":[{"name":"wp","href":"https:\/\/api.w.org\/{rel}","templated":true}]}}