{"id":34807,"date":"2021-10-19T11:16:57","date_gmt":"2021-10-19T17:16:57","guid":{"rendered":"http:\/\/bambapolitica.com.mx\/?p=34807"},"modified":"2021-10-19T11:17:16","modified_gmt":"2021-10-19T17:17:16","slug":"secretaria-de-seguridad-ciudadana-indaga-celula-dedicada-a-asesinar","status":"publish","type":"post","link":"https:\/\/bambapolitica.com.mx\/index.php\/2021\/10\/19\/secretaria-de-seguridad-ciudadana-indaga-celula-dedicada-a-asesinar\/","title":{"rendered":"Secretar\u00eda de Seguridad Ciudadana indaga c\u00e9lula dedicada a asesinar"},"content":{"rendered":"\n<p class=\"has-medium-font-size\">El ataque contra el empresario restaurantero Eduardo B. en las inmediaciones del aeropuerto ten\u00eda como fin \u00faltimo asesinarlo, pues la c\u00e9lula delictiva que realiz\u00f3 el atentado se dedica precisamente a realizar homicidios, dijo ayer el secretario de&nbsp;Seguridad Ciudadana.<\/p>\n\n\n\n<p class=\"has-medium-font-size\">&#8220;Se trata de una c\u00e9lula muy violenta y se tiene confirmado que, m\u00e1s que parte de una estructura como tal (de La Uni\u00f3n Tepito), estos delincuentes han hecho trabajos para esa organizaci\u00f3n delictiva\u201d desde el 2018, cuando empez\u00f3 a desarticularse el grupo delictivo, dijo Omar Garc\u00eda Harfuch en entrevista con Pascal Beltr\u00e1n del R\u00edo para Imagen Radio.<\/p>\n\n\n\n<p class=\"has-medium-font-size\">De hecho, agreg\u00f3, las cuatro personas que ya est\u00e1n detenidas por el ataque contra el due\u00f1o del grupo Rosa Negra tambi\u00e9n estar\u00edan relacionadas con un homicidio en octubre de 2020 y otro en d\u00edas recientes, ambos en Ecatepec.<\/p>\n\n\n\n<p class=\"has-medium-font-size\">A\u00f1adi\u00f3 que faltan m\u00e1s \u00f3rdenes de cateo y detenciones.<\/p>\n\n\n\n<p class=\"has-medium-font-size\">Tal es el caso de uno de&nbsp; los atacantes que huy\u00f3 a bordo de una motocicleta desde la que dispar\u00f3&nbsp;El Mem\u00edn, quien ya fue detenido el domingo.<\/p>\n\n\n\n<p class=\"has-medium-font-size\">Otro que logr\u00f3 escapar del lugar del atentado fue quien dispar\u00f3 desde la motocicleta que era conducida por Donovan Abraham \u201cN\u201d, quien fue baleado y atropellado por el escolta y conductor del empresario restaurantero.<\/p>\n\n\n\n<h3 class=\"wp-block-heading\"><strong>EN ENTRENAMIENTO<\/strong><\/h3>\n\n\n\n<p class=\"has-medium-font-size\">Precisamente del joven de de 17 a\u00f1os abatido existe un video que subi\u00f3 a sus redes sociales el adolescente. En \u00e9l se le aprecia practicando con un arma larga en un campo de tiro.<\/p>\n\n\n\n<p class=\"has-medium-font-size\">El joven, experto en trucos a bordo de motocicletas, viste gorra y playera color negro y un pantal\u00f3n de mezclilla.<\/p>\n\n\n\n<p class=\"has-medium-font-size\">Dispara en varias ocasiones y&nbsp;recibe indicaciones&nbsp;por parte de un instructor que porta una gorra de la extinta Secretar\u00eda de Seguridad P\u00fablica (SSP) local.<\/p>\n\n\n\n<p class=\"has-medium-font-size\">La grabaci\u00f3n fue subida al perfil del menor que fue sepultado el domingo en el pante\u00f3n de San Lorenzo Tezonco.<\/p>\n\n\n\n<p class=\"has-medium-font-size\">Al revisar sus redes sociales, las autoridades tambi\u00e9n identificaron que Donovan residi\u00f3 en la alcald\u00eda Iztacalco, de donde era&nbsp;<em>El Mem\u00edn<\/em>, quien pudo haberlo contactado con&nbsp;<em>El Alem\u00e1n<\/em>, l\u00edder de la c\u00e9lula de sicarios.<\/p>\n\n\n\n<h3 class=\"wp-block-heading\"><strong>\u201cUN CASO ESPECIAL\u201d<\/strong><\/h3>\n\n\n\n<p class=\"has-medium-font-size\">&#8220;Es un caso especial. No tuvo que ver con extorsi\u00f3n a grupos restauranteros o algo as\u00ed. Obviamente, por protecci\u00f3n de la persona y de la propia investigaci\u00f3n tendr\u00e1 que ser la Fiscal\u00eda la que informe; lo m\u00e1s importante es que hubo detenidos muy r\u00e1pido\u201d, dijo ayer en conferencia de prensa, la jefa de Gobierno, Claudia Sheinbaum, del ataque al empresario Eduardo B.<\/p>\n\n\n\n<p class=\"has-medium-font-size\">&#8220;Hasta donde sabemos no tuvo que ver con extorsi\u00f3n a esta persona o robo, sino que tuvo que ver con otro tema (en el que est\u00e1) directamente involucrada esta persona; no lo estoy acusando a \u00e9l ni mucho menos, sino que es un caso especial\u201d.<\/p>\n\n\n\n<p class=\"has-medium-font-size\">Sobre la posibilidad de que otros restauranteros o empresarios est\u00e9n siendo amenazados por&nbsp;La Uni\u00f3n Tepito, Sheinbaum coment\u00f3:<\/p>\n\n\n\n<p class=\"has-medium-font-size\">&#8220;Hay algunos temas de extorsi\u00f3n, sobre todo en el Centro Hist\u00f3rico y fuera del Centro Hist\u00f3rico. Nos reunimos hace menos de un a\u00f1o, no s\u00e9 si recuerdan de otro empresario de la zona de Polanco relacionado con una venta de bebidas alcoh\u00f3licas que tambi\u00e9n tuvo un episodio de este tipo. Yo personalmente me reun\u00ed con los empresarios restauranteros de esta zona y ninguno denunci\u00f3 que hubiera extorsi\u00f3n ni mucho menos\u201d.<\/p>\n\n\n\n<p><em>-Georgina Olson<\/em><\/p>\n\n\n\n<h3 class=\"wp-block-heading\"><strong>ERA UN HOMBRE RESERVADO<\/strong><\/h3>\n\n\n\n<p class=\"has-medium-font-size\">Geovanny Mart\u00ednez V\u00e1squez o Yannick Iriarte Mart\u00ednez,&nbsp;<em>El Alem\u00e1n<\/em>, presunto l\u00edder de la c\u00e9lula que atac\u00f3 a Eduardo B. en las inmediaciones del aeropuerto no cruzaba palabra con sus vecinos, quienes no&nbsp;lo ve\u00edan con regularidad.<\/p>\n\n\n\n<p class=\"has-medium-font-size\">Eso es lo que refieren los pocos que se atrevieron a hablar del detenido el domingo en&nbsp;City Towers Coyoac\u00e1n, ubicado a unos pasos de la&nbsp;Cineteca Nacional&nbsp;y a un costado de una chocolatera, un complejo habitacional con amenidades como alberca, gimnasio, cancha de padel, sky lounge y sala de cine.<\/p>\n\n\n\n<p class=\"has-medium-font-size\">&#8220;No sab\u00edamos que fuera narco o delincuente; nos enteramos por las noticias. No siempre ven\u00eda, algunos d\u00edas llegaba a venir; cuando le llegamos a ver por aqu\u00ed es porque llamaban la atenci\u00f3n sus coches deportivos o camionetas polarizadas.<\/p>\n\n\n\n<p class=\"has-medium-font-size\">&#8220;S\u00f3lo en dos ocasiones coincidimos en los pasillos; una vez lleg\u00f3 solo, de ropa deportiva, con gorra, y otra vez acompa\u00f1ado de una mujer\u201d, dijo un habitante que pidi\u00f3 no ser identificado.<\/p>\n","protected":false},"excerpt":{"rendered":"<p>El ataque contra el empresario restaurantero Eduardo B. en las inmediaciones del aeropuerto ten\u00eda como&#8230;<\/p>\n","protected":false},"author":4,"featured_media":0,"comment_status":"closed","ping_status":"closed","sticky":false,"template":"","format":"standard","meta":{"footnotes":""},"categories":[2],"tags":[],"class_list":["post-34807","post","type-post","status-publish","format-standard","hentry","category-policiaca"],"_links":{"self":[{"href":"https:\/\/bambapolitica.com.mx\/index.php\/wp-json\/wp\/v2\/posts\/34807","targetHints":{"allow":["GET"]}}],"collection":[{"href":"https:\/\/bambapolitica.com.mx\/index.php\/wp-json\/wp\/v2\/posts"}],"about":[{"href":"https:\/\/bambapolitica.com.mx\/index.php\/wp-json\/wp\/v2\/types\/post"}],"author":[{"embeddable":true,"href":"https:\/\/bambapolitica.com.mx\/index.php\/wp-json\/wp\/v2\/users\/4"}],"replies":[{"embeddable":true,"href":"https:\/\/bambapolitica.com.mx\/index.php\/wp-json\/wp\/v2\/comments?post=34807"}],"version-history":[{"count":2,"href":"https:\/\/bambapolitica.com.mx\/index.php\/wp-json\/wp\/v2\/posts\/34807\/revisions"}],"predecessor-version":[{"id":34870,"href":"https:\/\/bambapolitica.com.mx\/index.php\/wp-json\/wp\/v2\/posts\/34807\/revisions\/34870"}],"wp:attachment":[{"href":"https:\/\/bambapolitica.com.mx\/index.php\/wp-json\/wp\/v2\/media?parent=34807"}],"wp:term":[{"taxonomy":"category","embeddable":true,"href":"https:\/\/bambapolitica.com.mx\/index.php\/wp-json\/wp\/v2\/categories?post=34807"},{"taxonomy":"post_tag","embeddable":true,"href":"https:\/\/bambapolitica.com.mx\/index.php\/wp-json\/wp\/v2\/tags?post=34807"}],"curies":[{"name":"wp","href":"https:\/\/api.w.org\/{rel}","templated":true}]}}