{"id":34820,"date":"2021-10-19T11:17:08","date_gmt":"2021-10-19T17:17:08","guid":{"rendered":"http:\/\/bambapolitica.com.mx\/?p=34820"},"modified":"2021-10-19T11:17:10","modified_gmt":"2021-10-19T17:17:10","slug":"que-esta-haciendo-felipe-calderon-en-la-formula-1","status":"publish","type":"post","link":"https:\/\/bambapolitica.com.mx\/index.php\/2021\/10\/19\/que-esta-haciendo-felipe-calderon-en-la-formula-1\/","title":{"rendered":"\u00bfQu\u00e9 est\u00e1 haciendo Felipe Calder\u00f3n en la F\u00f3rmula 1?"},"content":{"rendered":"\n<p>Jonathan Ruis Torre.<\/p>\n\n\n\n<p class=\"has-medium-font-size\">En el mapa pol\u00edtico nacional, el expresidente mexicano es el mejor ejemplo de la tercera ley de Newton.<\/p>\n\n\n\n<p class=\"has-medium-font-size\">Quienes veneran al actual mandatario Andr\u00e9s Manuel L\u00f3pez Obrador, tienen un sentimiento igual de fuerte, pero en sentido contrario hacia la persona del expanista. A Felipe Calder\u00f3n lo aman o lo odian, sin puntos intermedios, aparentemente.<\/p>\n\n\n\n<p class=\"has-medium-font-size\">Las pasiones han nublado la visibilidad de algunas de las actividades m\u00e1s atractivas que tiene el oriundo de Michoac\u00e1n, ahora sin la presi\u00f3n de cuidar el Palacio Nacional.<\/p>\n\n\n\n<p class=\"has-medium-font-size\">Va un ejemplo: tiene a cargo la misi\u00f3n de que los coches de la F\u00f3rmula 1 usen un combustible sustentable que no dependa del petr\u00f3leo.<\/p>\n\n\n\n<p class=\"has-medium-font-size\">Desde hace tres a\u00f1os, Calder\u00f3n ostenta la presidencia de la Comisi\u00f3n de Medio Ambiente y Sostenibilidad de la FIA, autoridad de la competencia m\u00e1s popular de autos de carreras, que trabaja con el Departamento T\u00e9cnico del organismo en ese prop\u00f3sito.<\/p>\n\n\n\n<p class=\"has-medium-font-size\">Al final del a\u00f1o pasado, el exmandatario divulg\u00f3 la estrategia ambiental del organismo para consolidar el compromiso de la FIA con un futuro \u201cbajo en carbono\u201d.<\/p>\n\n\n\n<p class=\"has-medium-font-size\">\u201cLa FIA asumir\u00e1 un papel de liderazgo, entre las federaciones de otros deportes, para impulsar la acci\u00f3n clim\u00e1tica global\u201d, dijo en diciembre.<\/p>\n\n\n\n<p class=\"has-medium-font-size\">\u00bfQu\u00e9 hace una federaci\u00f3n deportiva con oficinas centrales en el Reino Unido meti\u00e9ndose en un asunto de pol\u00edtica energ\u00e9tica global?<\/p>\n\n\n\n<p class=\"has-medium-font-size\">Una raz\u00f3n puede estar en una l\u00f3gica defensiva. Dif\u00edcilmente hay otra competencia que evidencie el gasto in\u00fatil de combustible, justamente cuando esta generaci\u00f3n atestigua experiencias agresivas del calentamiento global.<\/p>\n\n\n\n<p class=\"has-medium-font-size\">Antes de que los gobiernos se acerquen a regular o prohibir la pr\u00e1ctica de esta espectacular competencia, se curan en salud.<\/p>\n\n\n\n<p class=\"has-medium-font-size\">En lo concerniente a la sustentabilidad de esta justa devenida en empresa, la responsabilidad recae en un expresidente mexicano.<\/p>\n\n\n\n<p class=\"has-medium-font-size\">\u00bfQu\u00e9 autoridad podr\u00eda caerles encima, en caso de no protegerse? Piensen por ejemplo en la figura mon\u00e1rquica del heredero a la Corona de la Reina Isabel II: el Pr\u00edncipe Guillermo.<\/p>\n\n\n\n<p class=\"has-medium-font-size\">Este fin de semana \u00e9l reconoci\u00f3 cinco proyectos que tienen el potencial de salvar un planeta que pide soluciones inmediatas a la destrucci\u00f3n de ecosistemas.<\/p>\n\n\n\n<p class=\"has-medium-font-size\">A partir de \u00e9ste y durante los siguientes 10 a\u00f1os, su proyecto \u201cEarthshot\u201d entregar\u00e1 dinero \u2013pero principalmente una influencia capaz de abrir cualquier puerta\u2013 a ganadores como el que consigui\u00f3 el modo de regenerar en cautiverio corales resistentes al cambio clim\u00e1tico, que eventualmente pueden regresar la vida a los arrecifes de Cozumel o Playa del Carmen.<\/p>\n\n\n\n<p class=\"has-medium-font-size\">La FIA o la Corona brit\u00e1nica se involucran en tareas de salvamento del ecosistema, porque en el mundo de pa\u00edses desarrollados est\u00e1 al m\u00e1ximo nivel de la agenda.<\/p>\n\n\n\n<p class=\"has-medium-font-size\">Ayer, en Tabasco, el Enviado presidencial para el clima, John Kerry, hizo una petici\u00f3n a la administraci\u00f3n del presidente Andr\u00e9s Manuel L\u00f3pez Obrador, a nombre de los Estados Unidos.<\/p>\n\n\n\n<p class=\"has-medium-font-size\">Invit\u00f3 al Gobierno mexicano a virar su econom\u00eda hacia las \u201ccero emisiones\u201d de bi\u00f3xido de carbono apostando por la energ\u00eda e\u00f3lica y solar.<\/p>\n\n\n\n<p class=\"has-medium-font-size\">Los mexicanos lucen todav\u00eda alejados de una agenda ambiental que resaltar\u00e1 el mes entrante cuando sea celebrada la reuni\u00f3n de la ONU, COP 26, en Glasgow, Reino Unido.<\/p>\n\n\n\n<p class=\"has-medium-font-size\">Pero no se trata solamente de los pol\u00edticos, la semana pasada, en un encuentro de representantes de la manufactura automotriz, pregunt\u00e9 a varios de los asistentes sobre su pol\u00edtica ESG, siglas de los criterios ambientales, sociales y de gobierno corporativo que deben seguir todas las empresas, impulsadas ahora por bancos centrales y comerciales del mundo.<\/p>\n\n\n\n<p class=\"has-medium-font-size\">Muy pocos supieron acerca de lo que les cuestionaba. Acaso Kristin Dziczek, del estadounidense Centro de la Investigaci\u00f3n Automotriz (CAR), advirti\u00f3 que esto ya es un asunto cr\u00edtico para Wall Street y por consecuencia, tambi\u00e9n para las empresas de manufactura que cotizan en mercados internacionales.<\/p>\n\n\n\n<p class=\"has-medium-font-size\">En el pa\u00eds, solamente expertos como el ex ejecutivo de Volkswagen, Thomas Karig, quien vive en Puebla, parecen saber de qu\u00e9 va ese asunto.<\/p>\n\n\n\n<p class=\"has-medium-font-size\">Ese asunto deriva justamente en iniciativas como la creaci\u00f3n de un combustible sustentable en F\u00f3rmula 1, como el que por razones del destino, defiende Calder\u00f3n.<\/p>\n","protected":false},"excerpt":{"rendered":"<p>Jonathan Ruis Torre. En el mapa pol\u00edtico nacional, el expresidente mexicano es el mejor ejemplo&#8230;<\/p>\n","protected":false},"author":4,"featured_media":0,"comment_status":"closed","ping_status":"closed","sticky":false,"template":"","format":"standard","meta":{"footnotes":""},"categories":[15],"tags":[],"class_list":["post-34820","post","type-post","status-publish","format-standard","hentry","category-opinion"],"_links":{"self":[{"href":"https:\/\/bambapolitica.com.mx\/index.php\/wp-json\/wp\/v2\/posts\/34820","targetHints":{"allow":["GET"]}}],"collection":[{"href":"https:\/\/bambapolitica.com.mx\/index.php\/wp-json\/wp\/v2\/posts"}],"about":[{"href":"https:\/\/bambapolitica.com.mx\/index.php\/wp-json\/wp\/v2\/types\/post"}],"author":[{"embeddable":true,"href":"https:\/\/bambapolitica.com.mx\/index.php\/wp-json\/wp\/v2\/users\/4"}],"replies":[{"embeddable":true,"href":"https:\/\/bambapolitica.com.mx\/index.php\/wp-json\/wp\/v2\/comments?post=34820"}],"version-history":[{"count":1,"href":"https:\/\/bambapolitica.com.mx\/index.php\/wp-json\/wp\/v2\/posts\/34820\/revisions"}],"predecessor-version":[{"id":34822,"href":"https:\/\/bambapolitica.com.mx\/index.php\/wp-json\/wp\/v2\/posts\/34820\/revisions\/34822"}],"wp:attachment":[{"href":"https:\/\/bambapolitica.com.mx\/index.php\/wp-json\/wp\/v2\/media?parent=34820"}],"wp:term":[{"taxonomy":"category","embeddable":true,"href":"https:\/\/bambapolitica.com.mx\/index.php\/wp-json\/wp\/v2\/categories?post=34820"},{"taxonomy":"post_tag","embeddable":true,"href":"https:\/\/bambapolitica.com.mx\/index.php\/wp-json\/wp\/v2\/tags?post=34820"}],"curies":[{"name":"wp","href":"https:\/\/api.w.org\/{rel}","templated":true}]}}