{"id":34852,"date":"2021-10-19T11:03:34","date_gmt":"2021-10-19T17:03:34","guid":{"rendered":"http:\/\/bambapolitica.com.mx\/?p=34852"},"modified":"2021-10-19T11:03:52","modified_gmt":"2021-10-19T17:03:52","slug":"por-una-educacion-humanista-del-conocimiento-trabajaremos-con-briodelfina-gomez","status":"publish","type":"post","link":"https:\/\/bambapolitica.com.mx\/index.php\/2021\/10\/19\/por-una-educacion-humanista-del-conocimiento-trabajaremos-con-briodelfina-gomez\/","title":{"rendered":"Por una educaci\u00f3n humanista del conocimiento; trabajaremos con br\u00edo,Delfina G\u00f3mez"},"content":{"rendered":"\n<p class=\"has-medium-font-size\">En el recinto de la C\u00e1mara de Diputados Federal, la Secretaria de Educaci\u00f3n P\u00fablica fija postura por el regreso gradual a clases. <\/p>\n\n\n\n<p class=\"has-medium-font-size\">Junto con otra texcocana, Karla Almaz\u00e1n (vicepresidenta cameral ) demuestra que en el quehacer pol\u00edtico el debate y la exposici\u00f3n clara de ideas son esenciales<\/p>\n\n\n\n<p class=\"has-medium-font-size\">La pandemia ha dejado m\u00faltiples ense\u00f1anzas, pero tambi\u00e9n ha abierto caminos que debemos afrontar con nuevas ideas.<\/p>\n\n\n\n<p class=\"has-medium-font-size\">Hoy el sal\u00f3n de clases ya no puede constre\u00f1irse a cuatro paredes, se ha ampliado su espacio vital. He tenido la suerte de estar frente al sal\u00f3n de clases y soy una maestra convencida de que compartir los conocimientos representa una satisfacci\u00f3n personal y una responsabilidad<br>colectiva. <\/p>\n\n\n\n<p class=\"has-medium-font-size\">Ahora, me correspondi\u00f3 asumir la responsabilidad frente a la Secretar\u00eda de Educaci\u00f3n ya en tiempos de pandemia.<br>La estrategia Aprende en Casa hizo patente la entrega con la que nuestras profesoras y profesores encararon el desaf\u00edo y atendieron a sus estudiantes virtualmente<\/p>\n\n\n\n<p class=\"has-medium-font-size\">Para beneficio de todos, hemos iniciado con \u00e9xito el regreso a la escuela, pieza clave para construir una idea nueva de la existencia misma. <\/p>\n\n\n\n<p class=\"has-medium-font-size\">Trabajaremos renovadamente por un aprendizaje que respete al planeta y revierta la agresi\u00f3n a la que lo hemos sometido. <\/p>\n\n\n\n<p class=\"has-medium-font-size\">En esta vuelta a clases, y a cien a\u00f1os de la creaci\u00f3n de la SEP, extiendo un reconocimiento p\u00fablico a los docentes de M\u00e9xico.<\/p>\n\n\n\n<p class=\"has-medium-font-size\">Ellas y ellos trabajaron arduamente para que la pandemia no nos derrotara, supieron enfrentar la tragedia y se acercaron como nunca a sus estudiantes. <\/p>\n\n\n\n<p class=\"has-medium-font-size\">A las profesoras y profesores les reconocemos su empe\u00f1o y dedicaci\u00f3n y los conminamos a seguir en la construcci\u00f3n de una ense\u00f1anza basada en una concepci\u00f3n humanista del conocimiento.<\/p>\n","protected":false},"excerpt":{"rendered":"<p>En el recinto de la C\u00e1mara de Diputados Federal, la Secretaria de Educaci\u00f3n P\u00fablica fija&#8230;<\/p>\n","protected":false},"author":4,"featured_media":0,"comment_status":"closed","ping_status":"closed","sticky":false,"template":"","format":"standard","meta":{"footnotes":""},"categories":[4],"tags":[],"class_list":["post-34852","post","type-post","status-publish","format-standard","hentry","category-noticias-del-dia"],"_links":{"self":[{"href":"https:\/\/bambapolitica.com.mx\/index.php\/wp-json\/wp\/v2\/posts\/34852","targetHints":{"allow":["GET"]}}],"collection":[{"href":"https:\/\/bambapolitica.com.mx\/index.php\/wp-json\/wp\/v2\/posts"}],"about":[{"href":"https:\/\/bambapolitica.com.mx\/index.php\/wp-json\/wp\/v2\/types\/post"}],"author":[{"embeddable":true,"href":"https:\/\/bambapolitica.com.mx\/index.php\/wp-json\/wp\/v2\/users\/4"}],"replies":[{"embeddable":true,"href":"https:\/\/bambapolitica.com.mx\/index.php\/wp-json\/wp\/v2\/comments?post=34852"}],"version-history":[{"count":2,"href":"https:\/\/bambapolitica.com.mx\/index.php\/wp-json\/wp\/v2\/posts\/34852\/revisions"}],"predecessor-version":[{"id":34863,"href":"https:\/\/bambapolitica.com.mx\/index.php\/wp-json\/wp\/v2\/posts\/34852\/revisions\/34863"}],"wp:attachment":[{"href":"https:\/\/bambapolitica.com.mx\/index.php\/wp-json\/wp\/v2\/media?parent=34852"}],"wp:term":[{"taxonomy":"category","embeddable":true,"href":"https:\/\/bambapolitica.com.mx\/index.php\/wp-json\/wp\/v2\/categories?post=34852"},{"taxonomy":"post_tag","embeddable":true,"href":"https:\/\/bambapolitica.com.mx\/index.php\/wp-json\/wp\/v2\/tags?post=34852"}],"curies":[{"name":"wp","href":"https:\/\/api.w.org\/{rel}","templated":true}]}}