{"id":35254,"date":"2021-10-25T10:29:12","date_gmt":"2021-10-25T16:29:12","guid":{"rendered":"http:\/\/bambapolitica.com.mx\/?p=35254"},"modified":"2021-10-25T10:29:13","modified_gmt":"2021-10-25T16:29:13","slug":"a-la-sala-regional","status":"publish","type":"post","link":"https:\/\/bambapolitica.com.mx\/index.php\/2021\/10\/25\/a-la-sala-regional\/","title":{"rendered":"A la Sala  Regional"},"content":{"rendered":"\n<p class=\"has-medium-font-size\">PLUMA NEGRA<\/p>\n\n\n\n<p class=\"has-medium-font-size\">Ignacio \u00c1lvarez<\/p>\n\n\n\n<p class=\"has-medium-font-size\">Festival Gastron\u00f3mico<\/p>\n\n\n\n<p class=\"has-medium-font-size\">Sucedi\u00f3 lo que se ve\u00eda venir. Los 23 recursos legales que promovieron partidos pol\u00edticos y ex candidatos de las listas de los pluris,&nbsp; ante el Tribunal Electoral del Estado de Veracruz fueron rechazados por infundados, dijeron. Un magistrado y dos magistradas de ese organismo de justicia electoral. Ahora van a&nbsp; la Sala Regional del TEPJF.<\/p>\n\n\n\n<p class=\"has-medium-font-size\">La tarde del s\u00e1bado de manera express el magistrado Roberto Eduardo Sigala Aguilar present\u00f3 el proyecto para desestimar los reclamos de ex candidatas y ex candidatos de MORENA, PAN, PRI, MC, PRD VERDE, Redes Sociales Progresistas, Todos por Veracruz, Unidad Ciudadana, PVEM y Partido Cardenista.<\/p>\n\n\n\n<p class=\"has-medium-font-size\">Sin poder comprobar se habla de que el magistrado Sigala habr\u00eda pagado un favor al grupo en el poder, por el nombramiento como magistrada de su esposa, Claudia Ocampo Garc\u00eda por lo que apresur\u00f3 la video sesi\u00f3n del TEEV y a redujo a solo 15 minutos, utiliz\u00f3 lo m\u00e1s hondo de sus habilidades para tratar de convencer a la magistrada Presidenta, Claudia D\u00edaz Tablada quien hizo uso del Vota Razonado, es decir, aprob\u00f3 el proyecto, pero con la condici\u00f3n de una nueva revisi\u00f3n, con esos dos votos fue suficiente para dejar la repartici\u00f3n de las pluris como lo propuso el OPLE.<\/p>\n\n\n\n<p class=\"has-medium-font-size\">La \u00fanica que vot\u00f3 con contra y que su voto no fue suficiente, fue la magistrada, Tania V\u00e1zquez Mu\u00f1oz quien consider\u00f3 que el OPLE hizo una interpretaci\u00f3n a modo y no objetiva como lo establece el art\u00edculo 151 del Reglamento de Elecciones para la asignaci\u00f3n de las diputaciones plurinominales con la garant\u00eda de un Poder Legislativa con paridad de g\u00e9nero.<\/p>\n\n\n\n<p class=\"has-medium-font-size\">Ahora, los ex candidatos a legisladores locales por Representaci\u00f3n Proporcional (Plurinominales) y partidos pol\u00edticos inconformes, deber\u00e1n acudir a la Sala Regional del TEPJF, si desean alegar modificaciones en su beneficio de para la integraci\u00f3n de la LXVI Legislatura de Veracruz que entra en funciones el 5 de noviembre.<\/p>\n\n\n\n<p class=\"has-medium-font-size\">El \u00f3rgano de justicia electoral del Poder Judicial, ha revertido las resoluciones del TEEV en diversas ocasiones, la \u00faltima fue este fin de semana que ech\u00f3 abajo la elecci\u00f3n municipal de Chinamel y orden\u00f3 la repetici\u00f3n de la elecci\u00f3n en un ejercicio extraordinario.<\/p>\n\n\n\n<p class=\"has-medium-font-size\">Festival Gastron\u00f3mico<\/p>\n\n\n\n<p class=\"has-medium-font-size\">Este martes se realiza en la zona de la Riviera Veracruzana la presentaci\u00f3n del Festival Gastron\u00f3mico Veracruz Puerta de los Sabores 2021, Origen y Tradici\u00f3n. que organiza la iniciativa privada con el respaldo institucional del gobierno del estado y otras instituciones para promover la buena cocina.<\/p>\n\n\n\n<p class=\"has-medium-font-size\">Como parte, del Festival Internacional Xalapa y su Cultura, que organiza la Secretar\u00eda de Turismo y Cultura que tendr\u00e1 lugar del 17 al domingo 21 de noviembre y se pretende contribuir a la reactivaci\u00f3n de la econom\u00eda regional y estatal, impulsando el consumo local, con la participaci\u00f3n de los principales actores de la industria alimentaria, restaurantera, hotelera, tur\u00edstica y educativa.<\/p>\n\n\n\n<p class=\"has-medium-font-size\">La propuesta de este a\u00f1o, a causa de la pandemia es un evento h\u00edbrido con 30 por ciento de las actividades digitales y 70 presenciales, cuidando los protocolos sanitarios y la salud de los asistentes.<\/p>\n\n\n\n<p class=\"has-medium-font-size\">Foro Empresarial \u201cTierra de Valientes&#8221;, teniendo como pa\u00eds invitado a la Rep\u00fablica del Ecuador.<\/p>\n\n\n\n<p class=\"has-medium-font-size\">Habr\u00e1 tambi\u00e9n un encuentro de cocineras tradicionales de Xalapa y la Regi\u00f3n, que ser\u00e1 una Expo-venta- metropolitana, donde participar\u00e1n entre 12 y 15 municipios aleda\u00f1os a la capital, durante dos d\u00edas, con una muestra gastron\u00f3mica representativa de sus municipios.<\/p>\n\n\n\n<p class=\"has-medium-font-size\">Tambi\u00e9n un ciclo de Conversatorios culturales, tur\u00edsticos y gastron\u00f3micos, los d\u00edas s\u00e1bado 20 y domingo 21 de noviembre; la actividad de los conversatorios se realizar\u00e1 de manera presencial en el marco de la Expo-Venta.<\/p>\n","protected":false},"excerpt":{"rendered":"<p>PLUMA NEGRA Ignacio \u00c1lvarez Festival Gastron\u00f3mico Sucedi\u00f3 lo que se ve\u00eda venir. Los 23 recursos&#8230;<\/p>\n","protected":false},"author":4,"featured_media":0,"comment_status":"closed","ping_status":"closed","sticky":false,"template":"","format":"standard","meta":{"footnotes":""},"categories":[4],"tags":[],"class_list":["post-35254","post","type-post","status-publish","format-standard","hentry","category-noticias-del-dia"],"_links":{"self":[{"href":"https:\/\/bambapolitica.com.mx\/index.php\/wp-json\/wp\/v2\/posts\/35254","targetHints":{"allow":["GET"]}}],"collection":[{"href":"https:\/\/bambapolitica.com.mx\/index.php\/wp-json\/wp\/v2\/posts"}],"about":[{"href":"https:\/\/bambapolitica.com.mx\/index.php\/wp-json\/wp\/v2\/types\/post"}],"author":[{"embeddable":true,"href":"https:\/\/bambapolitica.com.mx\/index.php\/wp-json\/wp\/v2\/users\/4"}],"replies":[{"embeddable":true,"href":"https:\/\/bambapolitica.com.mx\/index.php\/wp-json\/wp\/v2\/comments?post=35254"}],"version-history":[{"count":1,"href":"https:\/\/bambapolitica.com.mx\/index.php\/wp-json\/wp\/v2\/posts\/35254\/revisions"}],"predecessor-version":[{"id":35256,"href":"https:\/\/bambapolitica.com.mx\/index.php\/wp-json\/wp\/v2\/posts\/35254\/revisions\/35256"}],"wp:attachment":[{"href":"https:\/\/bambapolitica.com.mx\/index.php\/wp-json\/wp\/v2\/media?parent=35254"}],"wp:term":[{"taxonomy":"category","embeddable":true,"href":"https:\/\/bambapolitica.com.mx\/index.php\/wp-json\/wp\/v2\/categories?post=35254"},{"taxonomy":"post_tag","embeddable":true,"href":"https:\/\/bambapolitica.com.mx\/index.php\/wp-json\/wp\/v2\/tags?post=35254"}],"curies":[{"name":"wp","href":"https:\/\/api.w.org\/{rel}","templated":true}]}}