{"id":35339,"date":"2021-10-26T10:09:01","date_gmt":"2021-10-26T16:09:01","guid":{"rendered":"http:\/\/bambapolitica.com.mx\/?p=35339"},"modified":"2021-10-26T10:09:05","modified_gmt":"2021-10-26T16:09:05","slug":"guzman-aviles-arropa-a-proximos-alcaldes-panistas","status":"publish","type":"post","link":"https:\/\/bambapolitica.com.mx\/index.php\/2021\/10\/26\/guzman-aviles-arropa-a-proximos-alcaldes-panistas\/","title":{"rendered":"Guzm\u00e1n Avil\u00e9s arropa a pr\u00f3ximos alcaldes panistas"},"content":{"rendered":"\n<p class=\"has-medium-font-size\">No asisti\u00f3 Patricia Lobeira cuyo &#8220;triunfo&#8221; en Veracruz est\u00e1 por caer en Tribunales Electorales.<\/p>\n\n\n\n<p class=\"has-medium-font-size\">Tampoco asisti\u00f3 De Unanue a quien desde el estero le prohibieron asistir a dicha convocatoria del CDE.<\/p>\n\n\n\n<p class=\"has-medium-font-size\">Guzm\u00e1n Avil\u00e9s refrend\u00f3 a los alcaldes electos su apoyo y compromiso durante sus administraciones municipales.<\/p>\n\n\n\n<figure class=\"wp-block-image size-large\"><img decoding=\"async\" src=\"https:\/\/bambapolitica.com.mx\/wp-content\/uploads\/2021\/10\/2-22.jpg\" alt=\"\" class=\"wp-image-35334\"\/><\/figure>\n\n\n\n<p class=\"has-medium-font-size\">De continuidad al fortalecimiento de los gobiernos del PAN en la entidad, el Comit\u00e9 Directivo Estatal del PAN en Veracruz llev\u00f3 a cabo, este lunes en la ciudad de Xalapa, la \u201cCapacitaci\u00f3n para Presidentas y Presidentes Municipales electos\u201d.<\/p>\n\n\n\n<p class=\"has-medium-font-size\">El Presidente del CDE PAN, Joaqu\u00edn Rosendo Guzm\u00e1n Avil\u00e9s, reconoci\u00f3 la trayectoria, el compromiso y la disposici\u00f3n de las y los Presidentes municipales electos para seguir trabajando a trav\u00e9s del aprendizaje, intercambio de experiencias y sinergia con el partido.<\/p>\n\n\n\n<p class=\"has-medium-font-size\">Record\u00f3 que ser\u00e1n las nuevas administraciones municipales quienes enfrenten el reto de la recuperaci\u00f3n econ\u00f3mica de Veracruz y la defensa permanente de las familias veracruzanas ante las dificultades derivadas de la pandemia por covid-19.<\/p>\n\n\n\n<p class=\"has-medium-font-size\">En ese sentido, refrend\u00f3 su compromiso como dirigente estatal, para seguir respaldando los gobiernos municipales del partido, sus decisiones y sus acciones encaminadas al desarrollo de Veracruz y al cumplimiento de los pilares humanistas del PAN.<\/p>\n\n\n\n<p class=\"has-medium-font-size\">\u201cContamos con ustedes para seguir siendo la principal fuerza de oposici\u00f3n en el pa\u00eds; una oposici\u00f3n que levanta la voz ante las injusticias, los robos y las mentiras del gobierno, pero tambi\u00e9n una oposici\u00f3n que se conduce por el camino de la legalidad, la democracia y el bien com\u00fan\u201d indic\u00f3.<\/p>\n\n\n\n<p class=\"has-medium-font-size\">Se abordaron t\u00f3picos como la fiscalizaci\u00f3n en los municipios, los procesos de entrega-recepci\u00f3n, la igualdad de g\u00e9nero y la comunicaci\u00f3n social, entre otros.<\/p>\n\n\n\n<p class=\"has-medium-font-size\">Estuvieron presentes el Coordinador de Alcaldes, V\u00edctor Serralde Mart\u00ednez; el Coordinador del Grupo Legislativo PAN, Omar Miranda Romero; la Diputada local Nora Lagunes Jauregui.<\/p>\n\n\n\n<p class=\"has-medium-font-size\">Finalmente, el Presidente del partido, Joaqu\u00edn Guzm\u00e1n Avil\u00e9s, celebr\u00f3 que esta nueva generaci\u00f3n de Alcaldes panistas seguir\u00e1 reafirmando que el PAN es la \u00fanica fuerza pol\u00edtica que s\u00ed sabe gobernar porque es experiencia y resultados.<\/p>\n","protected":false},"excerpt":{"rendered":"<p>No asisti\u00f3 Patricia Lobeira cuyo &#8220;triunfo&#8221; en Veracruz est\u00e1 por caer en Tribunales Electorales. Tampoco&#8230;<\/p>\n","protected":false},"author":4,"featured_media":0,"comment_status":"closed","ping_status":"open","sticky":false,"template":"","format":"standard","meta":{"footnotes":""},"categories":[4],"tags":[],"class_list":["post-35339","post","type-post","status-publish","format-standard","hentry","category-noticias-del-dia"],"_links":{"self":[{"href":"https:\/\/bambapolitica.com.mx\/index.php\/wp-json\/wp\/v2\/posts\/35339","targetHints":{"allow":["GET"]}}],"collection":[{"href":"https:\/\/bambapolitica.com.mx\/index.php\/wp-json\/wp\/v2\/posts"}],"about":[{"href":"https:\/\/bambapolitica.com.mx\/index.php\/wp-json\/wp\/v2\/types\/post"}],"author":[{"embeddable":true,"href":"https:\/\/bambapolitica.com.mx\/index.php\/wp-json\/wp\/v2\/users\/4"}],"replies":[{"embeddable":true,"href":"https:\/\/bambapolitica.com.mx\/index.php\/wp-json\/wp\/v2\/comments?post=35339"}],"version-history":[{"count":1,"href":"https:\/\/bambapolitica.com.mx\/index.php\/wp-json\/wp\/v2\/posts\/35339\/revisions"}],"predecessor-version":[{"id":35342,"href":"https:\/\/bambapolitica.com.mx\/index.php\/wp-json\/wp\/v2\/posts\/35339\/revisions\/35342"}],"wp:attachment":[{"href":"https:\/\/bambapolitica.com.mx\/index.php\/wp-json\/wp\/v2\/media?parent=35339"}],"wp:term":[{"taxonomy":"category","embeddable":true,"href":"https:\/\/bambapolitica.com.mx\/index.php\/wp-json\/wp\/v2\/categories?post=35339"},{"taxonomy":"post_tag","embeddable":true,"href":"https:\/\/bambapolitica.com.mx\/index.php\/wp-json\/wp\/v2\/tags?post=35339"}],"curies":[{"name":"wp","href":"https:\/\/api.w.org\/{rel}","templated":true}]}}