{"id":35692,"date":"2021-11-01T09:15:30","date_gmt":"2021-11-01T15:15:30","guid":{"rendered":"http:\/\/bambapolitica.com.mx\/?p=35692"},"modified":"2021-11-01T09:17:24","modified_gmt":"2021-11-01T15:17:24","slug":"maricela-serrano-entrega-materiales-educativos-a-62-escuelas-publicas","status":"publish","type":"post","link":"https:\/\/bambapolitica.com.mx\/index.php\/2021\/11\/01\/maricela-serrano-entrega-materiales-educativos-a-62-escuelas-publicas\/","title":{"rendered":"Maricela Serrano entrega materiales educativos a 62 escuelas p\u00fablicas"},"content":{"rendered":"\n<p class=\"has-medium-font-size\">\u2022 Expuso que estos apoyos se suman a la construcci\u00f3n de aulas, techumbres y m\u00f3dulos sanitarios, as\u00ed como el pago a conserjes y secretarias, en un proyecto de gobierno honesto y bien planeado en Ixtapaluca.<\/p>\n\n\n\n<div class=\"wp-block-image\"><figure class=\"aligncenter size-large\"><img loading=\"lazy\" decoding=\"async\" width=\"720\" height=\"480\" src=\"https:\/\/bambapolitica.com.mx\/wp-content\/uploads\/2021\/11\/FOTO-MSH-ENTREGA-MATERIALES-EDUCATIVOS-3-1.jpeg\" alt=\"\" class=\"wp-image-35695\" srcset=\"https:\/\/bambapolitica.com.mx\/wp-content\/uploads\/2021\/11\/FOTO-MSH-ENTREGA-MATERIALES-EDUCATIVOS-3-1.jpeg 720w, https:\/\/bambapolitica.com.mx\/wp-content\/uploads\/2021\/11\/FOTO-MSH-ENTREGA-MATERIALES-EDUCATIVOS-3-1-300x200.jpeg 300w, https:\/\/bambapolitica.com.mx\/wp-content\/uploads\/2021\/11\/FOTO-MSH-ENTREGA-MATERIALES-EDUCATIVOS-3-1-219x146.jpeg 219w, https:\/\/bambapolitica.com.mx\/wp-content\/uploads\/2021\/11\/FOTO-MSH-ENTREGA-MATERIALES-EDUCATIVOS-3-1-50x33.jpeg 50w, https:\/\/bambapolitica.com.mx\/wp-content\/uploads\/2021\/11\/FOTO-MSH-ENTREGA-MATERIALES-EDUCATIVOS-3-1-113x75.jpeg 113w\" sizes=\"auto, (max-width: 720px) 100vw, 720px\" \/><\/figure><\/div>\n\n\n\n<p class=\"has-medium-font-size\">La alcaldesa de Ixtapaluca Maricela Serrano hizo entrega de mobiliario a 62 escuelas de nivel b\u00e1sico y medio superior, equipo de c\u00f3mputo para supervisiones escolares, as\u00ed como mochilas con \u00fatiles que benefician a un promedio de 90 mil alumnos y alumnas, y afirm\u00f3 que este gobierno con sentido humano seguir\u00e1 coadyuvando con las instituciones para abonar al desarrollo acad\u00e9mico.<\/p>\n\n\n\n<div class=\"wp-block-image\"><figure class=\"aligncenter size-large\"><img loading=\"lazy\" decoding=\"async\" width=\"720\" height=\"480\" src=\"https:\/\/bambapolitica.com.mx\/wp-content\/uploads\/2021\/11\/FOTO-MSH-ENTREGA-MATERIALES-EDUCATIVOS-2.jpeg\" alt=\"\" class=\"wp-image-35696\" srcset=\"https:\/\/bambapolitica.com.mx\/wp-content\/uploads\/2021\/11\/FOTO-MSH-ENTREGA-MATERIALES-EDUCATIVOS-2.jpeg 720w, https:\/\/bambapolitica.com.mx\/wp-content\/uploads\/2021\/11\/FOTO-MSH-ENTREGA-MATERIALES-EDUCATIVOS-2-300x200.jpeg 300w, https:\/\/bambapolitica.com.mx\/wp-content\/uploads\/2021\/11\/FOTO-MSH-ENTREGA-MATERIALES-EDUCATIVOS-2-219x146.jpeg 219w, https:\/\/bambapolitica.com.mx\/wp-content\/uploads\/2021\/11\/FOTO-MSH-ENTREGA-MATERIALES-EDUCATIVOS-2-50x33.jpeg 50w, https:\/\/bambapolitica.com.mx\/wp-content\/uploads\/2021\/11\/FOTO-MSH-ENTREGA-MATERIALES-EDUCATIVOS-2-113x75.jpeg 113w\" sizes=\"auto, (max-width: 720px) 100vw, 720px\" \/><\/figure><\/div>\n\n\n\n<p class=\"has-medium-font-size\">En la explanada municipal, indic\u00f3 que durante los 9 a\u00f1os de este proyecto de gobierno se ha trabajado bajo la m\u00edstica de que la pol\u00edtica debe ser de beneficio social y no la abstracci\u00f3n demag\u00f3gica.<\/p>\n\n\n\n<p class=\"has-medium-font-size\">\u201cCon mucha satisfacci\u00f3n hicimos el ejercicio de un gobierno honesto y bien planeado, lo cual nos ha valido la certificaci\u00f3n del gobierno federal; nos satisface ver que cumplimos con dignidad y valent\u00eda esa meta, sobre todo en el terreno de la educaci\u00f3n pues un pueblo culto ser\u00e1 libre y podr\u00e1 so\u00f1ar con un mejor bienestar\u201d, enfatiz\u00f3.<\/p>\n\n\n\n<div class=\"wp-block-image\"><figure class=\"aligncenter size-large\"><img loading=\"lazy\" decoding=\"async\" width=\"1024\" height=\"768\" src=\"https:\/\/bambapolitica.com.mx\/wp-content\/uploads\/2021\/11\/FOTOS-ENTREGA-DE-MATERIALES-A-ESCUELAS-1-1024x768.jpg\" alt=\"\" class=\"wp-image-35698\" srcset=\"https:\/\/bambapolitica.com.mx\/wp-content\/uploads\/2021\/11\/FOTOS-ENTREGA-DE-MATERIALES-A-ESCUELAS-1-1024x768.jpg 1024w, https:\/\/bambapolitica.com.mx\/wp-content\/uploads\/2021\/11\/FOTOS-ENTREGA-DE-MATERIALES-A-ESCUELAS-1-300x225.jpg 300w, https:\/\/bambapolitica.com.mx\/wp-content\/uploads\/2021\/11\/FOTOS-ENTREGA-DE-MATERIALES-A-ESCUELAS-1-768x576.jpg 768w, https:\/\/bambapolitica.com.mx\/wp-content\/uploads\/2021\/11\/FOTOS-ENTREGA-DE-MATERIALES-A-ESCUELAS-1-1536x1152.jpg 1536w, https:\/\/bambapolitica.com.mx\/wp-content\/uploads\/2021\/11\/FOTOS-ENTREGA-DE-MATERIALES-A-ESCUELAS-1-2048x1536.jpg 2048w, https:\/\/bambapolitica.com.mx\/wp-content\/uploads\/2021\/11\/FOTOS-ENTREGA-DE-MATERIALES-A-ESCUELAS-1-195x146.jpg 195w, https:\/\/bambapolitica.com.mx\/wp-content\/uploads\/2021\/11\/FOTOS-ENTREGA-DE-MATERIALES-A-ESCUELAS-1-50x38.jpg 50w, https:\/\/bambapolitica.com.mx\/wp-content\/uploads\/2021\/11\/FOTOS-ENTREGA-DE-MATERIALES-A-ESCUELAS-1-100x75.jpg 100w\" sizes=\"auto, (max-width: 1024px) 100vw, 1024px\" \/><\/figure><\/div>\n\n\n\n<p class=\"has-medium-font-size\">Serrano enumer\u00f3 que este proyecto logr\u00f3 consolidar 437 aulas, 274 techumbres escolares y 70 m\u00f3dulos escolares que abonan a una mejor infraestructura educativa, y ratific\u00f3 su compromiso con el sector y los padres de familia de que continuar\u00e1 trabajando desde cualquier trinchera, a favor de la educaci\u00f3n para que la ni\u00f1ez y juventud no claudiquen en su preparaci\u00f3n.<\/p>\n\n\n\n<p class=\"has-medium-font-size\">La titular de la direcci\u00f3n de Educaci\u00f3n, Ivonne Atziry Reyes Guerra, detall\u00f3 que los apoyos municipales que se entregaron a las escuelas se solicitaron mediante oficio, y consisten en mobiliario como mesas trapezoidales, sillas kinder, mesa bancos, sillas universitarias, pizarrones blancos y centros de c\u00f3mputo de escritorio.<\/p>\n\n\n\n<p class=\"has-medium-font-size\">Adem\u00e1s, dijo, se dot\u00f3 de computadoras de escritorio a cada una de las 32 supervisiones, tanto federales como estatales, y la entrega de \u00fatiles escolares que constan de mochila, lapicera y libretas profesionales; en los pr\u00f3ximos d\u00edas se concluir\u00e1 en todas las escuelas de nivel preescolar y primaria, beneficiando a 60 mil alumnos.<\/p>\n","protected":false},"excerpt":{"rendered":"<p>\u2022 Expuso que estos apoyos se suman a la construcci\u00f3n de aulas, techumbres y m\u00f3dulos&#8230;<\/p>\n","protected":false},"author":4,"featured_media":35693,"comment_status":"closed","ping_status":"closed","sticky":false,"template":"","format":"standard","meta":{"footnotes":""},"categories":[4],"tags":[],"class_list":["post-35692","post","type-post","status-publish","format-standard","has-post-thumbnail","hentry","category-noticias-del-dia"],"_links":{"self":[{"href":"https:\/\/bambapolitica.com.mx\/index.php\/wp-json\/wp\/v2\/posts\/35692","targetHints":{"allow":["GET"]}}],"collection":[{"href":"https:\/\/bambapolitica.com.mx\/index.php\/wp-json\/wp\/v2\/posts"}],"about":[{"href":"https:\/\/bambapolitica.com.mx\/index.php\/wp-json\/wp\/v2\/types\/post"}],"author":[{"embeddable":true,"href":"https:\/\/bambapolitica.com.mx\/index.php\/wp-json\/wp\/v2\/users\/4"}],"replies":[{"embeddable":true,"href":"https:\/\/bambapolitica.com.mx\/index.php\/wp-json\/wp\/v2\/comments?post=35692"}],"version-history":[{"count":2,"href":"https:\/\/bambapolitica.com.mx\/index.php\/wp-json\/wp\/v2\/posts\/35692\/revisions"}],"predecessor-version":[{"id":35701,"href":"https:\/\/bambapolitica.com.mx\/index.php\/wp-json\/wp\/v2\/posts\/35692\/revisions\/35701"}],"wp:featuredmedia":[{"embeddable":true,"href":"https:\/\/bambapolitica.com.mx\/index.php\/wp-json\/wp\/v2\/media\/35693"}],"wp:attachment":[{"href":"https:\/\/bambapolitica.com.mx\/index.php\/wp-json\/wp\/v2\/media?parent=35692"}],"wp:term":[{"taxonomy":"category","embeddable":true,"href":"https:\/\/bambapolitica.com.mx\/index.php\/wp-json\/wp\/v2\/categories?post=35692"},{"taxonomy":"post_tag","embeddable":true,"href":"https:\/\/bambapolitica.com.mx\/index.php\/wp-json\/wp\/v2\/tags?post=35692"}],"curies":[{"name":"wp","href":"https:\/\/api.w.org\/{rel}","templated":true}]}}