{"id":35971,"date":"2021-11-04T12:08:03","date_gmt":"2021-11-04T18:08:03","guid":{"rendered":"http:\/\/bambapolitica.com.mx\/?p=35971"},"modified":"2021-11-04T12:08:07","modified_gmt":"2021-11-04T18:08:07","slug":"arrancan-campanas-de-vacunacion-contra-la-influenza-en-edomex","status":"publish","type":"post","link":"https:\/\/bambapolitica.com.mx\/index.php\/2021\/11\/04\/arrancan-campanas-de-vacunacion-contra-la-influenza-en-edomex\/","title":{"rendered":"Arrancan campa\u00f1as de vacunaci\u00f3n contra la influenza en edom\u00e9x"},"content":{"rendered":"\n<p class=\"has-medium-font-size\">Se contempla la aplicaci\u00f3n de 2.7 millones de dosis para brindar mayor enfermedad respiratoria durante la temporada invernal.<\/p>\n\n\n\n<div class=\"wp-block-image\"><figure class=\"aligncenter size-large\"><img loading=\"lazy\" decoding=\"async\" width=\"958\" height=\"596\" src=\"https:\/\/bambapolitica.com.mx\/wp-content\/uploads\/2021\/11\/la-campana-va-enfocada-a-1.jpg\" alt=\"\" class=\"wp-image-35973\" srcset=\"https:\/\/bambapolitica.com.mx\/wp-content\/uploads\/2021\/11\/la-campana-va-enfocada-a-1.jpg 958w, https:\/\/bambapolitica.com.mx\/wp-content\/uploads\/2021\/11\/la-campana-va-enfocada-a-1-300x187.jpg 300w, https:\/\/bambapolitica.com.mx\/wp-content\/uploads\/2021\/11\/la-campana-va-enfocada-a-1-768x478.jpg 768w, https:\/\/bambapolitica.com.mx\/wp-content\/uploads\/2021\/11\/la-campana-va-enfocada-a-1-235x146.jpg 235w, https:\/\/bambapolitica.com.mx\/wp-content\/uploads\/2021\/11\/la-campana-va-enfocada-a-1-50x31.jpg 50w, https:\/\/bambapolitica.com.mx\/wp-content\/uploads\/2021\/11\/la-campana-va-enfocada-a-1-121x75.jpg 121w\" sizes=\"auto, (max-width: 958px) 100vw, 958px\" \/><\/figure><\/div>\n\n\n\n<p class=\"has-medium-font-size\">Con el objetivo de brindar una mayor protecci\u00f3n a los grupos m\u00e1s susceptibles a presentar alguna enfermedad respiratoria durante la temporada invernal, este mi\u00e9rcoles inici\u00f3 la Campa\u00f1a de Vacunaci\u00f3n Contra la Influenza 2021-2022, que contempla la aplicaci\u00f3n de 2.7 millones de dosis en todo el Estado de M\u00e9xico.<\/p>\n\n\n\n<p class=\"has-medium-font-size\">Grupos prioritarios<\/p>\n\n\n\n<p class=\"has-medium-font-size\">En el municipio de El Oro, donde en representaci\u00f3n del gobernador de la entidad, Alfredo Del Mazo Maza, el secretario de Salud, Francisco Javier Fern\u00e1ndez Clamont, dio inicio con esta campa\u00f1a, enfocada sobre todo en ni\u00f1os y ni\u00f1as de entre 6 meses a 5 a\u00f1os de edad, personas adultas mayores, embarazadas y otros sectores cuya salud es m\u00e1s vulnerable en \u00e9poca invernal. <\/p>\n\n\n\n<p class=\"has-medium-font-size\">En esta campa\u00f1a, indic\u00f3 el tambi\u00e9n director del Instituto de Salud del Estado de M\u00e9xico (ISEM), se contemplan como grupos prioritarios de atenci\u00f3n a las personas con enfermedades cr\u00f3nicas, como diabetes e hipertensi\u00f3n; personas con padecimientos como VIH\/SIDA, entre otros grupos, por lo que reiter\u00f3 el llamado a acudir a su centro de salud m\u00e1s cercano. <\/p>\n\n\n\n<p class=\"has-medium-font-size\">Durante el arranque, al que tambi\u00e9n acudieron las titulares del Instituto de Seguridad Social del Estado de M\u00e9xico y Municipios (Issemym), as\u00ed como del \u00d3rgano de Operaci\u00f3n Administrativa Desconcentrada Regional Estado de M\u00e9xico Poniente del IMSS, el secretario estatal explic\u00f3 que esta vacuna tiene entre 65 y 84 por ciento de eficacia contra dicha enfermedad, e igualmente disminuye los riesgos de que el padecimiento se complique, adem\u00e1s de reducir la posibilidad de hospitalizaci\u00f3n.<\/p>\n\n\n\n<figure class=\"wp-block-embed-twitter wp-block-embed is-type-rich is-provider-twitter\"><div class=\"wp-block-embed__wrapper\">\n<blockquote class=\"twitter-tweet\" data-width=\"550\" data-dnt=\"true\"><p lang=\"es\" dir=\"ltr\">\ud83d\uddde\ufe0f <a href=\"https:\/\/twitter.com\/hashtag\/ComunicadoSalud?src=hash&amp;ref_src=twsrc%5Etfw\">#ComunicadoSalud<\/a> | Inicia en Edom\u00e9x la Campa\u00f1a de Vacunaci\u00f3n Contra la Influenza 2021-2022<br>\u2705 Pone en marcha <a href=\"https:\/\/twitter.com\/Edomex?ref_src=twsrc%5Etfw\">@Edomex<\/a> esta campa\u00f1a, con la finalidad de proteger la salud de los mexiquenses durante la \u00e9poca invernal.<br>\ud83d\uddde\ufe0f M\u00e1s detalles \ud83d\udc49 <a href=\"https:\/\/t.co\/OcG20QfvzG\">https:\/\/t.co\/OcG20QfvzG<\/a> <a href=\"https:\/\/t.co\/hQi2Bj36uU\">pic.twitter.com\/hQi2Bj36uU<\/a><\/p>&mdash; Secretar\u00eda de Salud del Estado de M\u00e9xico (@SaludEdomex) <a href=\"https:\/\/twitter.com\/SaludEdomex\/status\/1455988359923486724?ref_src=twsrc%5Etfw\">November 3, 2021<\/a><\/blockquote><script async src=\"https:\/\/platform.twitter.com\/widgets.js\" charset=\"utf-8\"><\/script>\n<\/div><\/figure>\n\n\n\n<p class=\"has-medium-font-size\">&#8220;Es una vacuna contra la influenza de primera calidad, realizada por un laboratorio de primer mundo, tiene tres componentes ( \u2026) se hacen estudios de investigaci\u00f3n y determinan cu\u00e1les son las cepas que puedan estarse contagiando en esta \u00e9poca invernal\u201d.<\/p>\n\n\n\n<p class=\"has-medium-font-size\">Indic\u00f3 que con este biol\u00f3gico se disminuye el riesgo de complicaciones cardiovasculares desde 5 hasta 47 por ciento, mientras que el riesgo de hospitalizaci\u00f3n por influenza, disminuye de 6 hasta 20 por ciento. <\/p>\n\n\n\n<p class=\"has-medium-font-size\">\u201cEsta vacuna, y m\u00e1s en estos tiempos de pandemia, es fundamental, es importante vacunarse, sobre todo estos grupos\u201d.<\/p>\n\n\n\n<p class=\"has-medium-font-size\">Sigue baja en contagios de covid-19<\/p>\n\n\n\n<p class=\"has-medium-font-size\">En este marco, el funcionario estatal tambi\u00e9n efiri\u00f3 que actualmente la entidad mantiene una disminuci\u00f3n constante en el n\u00famero de casos confirmados a covid-19, as\u00ed como en los \u00edndices de ocupaci\u00f3n hospitalaria, tanto en camas generales, como en camas con disponibilidad de ventilador; pero subray\u00f3, \u2018no ha terminado la pandemia\u2019, de ah\u00ed la importancia de realizar tareas preventivas, como esta campa\u00f1a de vacunaci\u00f3n.<\/p>\n\n\n\n<p class=\"has-medium-font-size\">M\u00f3dulos especiales<\/p>\n\n\n\n<p class=\"has-medium-font-size\">Indic\u00f3 que para continuar con la Estrategia Nacional de Vacunaci\u00f3n contra el Covid-19, se ha dise\u00f1ado una campa\u00f1a especial para completar el esquema, en aquellos grupos que por diversas razones no pudieron acudir a aplicarse la primera o la segunda dosis del biol\u00f3gico. <\/p>\n\n\n\n<p class=\"has-medium-font-size\">Estos m\u00f3dulos especiales, a\u00f1adi\u00f3, estar\u00e1n aplicando estas dosis, a partir de este mi\u00e9rcoles 3 y hasta el viernes 5 de noviembre, tanto en el municipio de Toluca, como en Nezahualc\u00f3yotl.<\/p>\n\n\n\n<p class=\"has-medium-font-size\">Rehabilitaci\u00f3n de unidades m\u00e9dicas<\/p>\n\n\n\n<p class=\"has-medium-font-size\">A estas tareas, a\u00f1adi\u00f3, la administraci\u00f3n estatal tambi\u00e9n trabaja en la remodelaci\u00f3n y mantenimiento de las unidades m\u00e9dicas de primer nivel de atenci\u00f3n, donde se atienden m\u00e1s de 80 por ciento del total de padecimientos que se registran en la entidad. A\u00f1adi\u00f3 que adicionalmente se trabaja en el equipamiento, el abasto de medicamentos y equipos de protecci\u00f3n personal.<\/p>\n\n\n\n<p class=\"has-medium-font-size\">\u201cLa salud es lo m\u00e1s importante, para el gobernador, Alfredo del Mazo, es una de las prioridades, es un gobernador que ha enfrentado este gran reto de la pandemia y que ha sido puntual en el seguimiento de estas acciones\u201d.<\/p>\n","protected":false},"excerpt":{"rendered":"<p>Se contempla la aplicaci\u00f3n de 2.7 millones de dosis para brindar mayor enfermedad respiratoria durante&#8230;<\/p>\n","protected":false},"author":4,"featured_media":35972,"comment_status":"closed","ping_status":"closed","sticky":false,"template":"","format":"standard","meta":{"footnotes":""},"categories":[4],"tags":[],"class_list":["post-35971","post","type-post","status-publish","format-standard","has-post-thumbnail","hentry","category-noticias-del-dia"],"_links":{"self":[{"href":"https:\/\/bambapolitica.com.mx\/index.php\/wp-json\/wp\/v2\/posts\/35971","targetHints":{"allow":["GET"]}}],"collection":[{"href":"https:\/\/bambapolitica.com.mx\/index.php\/wp-json\/wp\/v2\/posts"}],"about":[{"href":"https:\/\/bambapolitica.com.mx\/index.php\/wp-json\/wp\/v2\/types\/post"}],"author":[{"embeddable":true,"href":"https:\/\/bambapolitica.com.mx\/index.php\/wp-json\/wp\/v2\/users\/4"}],"replies":[{"embeddable":true,"href":"https:\/\/bambapolitica.com.mx\/index.php\/wp-json\/wp\/v2\/comments?post=35971"}],"version-history":[{"count":1,"href":"https:\/\/bambapolitica.com.mx\/index.php\/wp-json\/wp\/v2\/posts\/35971\/revisions"}],"predecessor-version":[{"id":35974,"href":"https:\/\/bambapolitica.com.mx\/index.php\/wp-json\/wp\/v2\/posts\/35971\/revisions\/35974"}],"wp:featuredmedia":[{"embeddable":true,"href":"https:\/\/bambapolitica.com.mx\/index.php\/wp-json\/wp\/v2\/media\/35972"}],"wp:attachment":[{"href":"https:\/\/bambapolitica.com.mx\/index.php\/wp-json\/wp\/v2\/media?parent=35971"}],"wp:term":[{"taxonomy":"category","embeddable":true,"href":"https:\/\/bambapolitica.com.mx\/index.php\/wp-json\/wp\/v2\/categories?post=35971"},{"taxonomy":"post_tag","embeddable":true,"href":"https:\/\/bambapolitica.com.mx\/index.php\/wp-json\/wp\/v2\/tags?post=35971"}],"curies":[{"name":"wp","href":"https:\/\/api.w.org\/{rel}","templated":true}]}}