{"id":36015,"date":"2021-11-05T09:07:12","date_gmt":"2021-11-05T15:07:12","guid":{"rendered":"http:\/\/bambapolitica.com.mx\/?p=36015"},"modified":"2021-11-05T09:11:16","modified_gmt":"2021-11-05T15:11:16","slug":"sala-superior-ratifica-pluris-en-veracruz","status":"publish","type":"post","link":"https:\/\/bambapolitica.com.mx\/index.php\/2021\/11\/05\/sala-superior-ratifica-pluris-en-veracruz\/","title":{"rendered":"Sala Superior ratifica Pluris en Veracruz!!!"},"content":{"rendered":"\n<p class=\"has-medium-font-size\"><strong>San se acab\u00f3!!!<\/strong><\/p>\n\n\n\n<p class=\"has-medium-font-size\"><strong>Sala Superior del TEPJF ratifica lista de Pluris en Veracruz.<\/strong><\/p>\n\n\n\n<p class=\"has-medium-font-size\">**Fue ratificada por el OPLE, el TEV, Sala Regional y finalmente por la Sala Superior.<br>**Personajes como H\u00e9ctor Yunes Landa, Ana Ledezma y Adri\u00e1n \u00c1vila Estrada se quedan sin hueso.<br>**Abogado que defend\u00eda a Ana Ledezma es el mismo que defiende a Paty Lobeira, mal augurio en tribunales.<\/p>\n\n\n\n<p class=\"has-medium-font-size\">CDMX. 05 noviembre 2021.<\/p>\n\n\n\n<p class=\"has-medium-font-size\">Esta tarde la Sala Superior del Tribunal Electoral del Poder Judicial de la Federaci\u00f3n (TEPJF) ratific\u00f3 la lista de Diputaciones Plurinominales en el estado de Veracruz, lo cu\u00e1l viene a concluir el proceso legal que diferentes actores pol\u00edticos interpusieron en tribunales electorales para intentar (fallidamente) modificar dicha lista que desde un principio fue validada por el OPLE, luego por el TEV, despu\u00e9s por la Sala Regional, y finalmente por la Sala Superior.<\/p>\n\n\n\n<p class=\"has-medium-font-size\">Personajes pol\u00edticos como el priista H\u00e9ctor Yunes Landa, el convergente Adri\u00e1n \u00c1vila Estada, o la panista Ana Ledezma, se quedaron chiflando en la loma y sin hueso por los pr\u00f3ximos 3 a\u00f1os tras haber impugnado sin \u00e9xito dicha lista que confirm\u00f3 este jueves la \u00faltima instancia legal a la que ten\u00edan opci\u00f3n.<\/p>\n\n\n\n<p class=\"has-medium-font-size\">Llama la atenci\u00f3n el caso de la panista Ana Ledezma a quien los del Clan-Yunes le pusieron a todo el quipo jur\u00eddico para intentar a toda costa que entrara como Diputada Local.<\/p>\n\n\n\n<p class=\"has-medium-font-size\">El equipo legal que trabajaba en favor de Ana Ledezma intent\u00f3 hasta \u00faltimo momento y sobre la mesa del TEPJF que la lista se moviera para impedir de ese modo que Bingen Rementer\u00eda Molina llegara como Diputado Local del PAN.<\/p>\n\n\n\n<p class=\"has-medium-font-size\">Cabe resaltar que los abogados que intercedieron por Ana Ledezma son los mismos que defiende en tribunales el &#8220;triunfo&#8221; de Patricia Loberia, por lo que la resoluci\u00f3n de hoy en la Sala Superior del TEPJF fue un verdadero palo para el costoso equipo jur\u00eddico de la Familia Yunes M\u00e1rquez y un muy mal augurio para el resolutivo de la elecci\u00f3n municipal de Veracruz.<\/p>\n\n\n\n<p class=\"has-medium-font-size\">Ni hablar, se puede decir que dentro del PAN con este resolutivo del TEPJF pone el marcador Julen Rementer\u00eda 1\u2026Los Yunes 0.<\/p>\n\n\n\n<p class=\"has-medium-font-size\">Felicidades a los nuevos Diputados Locales que tomar\u00e1n protesta ma\u00f1ana viernes 05 de noviembre. Hagan un buen trabajo!!!<\/p>\n\n\n\n<p class=\"has-medium-font-size\">A los que quedaron fuera, un consejo\u2026.p\u00f3nganse a trabajar por que del erario ya no vivir\u00e1n!!!<\/p>\n","protected":false},"excerpt":{"rendered":"<p>San se acab\u00f3!!! Sala Superior del TEPJF ratifica lista de Pluris en Veracruz. **Fue ratificada&#8230;<\/p>\n","protected":false},"author":4,"featured_media":36016,"comment_status":"closed","ping_status":"closed","sticky":false,"template":"","format":"standard","meta":{"footnotes":""},"categories":[4],"tags":[],"class_list":["post-36015","post","type-post","status-publish","format-standard","has-post-thumbnail","hentry","category-noticias-del-dia"],"_links":{"self":[{"href":"https:\/\/bambapolitica.com.mx\/index.php\/wp-json\/wp\/v2\/posts\/36015","targetHints":{"allow":["GET"]}}],"collection":[{"href":"https:\/\/bambapolitica.com.mx\/index.php\/wp-json\/wp\/v2\/posts"}],"about":[{"href":"https:\/\/bambapolitica.com.mx\/index.php\/wp-json\/wp\/v2\/types\/post"}],"author":[{"embeddable":true,"href":"https:\/\/bambapolitica.com.mx\/index.php\/wp-json\/wp\/v2\/users\/4"}],"replies":[{"embeddable":true,"href":"https:\/\/bambapolitica.com.mx\/index.php\/wp-json\/wp\/v2\/comments?post=36015"}],"version-history":[{"count":2,"href":"https:\/\/bambapolitica.com.mx\/index.php\/wp-json\/wp\/v2\/posts\/36015\/revisions"}],"predecessor-version":[{"id":36021,"href":"https:\/\/bambapolitica.com.mx\/index.php\/wp-json\/wp\/v2\/posts\/36015\/revisions\/36021"}],"wp:featuredmedia":[{"embeddable":true,"href":"https:\/\/bambapolitica.com.mx\/index.php\/wp-json\/wp\/v2\/media\/36016"}],"wp:attachment":[{"href":"https:\/\/bambapolitica.com.mx\/index.php\/wp-json\/wp\/v2\/media?parent=36015"}],"wp:term":[{"taxonomy":"category","embeddable":true,"href":"https:\/\/bambapolitica.com.mx\/index.php\/wp-json\/wp\/v2\/categories?post=36015"},{"taxonomy":"post_tag","embeddable":true,"href":"https:\/\/bambapolitica.com.mx\/index.php\/wp-json\/wp\/v2\/tags?post=36015"}],"curies":[{"name":"wp","href":"https:\/\/api.w.org\/{rel}","templated":true}]}}