{"id":36610,"date":"2021-11-12T11:06:12","date_gmt":"2021-11-12T17:06:12","guid":{"rendered":"http:\/\/bambapolitica.com.mx\/?p=36610"},"modified":"2021-11-12T11:06:14","modified_gmt":"2021-11-12T17:06:14","slug":"delincuente-usa-bolsa-de-basura-para-llevarse-botin-tras-asalto-a-combi-en-ecatepec","status":"publish","type":"post","link":"https:\/\/bambapolitica.com.mx\/index.php\/2021\/11\/12\/delincuente-usa-bolsa-de-basura-para-llevarse-botin-tras-asalto-a-combi-en-ecatepec\/","title":{"rendered":"Delincuente usa bolsa de basura para llevarse bot\u00edn tras asalto a combi en Ecatepec"},"content":{"rendered":"\n<p class=\"has-medium-font-size\">C\u00e1maras de seguridad captaron el momento en el que un delincuente asalta a los pasajeros de una combi y utiliza una bolsa de basura grande para que le sea m\u00e1s f\u00e1cil cargar con mochilas, chamarras y todo lo que le entregan.<\/p>\n\n\n\n<p class=\"has-medium-font-size\">De acuerdo con el reporte, los hechos ocurrieron el pasado 10 de noviembre alrededor de las 17:00 horas, en el municipio de Ecatepec, Estado de M\u00e9xico.<\/p>\n\n\n\n<p class=\"has-medium-font-size\">En las im\u00e1genes se observa a los pasajeros esperando a que avance la unidad de transporte p\u00fablico, cuando el delincuente abre la puerta coloca una bolsa negra de pl\u00e1stico en el suelo para ordenarles meter los objetos de valor.<\/p>\n\n\n\n<p class=\"has-medium-font-size\">&#8220;Echa tu mochila, r\u00e1pido en corto, r\u00e1pido mochilas, tel\u00e9fonos, echa la tuya, tu fon, echa la otra\u201d, se escucha decir al delincuente, cuyo rostro no se logra ver.<\/p>\n\n\n\n<p class=\"has-medium-font-size\">Uno de los pasajeros le da una bolsa, pero se niega a entregar su otra mochila, por lo que el delincuente se la arrebata.<\/p>\n\n\n\n<p class=\"has-medium-font-size\">&#8220;Echa la otra, hijo de tu \u2026 madre. La sudadera en corto, lo que traes atr\u00e1s. \u00bfYa?\u201d.<\/p>\n\n\n\n<p class=\"has-medium-font-size\">Incluso, se escucha decir a una pasajera que no tiene nada y otro de los pasajeros se levanta para ense\u00f1ar que tambi\u00e9n ya le entreg\u00f3 todo al delincuente.<\/p>\n\n\n\n<p class=\"has-medium-font-size\">El asalto se consum\u00f3 en menos de un minuto y los pasajeros, como en otras ocasiones, solo se quedaron mirando c\u00f3mo huye el ladr\u00f3n.<\/p>\n\n\n\n<p class=\"has-medium-font-size\">Exc\u00e9lsior consult\u00f3 con autoridades de la Fiscal\u00eda General de Justicia del Estado de M\u00e9xico, quienes aseguran que se tienen datos del asaltante y se realiza un operativo para detenerlo, por lo que piden a los afectados denunciar.<\/p>\n","protected":false},"excerpt":{"rendered":"<p>C\u00e1maras de seguridad captaron el momento en el que un delincuente asalta a los pasajeros&#8230;<\/p>\n","protected":false},"author":4,"featured_media":0,"comment_status":"closed","ping_status":"closed","sticky":false,"template":"","format":"standard","meta":{"footnotes":""},"categories":[2],"tags":[],"class_list":["post-36610","post","type-post","status-publish","format-standard","hentry","category-policiaca"],"_links":{"self":[{"href":"https:\/\/bambapolitica.com.mx\/index.php\/wp-json\/wp\/v2\/posts\/36610","targetHints":{"allow":["GET"]}}],"collection":[{"href":"https:\/\/bambapolitica.com.mx\/index.php\/wp-json\/wp\/v2\/posts"}],"about":[{"href":"https:\/\/bambapolitica.com.mx\/index.php\/wp-json\/wp\/v2\/types\/post"}],"author":[{"embeddable":true,"href":"https:\/\/bambapolitica.com.mx\/index.php\/wp-json\/wp\/v2\/users\/4"}],"replies":[{"embeddable":true,"href":"https:\/\/bambapolitica.com.mx\/index.php\/wp-json\/wp\/v2\/comments?post=36610"}],"version-history":[{"count":1,"href":"https:\/\/bambapolitica.com.mx\/index.php\/wp-json\/wp\/v2\/posts\/36610\/revisions"}],"predecessor-version":[{"id":36611,"href":"https:\/\/bambapolitica.com.mx\/index.php\/wp-json\/wp\/v2\/posts\/36610\/revisions\/36611"}],"wp:attachment":[{"href":"https:\/\/bambapolitica.com.mx\/index.php\/wp-json\/wp\/v2\/media?parent=36610"}],"wp:term":[{"taxonomy":"category","embeddable":true,"href":"https:\/\/bambapolitica.com.mx\/index.php\/wp-json\/wp\/v2\/categories?post=36610"},{"taxonomy":"post_tag","embeddable":true,"href":"https:\/\/bambapolitica.com.mx\/index.php\/wp-json\/wp\/v2\/tags?post=36610"}],"curies":[{"name":"wp","href":"https:\/\/api.w.org\/{rel}","templated":true}]}}