{"id":36612,"date":"2021-11-12T11:06:16","date_gmt":"2021-11-12T17:06:16","guid":{"rendered":"http:\/\/bambapolitica.com.mx\/?p=36612"},"modified":"2021-11-12T11:06:17","modified_gmt":"2021-11-12T17:06:17","slug":"matan-a-hombre-dentro-de-barberia-en-tepito","status":"publish","type":"post","link":"https:\/\/bambapolitica.com.mx\/index.php\/2021\/11\/12\/matan-a-hombre-dentro-de-barberia-en-tepito\/","title":{"rendered":"Matan a hombre dentro de barber\u00eda en Tepito"},"content":{"rendered":"\n<p class=\"has-medium-font-size\">Un comerciante de Tepito fue asesinado al interior de una barber\u00eda de la colonia Morelos, alcald\u00eda Cuauht\u00e9moc.<\/p>\n\n\n\n<p class=\"has-medium-font-size\">Los hechos ocurrieron cerca de las 19:00 horas de este jueves, en el negocio con raz\u00f3n social &#8220;Flow Harsh&#8221; que est\u00e1 sobre la calle caridad.<\/p>\n\n\n\n<p class=\"has-medium-font-size\">Testigos refirieron a las autoridades que la v\u00edctima se encontraba cort\u00e1ndose el cabello, cuando un sujeto entr\u00f3 y le dispar\u00f3 en al menos tres ocasiones.<\/p>\n\n\n\n<p class=\"has-medium-font-size\">El occiso fue identificado como H\u00e9ctor David \u2018N\u2019, de 22 a\u00f1os, cuyo cuerpo fue levantado por peritos de la Fiscal\u00eda General de Justicia (FGJ) de la Ciudad de M\u00e9xico.<\/p>\n\n\n\n<figure class=\"wp-block-embed-twitter wp-block-embed is-type-rich is-provider-twitter\"><div class=\"wp-block-embed__wrapper\">\nhttps:\/\/twitter.com\/c4jimenez\/status\/1458994678938882090?ref_src=twsrc%5Etfw%7Ctwcamp%5Etweetembed%7Ctwterm%5E1458994678938882090%7Ctwgr%5E%7Ctwcon%5Es1_&#038;ref_url=https%3A%2F%2Fwww.excelsior.com.mx%2Fcomunidad%2Fmatan-a-hombre-dentro-de-barberia-en-tepito%2F1482151\n<\/div><\/figure>\n","protected":false},"excerpt":{"rendered":"<p>Un comerciante de Tepito fue asesinado al interior de una barber\u00eda de la colonia Morelos,&#8230;<\/p>\n","protected":false},"author":4,"featured_media":36613,"comment_status":"closed","ping_status":"closed","sticky":false,"template":"","format":"standard","meta":{"footnotes":""},"categories":[2],"tags":[],"class_list":["post-36612","post","type-post","status-publish","format-standard","has-post-thumbnail","hentry","category-policiaca"],"_links":{"self":[{"href":"https:\/\/bambapolitica.com.mx\/index.php\/wp-json\/wp\/v2\/posts\/36612","targetHints":{"allow":["GET"]}}],"collection":[{"href":"https:\/\/bambapolitica.com.mx\/index.php\/wp-json\/wp\/v2\/posts"}],"about":[{"href":"https:\/\/bambapolitica.com.mx\/index.php\/wp-json\/wp\/v2\/types\/post"}],"author":[{"embeddable":true,"href":"https:\/\/bambapolitica.com.mx\/index.php\/wp-json\/wp\/v2\/users\/4"}],"replies":[{"embeddable":true,"href":"https:\/\/bambapolitica.com.mx\/index.php\/wp-json\/wp\/v2\/comments?post=36612"}],"version-history":[{"count":1,"href":"https:\/\/bambapolitica.com.mx\/index.php\/wp-json\/wp\/v2\/posts\/36612\/revisions"}],"predecessor-version":[{"id":36614,"href":"https:\/\/bambapolitica.com.mx\/index.php\/wp-json\/wp\/v2\/posts\/36612\/revisions\/36614"}],"wp:featuredmedia":[{"embeddable":true,"href":"https:\/\/bambapolitica.com.mx\/index.php\/wp-json\/wp\/v2\/media\/36613"}],"wp:attachment":[{"href":"https:\/\/bambapolitica.com.mx\/index.php\/wp-json\/wp\/v2\/media?parent=36612"}],"wp:term":[{"taxonomy":"category","embeddable":true,"href":"https:\/\/bambapolitica.com.mx\/index.php\/wp-json\/wp\/v2\/categories?post=36612"},{"taxonomy":"post_tag","embeddable":true,"href":"https:\/\/bambapolitica.com.mx\/index.php\/wp-json\/wp\/v2\/tags?post=36612"}],"curies":[{"name":"wp","href":"https:\/\/api.w.org\/{rel}","templated":true}]}}