{"id":36615,"date":"2021-11-12T11:06:20","date_gmt":"2021-11-12T17:06:20","guid":{"rendered":"http:\/\/bambapolitica.com.mx\/?p=36615"},"modified":"2021-11-12T11:06:22","modified_gmt":"2021-11-12T17:06:22","slug":"al-fin-libre-juez-estudiara-poner-fin-a-las-restricciones-de-britney-spears","status":"publish","type":"post","link":"https:\/\/bambapolitica.com.mx\/index.php\/2021\/11\/12\/al-fin-libre-juez-estudiara-poner-fin-a-las-restricciones-de-britney-spears\/","title":{"rendered":"\u00bfAl fin libre? Juez estudiar\u00e1 poner fin a las restricciones de Britney Spears"},"content":{"rendered":"\n<p class=\"has-medium-font-size\">La superestrella del pop&nbsp;Britney Spears podr\u00eda quedar libre a partir del viernes&nbsp;de una&nbsp;tutela que ha calificado de abusiva y humillante, si un juez de Los \u00c1ngeles falla a su favor y pone fin a un arreglo legal que dur\u00f3&nbsp;ya 13 a\u00f1os.<\/p>\n\n\n\n<p class=\"has-medium-font-size\">La cantante de &#8220;Piece of me&#8221;, de 39 a\u00f1os, ha rogado al tribunal que ponga fin a la tutela que ha regido su vida personal y su patrimonio de 60 millones de d\u00f3lares desde 2008.<\/p>\n\n\n\n<p class=\"has-medium-font-size\">El arreglo fue organizado y supervisado por el padre de la cantante despu\u00e9s de que&nbsp;ella tuvo un colapso p\u00fablico y se someti\u00f3 a un tratamiento por problemas de salud mental&nbsp;no revelados.<\/p>\n\n\n\n<p class=\"has-medium-font-size\">Desde que revel\u00f3 a\u00f1os de angustia privada en un testimonio entre l\u00e1grimas en junio,&nbsp;Spears ha recibido una oleada de apoyo p\u00fablico&nbsp;y ha contratado a un nuevo abogado que se ha movido de forma agresiva para poner fin a las restricciones.<\/p>\n\n\n\n<p class=\"has-medium-font-size\">Est\u00e1 previsto que la juez del Tribunal Superior del condado de Los \u00c1ngeles Brenda Penny eval\u00fae esa solicitud y se pronuncie posiblemente sobre el asunto en una audiencia p\u00fablica el viernes. Ninguno de los involucrados en la tutela se opone a lasolicitud.<\/p>\n\n\n\n<p class=\"has-medium-font-size\">&#8220;\u00a1Esta semana va a ser muy interesante para m\u00ed!&#8221;, escribi\u00f3 Spears en Instagram a principios de esta semana.<\/p>\n\n\n\n<p class=\"has-medium-font-size\">&#8220;\u00a1No he rezado m\u00e1s por algo en mi vida!&#8221;.<\/p>\n\n\n\n<p class=\"has-medium-font-size\">No est\u00e1 claro si la cantante comparecer\u00e1 en persona en la corte el viernes o hablar\u00e1 por audio como lo ha hecho a veces en el pasado.<\/p>\n\n\n\n<p class=\"has-medium-font-size\">Una pregunta clave es si Penny podr\u00eda requerir que Spears se someta a una evaluaci\u00f3n de salud mental, un paso que a menudo se toma antes de terminar una tutela.&nbsp;La cantante ha pedido ser liberada sin una nueva evaluaci\u00f3n psiqui\u00e1trica.<\/p>\n\n\n\n<p class=\"has-medium-font-size\">En junio, Spears&nbsp;dijo a la corte que hab\u00eda quedado traumatizada y quer\u00eda su &#8220;vida de regreso&#8221;&nbsp;lo antes posible. Afirm\u00f3 que la hab\u00edan obligado a trabajar y tomar medicamentos encontra de su voluntad y que&nbsp;se le impidi\u00f3 casarse o incluso arreglarse el pelo y las u\u00f1as.<\/p>\n\n\n\n<p class=\"has-medium-font-size\">Su padre, Jamie Spears, dijo a trav\u00e9s de abogados que ayud\u00f3a su hija a rehabilitar su carrera y que siempre actu\u00f3 en su mejor inter\u00e9s. En una decisi\u00f3n inesperada a principios de septiembre, cambi\u00f3 su postura sobre la tutela y dijo que apoyaba su fin, porque el acuerdo la hab\u00eda ayudado y ya no era necesario.<\/p>\n\n\n\n<p class=\"has-medium-font-size\">Penny suspendi\u00f3 a Jamie Spears de la tutela a fines de septiembre, calific\u00f3 su participaci\u00f3n de &#8220;t\u00f3xica&#8221; para el bienestar del cantante y lo sustituy\u00f3 de forma temporal por un contable.<\/p>\n\n\n\n<p class=\"has-medium-font-size\">El inter\u00e9s en el caso fue impulsado el a\u00f1o pasado por documentales y el movimiento de fans&nbsp;#FreeBritney&nbsp;que cuestionaron por qu\u00e9 la cantante ha vivido bajo restricciones mientras realiza exitosas giras alrededor del mundo y gana millones de d\u00f3lares.<\/p>\n\n\n\n<p class=\"has-medium-font-size\">Sus seguidores, que se han reunido fuera del juzgado agitando letreros rosas para mostrar su apoyo, planean realizar una celebraci\u00f3n el viernes por la noche si la juez entrega el fallo hist\u00f3rico que esperan.<\/p>\n","protected":false},"excerpt":{"rendered":"<p>La superestrella del pop&nbsp;Britney Spears podr\u00eda quedar libre a partir del viernes&nbsp;de una&nbsp;tutela que ha&#8230;<\/p>\n","protected":false},"author":4,"featured_media":36616,"comment_status":"closed","ping_status":"closed","sticky":false,"template":"","format":"standard","meta":{"footnotes":""},"categories":[3],"tags":[],"class_list":["post-36615","post","type-post","status-publish","format-standard","has-post-thumbnail","hentry","category-espectaculos"],"_links":{"self":[{"href":"https:\/\/bambapolitica.com.mx\/index.php\/wp-json\/wp\/v2\/posts\/36615","targetHints":{"allow":["GET"]}}],"collection":[{"href":"https:\/\/bambapolitica.com.mx\/index.php\/wp-json\/wp\/v2\/posts"}],"about":[{"href":"https:\/\/bambapolitica.com.mx\/index.php\/wp-json\/wp\/v2\/types\/post"}],"author":[{"embeddable":true,"href":"https:\/\/bambapolitica.com.mx\/index.php\/wp-json\/wp\/v2\/users\/4"}],"replies":[{"embeddable":true,"href":"https:\/\/bambapolitica.com.mx\/index.php\/wp-json\/wp\/v2\/comments?post=36615"}],"version-history":[{"count":2,"href":"https:\/\/bambapolitica.com.mx\/index.php\/wp-json\/wp\/v2\/posts\/36615\/revisions"}],"predecessor-version":[{"id":36641,"href":"https:\/\/bambapolitica.com.mx\/index.php\/wp-json\/wp\/v2\/posts\/36615\/revisions\/36641"}],"wp:featuredmedia":[{"embeddable":true,"href":"https:\/\/bambapolitica.com.mx\/index.php\/wp-json\/wp\/v2\/media\/36616"}],"wp:attachment":[{"href":"https:\/\/bambapolitica.com.mx\/index.php\/wp-json\/wp\/v2\/media?parent=36615"}],"wp:term":[{"taxonomy":"category","embeddable":true,"href":"https:\/\/bambapolitica.com.mx\/index.php\/wp-json\/wp\/v2\/categories?post=36615"},{"taxonomy":"post_tag","embeddable":true,"href":"https:\/\/bambapolitica.com.mx\/index.php\/wp-json\/wp\/v2\/tags?post=36615"}],"curies":[{"name":"wp","href":"https:\/\/api.w.org\/{rel}","templated":true}]}}