{"id":36621,"date":"2021-11-12T11:06:30","date_gmt":"2021-11-12T17:06:30","guid":{"rendered":"http:\/\/bambapolitica.com.mx\/?p=36621"},"modified":"2021-11-12T11:06:33","modified_gmt":"2021-11-12T17:06:33","slug":"carmen-salinas-en-coma-y-con-respiracion-artificial","status":"publish","type":"post","link":"https:\/\/bambapolitica.com.mx\/index.php\/2021\/11\/12\/carmen-salinas-en-coma-y-con-respiracion-artificial\/","title":{"rendered":"Carmen Salinas, en coma y con respiraci\u00f3n artificial"},"content":{"rendered":"\n<p class=\"has-medium-font-size\">Tras sufrir un derrame cerebral, la actriz Carmen Salinas, de 82 a\u00f1os de edad, est\u00e1 en coma y con respirador artificial e internada en el \u00e1rea de terapia intensiva en el hospital Star M\u00e9dica de la colonia Roma.<\/p>\n\n\n\n<p class=\"has-medium-font-size\">Fue su sobrino Gustavo Briones quien dio a conocer la noticia a primera hora del d\u00eda, a trav\u00e9s de un comunicado.<\/p>\n\n\n\n<p class=\"has-medium-font-size\">\u201cLa familia Salinas les comparte que la primera actriz, la Sra. Carmen Salinas, atraviesa por una dif\u00edcil situaci\u00f3n de salud, raz\u00f3n por la cual permanece en el \u00e1rea de terapia intensiva donde m\u00e9dicos especialistas la atienden. Por el respeto y cari\u00f1o que mi t\u00eda&nbsp; expresa a la prensa, se les mantendr\u00e1 informados sobre el estado de salud y evoluci\u00f3n\u201d, revel\u00f3 ayer la misiva.<\/p>\n\n\n\n<p class=\"has-medium-font-size\">Carmen Salinas ingres\u00f3 alrededor de la medianoche al nosocomio, tras vivir un mi\u00e9rcoles aparentemente normal. Seg\u00fan sus familiares, tras ver en su casa, ubicada en la colonia Anzures, la telenovela&nbsp;<em>Mi fortuna es amarte<\/em>, de la que es parte, la actriz se meti\u00f3 a ba\u00f1ar alrededor de las 22:00 horas del 10 de noviembre. Ante su tardanza, la mujer que le ayuda en casa acudi\u00f3 a revisar qu\u00e9 hab\u00eda pasado y la encontr\u00f3 desmayada en la regadera. Fue entonces que la llevaron al hospital.<\/p>\n\n\n\n<p class=\"has-medium-font-size\">Su nieta Carmen Plascencia, a las afueras del hospital, confirm\u00f3 que Carmen Salinas est\u00e1 en estado de coma.<\/p>\n\n\n\n<p class=\"has-medium-font-size\">\u201cActualmente, mi abuelita est\u00e1 en estado de coma con sus \u00f3rganos funcionando de manera natural, ella est\u00e1 haciendo que funcionen. El diagn\u00f3stico es un derrame cerebral en la parte del tallo. Estamos esperando c\u00f3mo progresa. Yo me siento un poco alterada, ella est\u00e1 con respiraci\u00f3n asistida, est\u00e1 con un ventilador, es la \u00fanica parte que est\u00e1 asistida, lo dem\u00e1s funciona por s\u00ed mismo.<\/p>\n\n\n\n<p class=\"has-medium-font-size\">\u201cSe empez\u00f3 a sentir mal de un momento para otro y los m\u00e9dicos nos han dicho que estemos aqu\u00ed al pendiente, pues el diagn\u00f3stico es delicado. Estamos esperando que progrese.<\/p>\n\n\n\n<p class=\"has-medium-font-size\">\u201cFue a las 10 de la noche aproximadamente (del mi\u00e9rcoles 10 de noviembre cuando pas\u00f3) en su casa. Ella, como siempre lo ha hecho, imparable, trabajando con todas las ganas, cen\u00f3, vio su telenovela y de pronto nos llamaron que estaba desmayada\u201d, comparti\u00f3 Plascencia, acerca del reporte m\u00e9dico de las 10:00 horas de ayer.<\/p>\n\n\n\n<p class=\"has-medium-font-size\">Su sobrino Gustavo Briones pidi\u00f3 oraciones por su t\u00eda y expres\u00f3 \u201cestoy destrozado ahorita por lo que est\u00e1 pasando\u201d.<\/p>\n\n\n\n<p class=\"has-medium-font-size\">\u201c(El coma) no es inducido, es natural. Anoche tuvo un desmayo. Est\u00e1bamos viendo su novela y cenando, porque ven\u00edamos de una grabaci\u00f3n. Ella estaba muy feliz y comentando que le estaban gustando mucho las actuaciones de quienes ve\u00edamos en la novela. Le dijo a la muchacha de la casa: \u2018me voy a ba\u00f1ar\u2019. Le dije: \u2018t\u00eda, me voy, porque ma\u00f1ana tenemos llamado a las 10 de la ma\u00f1ana\u2019. Y en eso me qued\u00e9.<\/p>\n\n\n\n<p class=\"has-medium-font-size\">\u201cDespu\u00e9s, cuando me hablaron las muchachas, me dijeron que estaba desvanecida. Le hablamos a la ambulancia y llegamos aqu\u00ed (al hospital). La ambulancia lleg\u00f3 muy r\u00e1pido, habl\u00e9 al 911 y fue en cuesti\u00f3n de minutos que lleg\u00f3 y la trajimos para ac\u00e1. El doctor lo que nos dice es que esto es de un momento a otro y es en un segundo lo que pasa\u201d, relat\u00f3 Briones.<\/p>\n\n\n\n<p class=\"has-medium-font-size\">El pasado 5 de octubre, la nacida en Torre\u00f3n en 1939, quien tiene antecedentes de hipertensi\u00f3n, celebr\u00f3 su cumplea\u00f1os 82. Hoy, al mediod\u00eda, ser\u00e1 celebrada una misa para pedir por su salud, oficiada por el padre Jos\u00e9 de Jes\u00fas Aguilar en la Parroquia de los Santos Cosme y Dami\u00e1n, en la colonia San Rafael.<\/p>\n","protected":false},"excerpt":{"rendered":"<p>Tras sufrir un derrame cerebral, la actriz Carmen Salinas, de 82 a\u00f1os de edad, est\u00e1&#8230;<\/p>\n","protected":false},"author":4,"featured_media":36622,"comment_status":"closed","ping_status":"closed","sticky":false,"template":"","format":"standard","meta":{"footnotes":""},"categories":[3],"tags":[],"class_list":["post-36621","post","type-post","status-publish","format-standard","has-post-thumbnail","hentry","category-espectaculos"],"_links":{"self":[{"href":"https:\/\/bambapolitica.com.mx\/index.php\/wp-json\/wp\/v2\/posts\/36621","targetHints":{"allow":["GET"]}}],"collection":[{"href":"https:\/\/bambapolitica.com.mx\/index.php\/wp-json\/wp\/v2\/posts"}],"about":[{"href":"https:\/\/bambapolitica.com.mx\/index.php\/wp-json\/wp\/v2\/types\/post"}],"author":[{"embeddable":true,"href":"https:\/\/bambapolitica.com.mx\/index.php\/wp-json\/wp\/v2\/users\/4"}],"replies":[{"embeddable":true,"href":"https:\/\/bambapolitica.com.mx\/index.php\/wp-json\/wp\/v2\/comments?post=36621"}],"version-history":[{"count":2,"href":"https:\/\/bambapolitica.com.mx\/index.php\/wp-json\/wp\/v2\/posts\/36621\/revisions"}],"predecessor-version":[{"id":36642,"href":"https:\/\/bambapolitica.com.mx\/index.php\/wp-json\/wp\/v2\/posts\/36621\/revisions\/36642"}],"wp:featuredmedia":[{"embeddable":true,"href":"https:\/\/bambapolitica.com.mx\/index.php\/wp-json\/wp\/v2\/media\/36622"}],"wp:attachment":[{"href":"https:\/\/bambapolitica.com.mx\/index.php\/wp-json\/wp\/v2\/media?parent=36621"}],"wp:term":[{"taxonomy":"category","embeddable":true,"href":"https:\/\/bambapolitica.com.mx\/index.php\/wp-json\/wp\/v2\/categories?post=36621"},{"taxonomy":"post_tag","embeddable":true,"href":"https:\/\/bambapolitica.com.mx\/index.php\/wp-json\/wp\/v2\/tags?post=36621"}],"curies":[{"name":"wp","href":"https:\/\/api.w.org\/{rel}","templated":true}]}}