{"id":36627,"date":"2021-11-12T11:06:42","date_gmt":"2021-11-12T17:06:42","guid":{"rendered":"http:\/\/bambapolitica.com.mx\/?p=36627"},"modified":"2021-11-12T11:06:45","modified_gmt":"2021-11-12T17:06:45","slug":"clase-media-a-la-baja","status":"publish","type":"post","link":"https:\/\/bambapolitica.com.mx\/index.php\/2021\/11\/12\/clase-media-a-la-baja\/","title":{"rendered":"Clase media, a la baja"},"content":{"rendered":"\n<p class=\"has-medium-font-size\">Alejandro Moreno.<\/p>\n\n\n\n<p class=\"has-medium-font-size\">El ejercicio de cuantificaci\u00f3n de la clase media en M\u00e9xico que dio a conocer el INEGI en d\u00edas recientes documenta un fen\u00f3meno muy claro: la reducci\u00f3n en el tama\u00f1o de la clase media entre 2018 y 2020.<\/p>\n\n\n\n<p class=\"has-medium-font-size\">Seg\u00fan el reporte de INEGI, Cuantificando a la clase media en M\u00e9xico 2010-2020, el porcentaje de hogares de clase media aument\u00f3 gradualmente entre 2010 y 2018, de 42.4 a 46.7 por ciento, pero registr\u00f3 una disminuci\u00f3n a 42.2 por ciento en 2020. Por su parte, el porcentaje de personas catalogadas como clase media tuvo una evoluci\u00f3n muy similar, pasando de 39.2 por ciento en 2010 a 42.7 por ciento en 2018 y registrando una ca\u00edda a 37.2 por ciento en 2020. Es muy probable que esta reducci\u00f3n de la clase media refleje los efectos de la pandemia.<\/p>\n\n\n\n<p class=\"has-medium-font-size\">La medici\u00f3n de INEGI podr\u00edamos denominarla como un indicador \u201cobjetivo\u201d, en el sentido de que representa a la clase media como un grupo socioecon\u00f3mico con base a sus niveles de ingreso y gasto. En la sociolog\u00eda, la clase media refleja, adem\u00e1s, la ocupaci\u00f3n.<\/p>\n\n\n\n<p class=\"has-medium-font-size\">No obstante, la clase social tambi\u00e9n tiene una fuerte dimensi\u00f3n subjetiva, de identidad y sentido de pertenencia. Hay quienes minimizan esta dimensi\u00f3n, pero creo que es la que dota a la clase media (o a la clase social, cualquiera que sea) de un potencial de movilizaci\u00f3n pol\u00edtica. Basta recordar el concepto marxista de \u201cconciencia de clase\u201d. A esa conciencia hay que agregar los valores, gustos, expectativas y preocupaciones. Las cr\u00edticas del presidente L\u00f3pez Obrador a la clase media no se enfocaron tanto a su nivel de ingreso como a su \u201caspiracionismo\u201d, destacando con ello la dimensi\u00f3n subjetiva tanto o m\u00e1s que la objetiva.<\/p>\n\n\n\n<p class=\"has-medium-font-size\">La identidad, as\u00ed como los valores de la clase media, han sido objeto de continuo estudio y reflexi\u00f3n. En un interesante an\u00e1lisis de Mafalda, la tira c\u00f3mica creada por el cartonista argentino Joaqu\u00edn Salvador Lavado, Quino, la investigadora Isabella Cosse argumenta que los temas y personajes de Mafalda no solamente reflejaban las contradicciones de la clase media en el proceso de modernizaci\u00f3n, sino que influyeron en cristalizar la identidad de una clase media inmersa en el contexto material, social y pol\u00edtico de sus propios tiempos (<em>Mafalda: A Social and Political History of Latin America\u2019s Global Comic<\/em>, Duke University Press, 2014).<\/p>\n\n\n\n<p class=\"has-medium-font-size\">La evoluci\u00f3n de Mafalda refleja, en ese sentido, la evoluci\u00f3n de la clase media y sus preocupaciones: el autoritarismo y la libertad de expresi\u00f3n, los cambios en las relaciones familiares y los roles de g\u00e9nero, as\u00ed como los crecientes conflictos generacionales que trajo consigo el cambio de valores de los a\u00f1os 60 y 70, escribe Cosse. En nuestros tiempos, la importancia de las identidades (y la pol\u00edtica de identidades) est\u00e1 poniendo nuevamente a la clase media en el centro del debate. Por ello hay que entenderlas.<\/p>\n\n\n\n<p class=\"has-medium-font-size\">Las encuestas internacionales como Latinobar\u00f3metro suelen preguntar a qu\u00e9 clase social dice pertenecer la persona entrevistada. Juntando la identidad de clase media que ha registrado el Latinobar\u00f3metro en M\u00e9xico con las mediciones de INEGI, resulta que el tama\u00f1o de la clase media no solamente es muy similar, sino que adem\u00e1s siguen un patr\u00f3n de evoluci\u00f3n muy parecido.<\/p>\n\n\n\n<p class=\"has-medium-font-size\">De acuerdo con los datos del Latinobar\u00f3metro, la identidad de clase media en M\u00e9xico se mantuvo entre 40 y 41 por ciento entre 2011 y 2015, subi\u00f3 a 47 por ciento en 2017, se redujo ligeramente a 45 por ciento en 2018 y baj\u00f3 hasta 37 por ciento en 2020 (misma cifra que INEGI reporta como porcentaje de personas de clase media en el pa\u00eds en ese a\u00f1o). El parecido en los porcentajes y en la evoluci\u00f3n de estas medidas objetiva (INEGI) y subjetiva (Latinobar\u00f3metro) de clase media es simplemente formidable.<\/p>\n\n\n\n<p class=\"has-medium-font-size\">Supongamos que es una feliz coincidencia: aun si los porcentajes no coincidieran, no hay que minimizar la importancia de la identidad de clase media, su dimensi\u00f3n subjetiva. \u00c9sta puede conectarse con valores y estilos de vida, as\u00ed como con conductas econ\u00f3micas, sociales y pol\u00edticas.<\/p>\n\n\n\n<p class=\"has-medium-font-size\">El Latinobar\u00f3metro 2020 indica que quienes se identifican como clase media en el pa\u00eds son m\u00e1s probables de haber trabajado desde casa durante la pandemia y de reportar menores p\u00e9rdidas econ\u00f3micas que quienes se identifican como clase baja. Tambi\u00e9n reportan haber tenido un mayor comercio electr\u00f3nico o compras por internet; hablan m\u00e1s de pol\u00edtica y perciben m\u00e1s libertades civiles. Definitivamente, la clase media mexicana, como grupo socioecon\u00f3mico y como identidad sociopol\u00edtica, amerita m\u00e1s an\u00e1lisis.<\/p>\n\n\n\n<figure class=\"wp-block-image\"><img decoding=\"async\" src=\"https:\/\/www.elfinanciero.com.mx\/resizer\/xGl4pRFVao_2IjT52LLQzCW8FhQ=\/1440x0\/filters:format(jpg):quality(70)\/cloudfront-us-east-1.images.arcpublishing.com\/elfinanciero\/6IPRGGHYKRHE7O2CXHGNADUYJ4.jpg\" alt=\"\"\/><figcaption><strong>Clase media&nbsp;<\/strong>A la baja, clase media en M\u00e9xico&nbsp;(Especial)<\/figcaption><\/figure>\n","protected":false},"excerpt":{"rendered":"<p>Alejandro Moreno. El ejercicio de cuantificaci\u00f3n de la clase media en M\u00e9xico que dio a&#8230;<\/p>\n","protected":false},"author":4,"featured_media":36628,"comment_status":"closed","ping_status":"closed","sticky":false,"template":"","format":"standard","meta":{"footnotes":""},"categories":[15],"tags":[],"class_list":["post-36627","post","type-post","status-publish","format-standard","has-post-thumbnail","hentry","category-opinion"],"_links":{"self":[{"href":"https:\/\/bambapolitica.com.mx\/index.php\/wp-json\/wp\/v2\/posts\/36627","targetHints":{"allow":["GET"]}}],"collection":[{"href":"https:\/\/bambapolitica.com.mx\/index.php\/wp-json\/wp\/v2\/posts"}],"about":[{"href":"https:\/\/bambapolitica.com.mx\/index.php\/wp-json\/wp\/v2\/types\/post"}],"author":[{"embeddable":true,"href":"https:\/\/bambapolitica.com.mx\/index.php\/wp-json\/wp\/v2\/users\/4"}],"replies":[{"embeddable":true,"href":"https:\/\/bambapolitica.com.mx\/index.php\/wp-json\/wp\/v2\/comments?post=36627"}],"version-history":[{"count":1,"href":"https:\/\/bambapolitica.com.mx\/index.php\/wp-json\/wp\/v2\/posts\/36627\/revisions"}],"predecessor-version":[{"id":36629,"href":"https:\/\/bambapolitica.com.mx\/index.php\/wp-json\/wp\/v2\/posts\/36627\/revisions\/36629"}],"wp:featuredmedia":[{"embeddable":true,"href":"https:\/\/bambapolitica.com.mx\/index.php\/wp-json\/wp\/v2\/media\/36628"}],"wp:attachment":[{"href":"https:\/\/bambapolitica.com.mx\/index.php\/wp-json\/wp\/v2\/media?parent=36627"}],"wp:term":[{"taxonomy":"category","embeddable":true,"href":"https:\/\/bambapolitica.com.mx\/index.php\/wp-json\/wp\/v2\/categories?post=36627"},{"taxonomy":"post_tag","embeddable":true,"href":"https:\/\/bambapolitica.com.mx\/index.php\/wp-json\/wp\/v2\/tags?post=36627"}],"curies":[{"name":"wp","href":"https:\/\/api.w.org\/{rel}","templated":true}]}}