{"id":36684,"date":"2021-11-12T17:55:28","date_gmt":"2021-11-12T23:55:28","guid":{"rendered":"http:\/\/bambapolitica.com.mx\/?p=36684"},"modified":"2021-11-12T17:55:30","modified_gmt":"2021-11-12T23:55:30","slug":"imagen-historia-y-recuerdos-teocelo-por-jose-luis-xilot-guzman","status":"publish","type":"post","link":"https:\/\/bambapolitica.com.mx\/index.php\/2021\/11\/12\/imagen-historia-y-recuerdos-teocelo-por-jose-luis-xilot-guzman\/","title":{"rendered":"Imagen, historia y recuerdos \u2026 Teocelo por Jos\u00e9 Luis Xilot Guzm\u00e1n"},"content":{"rendered":"\n<p class=\"has-medium-font-size\"><strong>\u00c1ngel Rafael Mart\u00ednez Alarc\u00f3n<\/strong><strong><\/strong><\/p>\n\n\n\n<p class=\"has-medium-font-size\">En meses pasados,&nbsp; <strong>Luis Gerardo Mart\u00ednez Garc\u00eda<\/strong>,&nbsp; empresario de la comunicaci\u00f3n&nbsp; virtual me coment\u00f3 sobre el segundo libro del pap\u00e1 del pedagogo veracruzano, <strong>Abigail Xilot S\u00e1nchez,<\/strong> oriundo del cercano municipio de Teocelo, Veracruz. La semana pasada me hizo entrega de los dos libros, tanto volumen uno, publicado en el a\u00f1o del 2015, el vol. 2,&nbsp; editado en el presente a\u00f1o del 2021. En el a\u00f1o de los centenarios, y dos a\u00f1os de la pandemia del covid-19. El autor es <strong>Jos\u00e9 Luis Xilot Guzm\u00e1n<\/strong>,&nbsp; quien ha pasado de un \u00e1vido lector, a un excelente escritor, en la narrativa hist\u00f3rica. Ambas publicaciones fueron realizadas por el propio peculio del autor, como siempre las editoriales oficiales duermen en la din\u00e1mica de publicar a los amigos del r\u00e9gimen en turno.<\/p>\n\n\n\n<p class=\"has-medium-font-size\">&nbsp;&nbsp;&nbsp;&nbsp;&nbsp;&nbsp;&nbsp;&nbsp;&nbsp;&nbsp;&nbsp; Siempre es una enorme alegr\u00eda, conocer publicaciones&nbsp; sobre las historias de nuestras poblaciones, como el caso de Teocelo, cabecera municipal. Ya desde finales de los a\u00f1os 50 del siglo XX. Don <strong>Leonardo Pasquel Jim\u00e9nez<\/strong> (1910-1991) quien empez\u00f3 a publicar una serie de libros relativos a las historias locales del estado de Veracruz. Luego en 1967, se publica la novela de <em>Cien a\u00f1os de soledad<\/em>&nbsp; del escritor colombiano&nbsp; <strong>Gabriel Garc\u00eda M\u00e1rquez,<\/strong>(1927-2014);&nbsp; Macondo son todos los pueblos de Iberoam\u00e9rica, donde tambi\u00e9n incluimos a Teocelo. En 1968, don <strong>Luis Gonz\u00e1lez y Gonz\u00e1lez<\/strong>, (1925-2003), publica su trabajo doctoral, <strong>Pueblo en vilo. Microhistoria de San Jos\u00e9 de Gracias<\/strong>.&nbsp; As\u00ed de regreso a la historia local de nuestras poblaciones. <strong>Jos\u00e9 Luis Xilot Guzm\u00e1n<\/strong>, &nbsp; ha contribuido&nbsp; a la historia de su natal Teocelo, con dos peque\u00f1os libros, nos narra la historia de los \u00faltimos 70 a\u00f1os de la ciudad de Teocelo.<\/p>\n\n\n\n<p class=\"has-medium-font-size\">&nbsp;&nbsp;&nbsp;&nbsp;&nbsp;&nbsp;&nbsp;&nbsp;&nbsp;&nbsp;&nbsp; Cabe destacar que <strong>Jos\u00e9 Luis Xilot Guzm\u00e1n<\/strong>,&nbsp; estudi\u00f3&nbsp; en el internado&nbsp; 22 de la ciudad de Perote, hace un poco m\u00e1s de 50 a\u00f1os, escuela primaria para los hijos del Ej\u00e9rcito Mexicano, a lo largo de la vida ha sido bur\u00f3crata en varias dependencias&nbsp; del Gobierno del Estado de Veracruz.&nbsp; Una de las grandes pasiones ha sido la lectura, y dio el brinco de lector a escritor, con dos obras publicadas, y seguramente ya estar\u00e1 preparando su tercera obra.<\/p>\n\n\n\n<p class=\"has-medium-font-size\">&nbsp;&nbsp;&nbsp;&nbsp;&nbsp;&nbsp;&nbsp;&nbsp;&nbsp;&nbsp;&nbsp; Un servidor tiene pocas referencias a la historia de Teocelo, recuerdo con mucho cari\u00f1o, algunas conversaciones de la se\u00f1ora <strong>Carmelita Tejeda Hern\u00e1ndez de Amezcua<\/strong> (+) quien nos relataba el Teocelo de su ni\u00f1ez, all\u00e1 por a\u00f1os 30`del pasado siglo XX. Desde hace 40 a\u00f1os, muchos fines de semana he estado en la Casa de la Uni\u00f3n, ya transformada como Casa de la Se\u00f1ora de la Paz, para los retiros espirituales de la Iglesia Cat\u00f3lica. Me dio muchos encontrar en las p\u00e1ginas <em>de&nbsp; Im\u00e1genes historia y recuerdos\u2026 Teocelo;<\/em>&nbsp; un par de referencias a la labor sacerdotal de mi amigo, el Presb\u00edtero don <strong>Pedro Leal Lemus<\/strong> (1929-2013) Nacido en el Estado de Michoac\u00e1n. Don <strong>Pedro Leal Lemus<\/strong> fue el primer titulado de la facultad de canto de la Universidad Veracruzana, as\u00ed mismo fue integrante del coro de la misma universidad.&nbsp; Presentando su examen el 7 de mayo de 1982. Fueron sus maestros en la Universidad Veracruzana: <strong>Olga Baldasarri, R\u00e9gulo Le\u00f3n, Fernando Lom\u00e1n, Jes\u00fas Nu\u00f1ez, Francisco Gonz\u00e1lez<\/strong><strong><\/strong><\/p>\n\n\n\n<p class=\"has-medium-font-size\">&nbsp;&nbsp;&nbsp;&nbsp;&nbsp;&nbsp;&nbsp;&nbsp;&nbsp;&nbsp;&nbsp; <strong>Jos\u00e9 Luis Xilot Guzm\u00e1n<\/strong>,&nbsp; nos encontramos participando en octubre del 2020, en&nbsp; la 1ra. Semana del Historiador: &#8220;Los retos de la Historia en el mundo contempor\u00e1neo&#8221; &nbsp; organizada por la Universidad Virtual Hisp\u00e1nica de M\u00e9xico., presentaci\u00f3n&nbsp; corri\u00f3 a cargo de la Dra. <strong>Reyna Hern\u00e1ndez Colorado<\/strong>, &nbsp; rectora de dicha universidad; en palabras de la presentadora, nos informa que Jos\u00e9 Luis, es un peregrino del mundo, recorriendo muchas de las ciudades de Veracruz, nacido en la ciudad de Teocelo. Destacando su don de conversador. Cfr. https:\/\/youtu.be\/XIem6ZWu9Qs<\/p>\n\n\n\n<p class=\"has-medium-font-size\">En la actual administraci\u00f3n municipal encabezada por el licenciado y docente&nbsp; <strong>Mario Chama Diez<\/strong>, quien en enero de 2017, le dio posesi\u00f3n como cronista municipal al profesor <strong>Jos\u00e9 Carlos May Gonz\u00e1lez<\/strong>;&nbsp; donde se reconoci\u00f3 la labor de cronista de don <strong>Antonio Homero Jim\u00e9nez Garcia,<\/strong>&nbsp; qui\u00e9n no acept\u00f3 el nombramiento de Cronista em\u00e9rito, por la sencilla raz\u00f3n que no existe dicho t\u00edtulo en la ley municipal. Con <strong>Jos\u00e9 Luis Xilot Guzm\u00e1n<\/strong>,&nbsp; se suma al ej\u00e9rcito de cronistas que encontramos en nuestras poblaciones.<\/p>\n\n\n\n<p class=\"has-medium-font-size\">En el primer libro, nos narra las historias de las calles de la pintoresca ciudad de Teocelo, sus nombres y uno que otro antecedentes hist\u00f3ricos. Su narrativa est\u00e1 muy bien cuidada, y sobre todo la sencillez, con la intenci\u00f3n de ser le\u00edda por todos. Con algunas im\u00e1genes en blanco y negro.<\/p>\n\n\n\n<p class=\"has-medium-font-size\">Para el presente a\u00f1o del 2021, nos entrega el volumen dos de su obra:&nbsp; <em>Imagen historia y recuerdos\u2026 Teocelo<\/em>, en 102 p\u00e1ginas contin\u00faa narrando esa historia casi privada de la ciudad de Teocelo, Veracruz. El&nbsp;Doctor &nbsp;<strong>Abigail Xilot S\u00e1nchez<\/strong>,&nbsp; escribe: <em>Su calidad estriba con las historias, memorias y recuerdos de los participantes. Sin duda, la compilaci\u00f3n y redacci\u00f3n que plantea el actor con sus interlocutores, a trav\u00e9s del di\u00e1logo colectivo, la narrativa , el uso de la biograf\u00eda, as\u00ed como de la biograf\u00eda\u2026<\/em><\/p>\n\n\n\n<p class=\"has-medium-font-size\">En 18 peque\u00f1os cap\u00edtulos nos encontramos con la historia de los habitantes de Teocelo, y con la nostalgia de los tiempos ya pasados, pero que son referentes para la historia de la ciudad. Personajes como :<strong>Fauti Mar\u00edn Pe\u00f1aloza, Victor Pale Morales, Ra\u00fal Mart\u00ednez Soto, Daniel May, Eduardo Hern\u00e1ndez,&nbsp; Teodora Fuentes Arag\u00f3n, Ignacio Lara, Adalberto Anell, <\/strong>&nbsp;por citar algunos.&nbsp;&nbsp;&nbsp;&nbsp;&nbsp;&nbsp;&nbsp;&nbsp;<\/p>\n\n\n\n<p class=\"has-medium-font-size\">Tambi\u00e9n nos presenta la narrativa sobre las construcciones de espacios sagrados como capillas de la Iglesia Cat\u00f3lica Apost\u00f3lica Romana. Es una excelente oportunidad para conocer la din\u00e1mica&nbsp; social de la poblaci\u00f3n. Sus fiestas, tradiciones, y sobre todo conocer a los personajes de dicha poblaci\u00f3n. Vaya una felicitaci\u00f3n para <strong>Jos\u00e9 Luis Xilot Guzm\u00e1n<\/strong>.<\/p>\n\n\n\n<p class=\"has-medium-font-size\">Dias pasados fue entrevistado por <strong>Luis Gerardo Mart\u00ednez Garcia<\/strong>,&nbsp; nos revela sus dotes como historiador, al comentar que el primer presidente de M\u00e9xico, entre los a\u00f1os de 1824-1828,&nbsp; <strong>Guadalupe Victoria<\/strong>, (1786-1843), que tradicionalmente se ha asentado que muri\u00f3 al interior de la fortaleza de San Carlos en Perote, el afirma con documentos en manos que muri\u00f3 en el hospital de dicha poblaci\u00f3n.<\/p>\n","protected":false},"excerpt":{"rendered":"<p>\u00c1ngel Rafael Mart\u00ednez Alarc\u00f3n En meses pasados,&nbsp; Luis Gerardo Mart\u00ednez Garc\u00eda,&nbsp; empresario de la comunicaci\u00f3n&nbsp;&#8230;<\/p>\n","protected":false},"author":4,"featured_media":36685,"comment_status":"closed","ping_status":"closed","sticky":false,"template":"","format":"standard","meta":{"footnotes":""},"categories":[4],"tags":[],"class_list":["post-36684","post","type-post","status-publish","format-standard","has-post-thumbnail","hentry","category-noticias-del-dia"],"_links":{"self":[{"href":"https:\/\/bambapolitica.com.mx\/index.php\/wp-json\/wp\/v2\/posts\/36684","targetHints":{"allow":["GET"]}}],"collection":[{"href":"https:\/\/bambapolitica.com.mx\/index.php\/wp-json\/wp\/v2\/posts"}],"about":[{"href":"https:\/\/bambapolitica.com.mx\/index.php\/wp-json\/wp\/v2\/types\/post"}],"author":[{"embeddable":true,"href":"https:\/\/bambapolitica.com.mx\/index.php\/wp-json\/wp\/v2\/users\/4"}],"replies":[{"embeddable":true,"href":"https:\/\/bambapolitica.com.mx\/index.php\/wp-json\/wp\/v2\/comments?post=36684"}],"version-history":[{"count":1,"href":"https:\/\/bambapolitica.com.mx\/index.php\/wp-json\/wp\/v2\/posts\/36684\/revisions"}],"predecessor-version":[{"id":36686,"href":"https:\/\/bambapolitica.com.mx\/index.php\/wp-json\/wp\/v2\/posts\/36684\/revisions\/36686"}],"wp:featuredmedia":[{"embeddable":true,"href":"https:\/\/bambapolitica.com.mx\/index.php\/wp-json\/wp\/v2\/media\/36685"}],"wp:attachment":[{"href":"https:\/\/bambapolitica.com.mx\/index.php\/wp-json\/wp\/v2\/media?parent=36684"}],"wp:term":[{"taxonomy":"category","embeddable":true,"href":"https:\/\/bambapolitica.com.mx\/index.php\/wp-json\/wp\/v2\/categories?post=36684"},{"taxonomy":"post_tag","embeddable":true,"href":"https:\/\/bambapolitica.com.mx\/index.php\/wp-json\/wp\/v2\/tags?post=36684"}],"curies":[{"name":"wp","href":"https:\/\/api.w.org\/{rel}","templated":true}]}}