{"id":36836,"date":"2021-11-16T11:42:07","date_gmt":"2021-11-16T17:42:07","guid":{"rendered":"http:\/\/bambapolitica.com.mx\/?p=36836"},"modified":"2021-11-16T11:58:11","modified_gmt":"2021-11-16T17:58:11","slug":"detienen-a-rosalinda-g-esposa-de-nemesio-oseguera-el-mencho","status":"publish","type":"post","link":"https:\/\/bambapolitica.com.mx\/index.php\/2021\/11\/16\/detienen-a-rosalinda-g-esposa-de-nemesio-oseguera-el-mencho\/","title":{"rendered":"Detienen a Rosalinda \u2018G\u2019, esposa de Nemesio Oseguera \u2018El Mencho\u2019"},"content":{"rendered":"\n<p class=\"has-medium-font-size\">La persona fue puesta a resguardo de las autoridades tras su detenci\u00f3n.<\/p>\n\n\n\n<div class=\"wp-block-image\"><figure class=\"aligncenter size-large\"><img loading=\"lazy\" decoding=\"async\" width=\"768\" height=\"479\" src=\"https:\/\/bambapolitica.com.mx\/wp-content\/uploads\/2021\/11\/esposa-del-mencho-detenida.gif\" alt=\"\" class=\"wp-image-36846\"\/><\/figure><\/div>\n\n\n\n<p class=\"has-medium-font-size\">En un fuerte operativo de seguridad, la Guardia Nacional captur\u00f3 Rosalinda \u2018G\u2019, esposa de Nemesio Oseguera \u2018El Mencho\u2019, l\u00edder del C\u00e1rtel Jalisco Nueva Generaci\u00f3n (CJNG). Fue puesta a resguardo de las autoridades.<\/p>\n\n\n\n<p class=\"has-medium-font-size\">El mandamiento judicial alude a diversos delitos, entre ellos el financiamiento de la organizaci\u00f3n criminal que dirige su esposo, il\u00edcito por el cual se le detuvo en 2018, con el n\u00famero de oficio 127-2018, y por el que se le concedi\u00f3 la libertad con reservas de ley.<\/p>\n\n\n\n<p class=\"has-medium-font-size\">Se se\u00f1al\u00f3 que Rosalinda \u2018G\u2019 dej\u00f3 de comparecer por el caso, y eso llev\u00f3 a su detenci\u00f3n.<\/p>\n\n\n\n<p class=\"has-medium-font-size\">Luego de ser asegurada, se le remite a la Ciudad de M\u00e9xico, y posteriormente al Centro Federal de Readaptaci\u00f3n Social N\u00famero 16 \u201cCPS Femenil Morelos\u201d en Coatl\u00e1n del R\u00edo, donde se le puso a disposici\u00f3n de un juzgador de distrito.<\/p>\n\n\n\n<p class=\"has-medium-font-size\">Rosalinda enfrenta cargos por el uso de recursos de procedencia il\u00edcita en las modalidades de adquirir, ocultar y transferir dentro de territorio nacional, delito previsto y sancionado en el Articulo 400 Bis del c\u00f3digo penal federal.<\/p>\n\n\n\n<p class=\"has-medium-font-size\">La detenida forma parte del grupo denominado \u2018Los Cuinis\u2019, considerado el brazo econ\u00f3mico del CJNG, por lo que al ser detenida en el complejo comercial, Andares de Zapopan, hace tres a\u00f1os, el secretario de Gobernaci\u00f3n, Alfonso Navarrete Prida, la denomin\u00f3 como \u201cla probable administradora de los recursos econ\u00f3micos y legales del grupo delictivo\u201d.<\/p>\n\n\n\n<p class=\"has-medium-font-size\">Extradici\u00f3n de \u2018La Chepa\u2019<br>Por otra parte, su hermano Jos\u00e9 \u2018La Chepa\u2019 Gonz\u00e1lez Valencia, tambi\u00e9n integrante de \u2018Los Cuinis\u2019, fue extraditado a Estados Unidos desde Brasil para ser juzgado, seg\u00fan se notific\u00f3 al Consejo de la Judicatura Federal, por parte del Departamento de Justicia estadounidense.<\/p>\n\n\n\n<p class=\"has-medium-font-size\">Conocido tambi\u00e9n como \u2018Camar\u00f3n\u2019 y \u2018Santy\u2019, est\u00e1 acusado de haber conspirado desde 2006 para enviar a Estados Unidos m\u00e1s de cinco kilogramos de coca\u00edna.<\/p>\n\n\n\n<p class=\"has-medium-font-size\">Un jurado investigador en el Distrito de Columbia emiti\u00f3 la orden judicial en su contra Gonz\u00e1lez el 26 de octubre de 2016, y en diciembre de 2017 se le detuvo utilizando un pasaporte falso en la ciudad Fortaleza, donde qued\u00f3 detenido.<\/p>\n\n\n\n<p>elfinanciero<\/p>\n","protected":false},"excerpt":{"rendered":"<p>La persona fue puesta a resguardo de las autoridades tras su detenci\u00f3n. En un fuerte&#8230;<\/p>\n","protected":false},"author":4,"featured_media":36837,"comment_status":"closed","ping_status":"closed","sticky":false,"template":"","format":"standard","meta":{"footnotes":""},"categories":[4],"tags":[],"class_list":["post-36836","post","type-post","status-publish","format-standard","has-post-thumbnail","hentry","category-noticias-del-dia"],"_links":{"self":[{"href":"https:\/\/bambapolitica.com.mx\/index.php\/wp-json\/wp\/v2\/posts\/36836","targetHints":{"allow":["GET"]}}],"collection":[{"href":"https:\/\/bambapolitica.com.mx\/index.php\/wp-json\/wp\/v2\/posts"}],"about":[{"href":"https:\/\/bambapolitica.com.mx\/index.php\/wp-json\/wp\/v2\/types\/post"}],"author":[{"embeddable":true,"href":"https:\/\/bambapolitica.com.mx\/index.php\/wp-json\/wp\/v2\/users\/4"}],"replies":[{"embeddable":true,"href":"https:\/\/bambapolitica.com.mx\/index.php\/wp-json\/wp\/v2\/comments?post=36836"}],"version-history":[{"count":2,"href":"https:\/\/bambapolitica.com.mx\/index.php\/wp-json\/wp\/v2\/posts\/36836\/revisions"}],"predecessor-version":[{"id":36847,"href":"https:\/\/bambapolitica.com.mx\/index.php\/wp-json\/wp\/v2\/posts\/36836\/revisions\/36847"}],"wp:featuredmedia":[{"embeddable":true,"href":"https:\/\/bambapolitica.com.mx\/index.php\/wp-json\/wp\/v2\/media\/36837"}],"wp:attachment":[{"href":"https:\/\/bambapolitica.com.mx\/index.php\/wp-json\/wp\/v2\/media?parent=36836"}],"wp:term":[{"taxonomy":"category","embeddable":true,"href":"https:\/\/bambapolitica.com.mx\/index.php\/wp-json\/wp\/v2\/categories?post=36836"},{"taxonomy":"post_tag","embeddable":true,"href":"https:\/\/bambapolitica.com.mx\/index.php\/wp-json\/wp\/v2\/tags?post=36836"}],"curies":[{"name":"wp","href":"https:\/\/api.w.org\/{rel}","templated":true}]}}