{"id":36905,"date":"2021-11-17T08:59:46","date_gmt":"2021-11-17T14:59:46","guid":{"rendered":"http:\/\/bambapolitica.com.mx\/?p=36905"},"modified":"2021-11-17T08:59:47","modified_gmt":"2021-11-17T14:59:47","slug":"roberto-palazuelos-construyo-su-fortuna-en-quintana-roo-con-injusticias-y-el-agravio-a-la-dignidad-de-otras-personas","status":"publish","type":"post","link":"https:\/\/bambapolitica.com.mx\/index.php\/2021\/11\/17\/roberto-palazuelos-construyo-su-fortuna-en-quintana-roo-con-injusticias-y-el-agravio-a-la-dignidad-de-otras-personas\/","title":{"rendered":"Roberto Palazuelos construy\u00f3 su fortuna en Quintana Roo con injusticias y el agravio a la dignidad de otras personas"},"content":{"rendered":"\n<p class=\"has-medium-font-size\">Necesariamente Inc\u00f3moda<\/p>\n\n\n\n<p class=\"has-medium-font-size\">Graciela Machuca Mart\u00ednez<\/p>\n\n\n\n<p class=\"has-medium-font-size\">El actor, millonario y aprendiz de pol\u00edtico, originario de Acapulco, Guerrero, nacido en 1967, vio en Quintana Roo y particularmente en Tulum, un campo id\u00f3neo para desarrollarse como empresario y tras el paso de los a\u00f1os lo ha conseguido, pero, por lo general a costa de la seguridad y dignidad de otras personas, ya que las historias de sus abusos, malas pr\u00e1cticas empresariales y jur\u00eddicas se conocen en la entidad, que ahora quiere gobernar.<\/p>\n\n\n\n<p class=\"has-medium-font-size\">Tanto en el \u00e1mbito de la administraci\u00f3n de justicia, en los c\u00edrculos pol\u00edticos y empresariales de Quintana Roo, as\u00ed como en medios de comunicaci\u00f3n se conocen historias de abuso de parte de este personaje, quien ha declarado que quiere gobernar Quintana Roo, para hacerlo como xi fuera una empresa.<\/p>\n\n\n\n<p class=\"has-medium-font-size\">Son historias de injusticias, de dolor, inhumanas, que le han permitido a Roberto Palazuelos acumular su fortuna, a \u00e9l no le interesa Quintana Roo y su gente, sino las ganancias econ\u00f3micas que podr\u00eda seguir obteniendo de esta entidad.<br>Hay dos v\u00edctimas de Roberto Palazuelos, quienes desde el 2012 sufren las consecuencias de haberle exigido que respetara sus derechos.<\/p>\n\n\n\n<p class=\"has-medium-font-size\">La primera v\u00edctima es una mujer de 57 a\u00f1os de edad, de nombre Albina Amador Manrique, residente en Tulum desde hace 36 a\u00f1os. A ella, siendo su empleada le hizo ver que su hotel no ten\u00eda fosas reglamentarias para descargas las aguas negras, a lo que \u00e9l le respondi\u00f3, tu ded\u00edcate a realizar tu trabajo y no te metas en lo que no te importa.<\/p>\n\n\n\n<p class=\"has-medium-font-size\">15 d\u00edas despu\u00e9s la despidi\u00f3 injustificadamente. Semanas despu\u00e9s de que present\u00f3 su demanda ante la Junta Local de Conciliaci\u00f3n y Arbitraje la denunci\u00f3 por el delito de extorsi\u00f3n equiparada, por lo que estuvo dos a\u00f1os encarcelada injustamente, prueba de ello es que sali\u00f3 en libertad absoluta.<\/p>\n\n\n\n<p class=\"has-medium-font-size\">A pesar de que en la instancia federal gan\u00f3 el juicio laboral, hasta el momento no le ha sido indemnizada; present\u00f3 una demanda civil por da\u00f1o moral pero hasta el momento, la jueza encargada del caso, omite sus obligaciones y est\u00e1 dilatando la resoluci\u00f3n.<\/p>\n\n\n\n<p class=\"has-medium-font-size\">El \u00e1rea encargada de atenci\u00f3n a v\u00edctimas dependiente del gobierno del estado de Quintana Roo hundi\u00f3 en el burocratismo su caso y solo le responde: le devolvemos la llamada y el asunto se convirti\u00f3 en un cuento de nunca acabar, pues las autoridades en Quintana Roo no quieren resolver, a pesar de que ha presentado las evidencias respectivas.<\/p>\n\n\n\n<p class=\"has-medium-font-size\">La otra v\u00edctima es Manuel Jim\u00e9nez Sandoval, un hombre de unos 45 a\u00f1os de edad, quien desde el a\u00f1o 2002 es socio de Palazuelos, porque su pap\u00e1 acord\u00f3 rentarle un hotel, la contraprestaci\u00f3n consist\u00eda en pagar el cinco por ciento de las ganancias del hotel, muri\u00f3 el pap\u00e1 y Palazuelos busc\u00f3 la forma de negarse a pagar la renta, por ello tambi\u00e9n lo acus\u00f3 de extorsi\u00f3n en grado de tentativa, en el mismo expediente que a Albina Amador Manrique.<br>A ambos los detuvieron sin orden de aprehensi\u00f3n, las autoridades de procuraci\u00f3n de justicia y luego las de a ministraci\u00f3n siempre estuvieron al servicio de Palazuelos, a tal grado que Manuel Jim\u00e9nez Sandoval sigue pagando una condena de 25 a\u00f1os de prisi\u00f3n en el reclusorio de Canc\u00fan, por un delito que no cometi\u00f3 y por el que su supuesta c\u00f3mplice qued\u00f3 en libertad absoluta, luego de dos a\u00f1os de prisi\u00f3n.<br>Tanto Amador Manrique como Jim\u00e9nez Sandoval fueron detenido en el a\u00f1o 2012, la primera obtuvo su libertad absoluta en 2014, mientras que el segundo, luego de cuatro a\u00f1os y medio en la c\u00e1rcel, pagando una condena injusta del juez de primera instancia, en segunda instancia lo sentenciaron a 25 a\u00f1os. Hace cinco meses, muri\u00f3 su madre, \u00fanica familiar, que preguntaba por \u00e9l.<br>Enfermo a consecuencia de las malas condiciones de la prisi\u00f3n y por las torturas a que fue sometido durante su detenci\u00f3n, as\u00ed como por las golpizas y castigos de que ha sido v\u00edctima en la c\u00e1rcel, le pide al gobernador del estado, Carlos Joaqu\u00edn Gonz\u00e1lez que ordene revisar su caso, porque se trata de una historia m\u00e1s de injusticia.<br>Albina Amador Manrique, durante una amplia entrevista, narr\u00f3 la forma en que Roberto Palazuelos la despidi\u00f3 injustificadamente de su trabajo y luego, la acus\u00f3 del delito de extorsi\u00f3n en grado de tentativa.<\/p>\n\n\n\n<p class=\"has-medium-font-size\">Recuerda que luego de siete a\u00f1os y medio de trabajar en el Hotel Diamante K, propiedad de Palazuelos, en el a\u00f1o 2012, siendo gerente operativa, fue despedida injustamente, porque se atrevi\u00f3 a decirle al actor y empresario, que su hotel no ten\u00eda fosas para las descargas de aguas negras, las cuales eran conducidas a unas cavernas naturales que se encuentran en el \u00e1rea del establecimiento, lo que provoca una grave e irreversible contaminaci\u00f3n a los mantos fre\u00e1ticos de Tulum.<\/p>\n\n\n\n<p class=\"has-medium-font-size\">Esto bast\u00f3 para que Palazuelos, la despidiera injustificadamente 15 d\u00edas despu\u00e9s. Al tratar de llegar a un acuerdo para que la indemnizara, Palazuelos le dijo que si demandaba el juicio durar\u00eda unos tres a\u00f1os y que \u00e9l saldr\u00eda ganando, adem\u00e1s, le advirti\u00f3 que prefer\u00eda gastar en los honorarios de abogados que pagarle a ella.<\/p>\n\n\n\n<p class=\"has-medium-font-size\">Present\u00f3 la demanda en la Junta Local de Conciliaci\u00f3n y Arbitraje de Quintana Roo, instancia de la que Palazuelos obtuvo dos laudos a su favor, se recurri\u00f3 al Tribunal Colegiado respectivo, el cual fall\u00f3 a favor de la demandante en el 2017, pero por trabas legales de los abogados de Palazuelos, en contubernio, con empleados del Colegiado quienes han omitido realizar las diligencias respectivas no se le ha pagado la indemnizaci\u00f3n que por ley le corresponde.<\/p>\n\n\n\n<p class=\"has-medium-font-size\">La detenci\u00f3n de Albina Amador Manrique se efect\u00faa en el 2012, a unas semanas de presentar su demanda laboral. Cuenta que luego que su hijo muri\u00f3 de c\u00e1ncer, se dedic\u00f3 a formar una asociaci\u00f3n para apoyar a ni\u00f1os con esta enfermedad. Cierto d\u00eda, recibi\u00f3 una llamada de una persona que le dijo que unos empresarios estaban interesados en apoyar a la organizaci\u00f3n, por lo que se requer\u00eda que se reuniera con ellos, ella respondi\u00f3 que enviar\u00eda a la secretar\u00eda y al tesorero para que recibieran los recursos respectivos, la persona interlocutora le dijo que era necesario que ella fuera personalmente, a lo que accedi\u00f3 y la citaron en la tienda Chedrahui.<\/p>\n\n\n\n<p class=\"has-medium-font-size\">Llegando al lugar, unos hombres bajaron de un autom\u00f3vil y se identificaron como polic\u00edas, le pidieron una identificaci\u00f3n y ella mostr\u00f3 su licencia de conducir, le dijeron que los acompa\u00f1ara a la Fiscal\u00eda, pregunt\u00f3 el porqu\u00e9 y solo le respondieron, all\u00ed le informar\u00e1n de que se trata.<\/p>\n\n\n\n<p class=\"has-medium-font-size\">Al ser presentada ante el Ministerio P\u00fablico se enter\u00f3 que era acusada por Roberto Palazuelos del delito de Tentativa de Extorsi\u00f3n. Estando en la Fiscal\u00eda, llevan ante el mismo Ministerio P\u00fablico a un joven, quien despu\u00e9s supo que se llama Manuel Jim\u00e9nez Sandoval y a quien hab\u00eda visto que llegaba al hotel, pero no sab\u00eda quien era ni a que iba.<\/p>\n\n\n\n<p class=\"has-medium-font-size\">All\u00ed se enter\u00f3 que Palazuelos lo hab\u00eda acusado del mismo delito de Tentativa de Extorsi\u00f3n, diciendo que ella y \u00e9l, formaban parte de la banda de Los Pelones.<\/p>\n\n\n\n<p class=\"has-medium-font-size\">Las visitas frecuentes de Jim\u00e9nez Sandoval al hotel eran para cobrar el cinco por ciento que le correspond\u00eda por las ganancias en el Hotel que rentaba Palazuelos desde 2002, pero el ahora aspirante a la gubernatura de Quintana Roo opt\u00f3 por acusarlo falsamente para ya no pagarle la respectiva renta.<\/p>\n\n\n\n<p class=\"has-medium-font-size\">Albina sigue contando que despu\u00e9s de reunirlos a los dos en Tulum, los trasladaron a Playa del Carmen, donde les confirmaron que los hab\u00eda denunciado Palazuelos por tentativa de extorsi\u00f3n. All\u00ed se enteraron que su destino era el reclusorio, donde estuvieron 18 meses, despu\u00e9s a ella se la llevaron al reclusorio en Chetumal, como presa de alta peligrosidad y la internado en el \u00e1rea federal. A Manuel se lo llevaron a Canc\u00fan, donde sigue preso. Ella sali\u00f3 dos meses despu\u00e9s en libertad absoluta.<\/p>\n\n\n\n<p class=\"has-medium-font-size\">Sobre Manuel, Albina comenta que hace un tiempo, recibi\u00f3 una llamada de \u00e9l, casi sin poder hablar, estaba muy enfermo, despu\u00e9s de tres meses de estar en una celda de castigo, \u201csupuestamente por \u00f3rdenes de Roberto Palazuelos\u201d.<\/p>\n\n\n\n<p class=\"has-medium-font-size\">Sobre su caso de ser acusada falsamente, present\u00f3 su queja respectiva en la Comisi\u00f3n Ejecutiva de Atenci\u00f3n a V\u00edctimas de Quintana Roo, con sede en Chetumal, \u201cme pidieron todos mis papeles, despu\u00e9s habl\u00e9 y me dijeron que la hab\u00edan pasado a Jur\u00eddico, se atraves\u00f3 lo de la pandemia y hasta ahorita no hemos visto nada, de hecho pues tienen que pagar la indemnizaci\u00f3n, que hasta ahorita he hablado y despu\u00e9s le devuelvo la llamada y despu\u00e9s le devuelvo la llamada y hasta ahorita, nada\u201d. (Continuar\u00e1).<\/p>\n","protected":false},"excerpt":{"rendered":"<p>Necesariamente Inc\u00f3moda Graciela Machuca Mart\u00ednez El actor, millonario y aprendiz de pol\u00edtico, originario de Acapulco,&#8230;<\/p>\n","protected":false},"author":4,"featured_media":36906,"comment_status":"closed","ping_status":"closed","sticky":false,"template":"","format":"standard","meta":{"footnotes":""},"categories":[4],"tags":[],"class_list":["post-36905","post","type-post","status-publish","format-standard","has-post-thumbnail","hentry","category-noticias-del-dia"],"_links":{"self":[{"href":"https:\/\/bambapolitica.com.mx\/index.php\/wp-json\/wp\/v2\/posts\/36905","targetHints":{"allow":["GET"]}}],"collection":[{"href":"https:\/\/bambapolitica.com.mx\/index.php\/wp-json\/wp\/v2\/posts"}],"about":[{"href":"https:\/\/bambapolitica.com.mx\/index.php\/wp-json\/wp\/v2\/types\/post"}],"author":[{"embeddable":true,"href":"https:\/\/bambapolitica.com.mx\/index.php\/wp-json\/wp\/v2\/users\/4"}],"replies":[{"embeddable":true,"href":"https:\/\/bambapolitica.com.mx\/index.php\/wp-json\/wp\/v2\/comments?post=36905"}],"version-history":[{"count":1,"href":"https:\/\/bambapolitica.com.mx\/index.php\/wp-json\/wp\/v2\/posts\/36905\/revisions"}],"predecessor-version":[{"id":36907,"href":"https:\/\/bambapolitica.com.mx\/index.php\/wp-json\/wp\/v2\/posts\/36905\/revisions\/36907"}],"wp:featuredmedia":[{"embeddable":true,"href":"https:\/\/bambapolitica.com.mx\/index.php\/wp-json\/wp\/v2\/media\/36906"}],"wp:attachment":[{"href":"https:\/\/bambapolitica.com.mx\/index.php\/wp-json\/wp\/v2\/media?parent=36905"}],"wp:term":[{"taxonomy":"category","embeddable":true,"href":"https:\/\/bambapolitica.com.mx\/index.php\/wp-json\/wp\/v2\/categories?post=36905"},{"taxonomy":"post_tag","embeddable":true,"href":"https:\/\/bambapolitica.com.mx\/index.php\/wp-json\/wp\/v2\/tags?post=36905"}],"curies":[{"name":"wp","href":"https:\/\/api.w.org\/{rel}","templated":true}]}}