{"id":36985,"date":"2021-11-18T09:00:32","date_gmt":"2021-11-18T15:00:32","guid":{"rendered":"http:\/\/bambapolitica.com.mx\/?p=36985"},"modified":"2021-11-18T09:00:45","modified_gmt":"2021-11-18T15:00:45","slug":"debajo-del-mar-el-zoologico-de-zacango-inaugurara-el-pabellon-mares-de-mexico","status":"publish","type":"post","link":"https:\/\/bambapolitica.com.mx\/index.php\/2021\/11\/18\/debajo-del-mar-el-zoologico-de-zacango-inaugurara-el-pabellon-mares-de-mexico\/","title":{"rendered":"Zool\u00f3gico de Zacango inaugurar\u00e1 el pabell\u00f3n \u201cMares de M\u00e9xico\u201d"},"content":{"rendered":"\n<p class=\"has-medium-font-size\">La nueva atracci\u00f3n del parque mostrar\u00e1 la riqueza natural del Parque Natural Revillagigedo y la Isla Guadalupe.<\/p>\n\n\n\n<p class=\"has-medium-font-size\">A partir de este fin de semana, el Parque Ecol\u00f3gico Zacango, tendr\u00e1 una nueva atracci\u00f3n, un pabell\u00f3n especializado en los \u201cMares de M\u00e9xico\u201d, que a trav\u00e9s de un recorrido interactivo, mostrar\u00e1 la riqueza natural del Parque Natural Revillagigedo y la Isla Guadalupe.<\/p>\n\n\n\n<p class=\"has-medium-font-size\">Durante la presentaci\u00f3n de este nuevo espacio, que se suma a los centros l\u00fadicos y educativos con los que cuenta este parque ecol\u00f3gico, el director de la Comisi\u00f3n Estatal de Parques Naturales y de la Fauna (Cepanaf), Napole\u00f3n Fillat Ord\u00f3\u00f1ez, detall\u00f3 que este proyecto tiene como objetivo acercar las maravillas del mar, renovando sus \u00e1reas a m\u00e1s de 40 a\u00f1os de haberse inaugurado este zool\u00f3gico.<\/p>\n\n\n\n<p class=\"has-medium-font-size\">Este nuevo espacio se ubica en lo que anteriormente era un Museo de Taxidermia; y est\u00e1 integrado por un recorrido immersivo, con al menos tres \u00e1reas, en las que a trav\u00e9s de distintas tecnolog\u00edas se podr\u00e1n recorrer estas \u00e1reas naturales, que sobresalen por su belleza y su riqueza.<\/p>\n\n\n\n<div class=\"wp-block-image\"><figure class=\"aligncenter size-large\"><img loading=\"lazy\" decoding=\"async\" width=\"958\" height=\"596\" src=\"https:\/\/bambapolitica.com.mx\/wp-content\/uploads\/2021\/11\/especies-encontraran-sorpresas-tamano-real.jpg\" alt=\"\" class=\"wp-image-36987\" srcset=\"https:\/\/bambapolitica.com.mx\/wp-content\/uploads\/2021\/11\/especies-encontraran-sorpresas-tamano-real.jpg 958w, https:\/\/bambapolitica.com.mx\/wp-content\/uploads\/2021\/11\/especies-encontraran-sorpresas-tamano-real-300x187.jpg 300w, https:\/\/bambapolitica.com.mx\/wp-content\/uploads\/2021\/11\/especies-encontraran-sorpresas-tamano-real-768x478.jpg 768w, https:\/\/bambapolitica.com.mx\/wp-content\/uploads\/2021\/11\/especies-encontraran-sorpresas-tamano-real-235x146.jpg 235w, https:\/\/bambapolitica.com.mx\/wp-content\/uploads\/2021\/11\/especies-encontraran-sorpresas-tamano-real-50x31.jpg 50w, https:\/\/bambapolitica.com.mx\/wp-content\/uploads\/2021\/11\/especies-encontraran-sorpresas-tamano-real-121x75.jpg 121w\" sizes=\"auto, (max-width: 958px) 100vw, 958px\" \/><\/figure><\/div>\n\n\n\n<p class=\"has-medium-font-size\">\u201cPor 35 pesos pueden pasar y hacer un recorrido de 2 minutos o de 2 horas contemplando toda la magia de este lugar. Dentro del recorrido pueden aprender acerca de la protecci\u00f3n de los mares de M\u00e9xico, enfocado en toda la riqueza natural que contienen; las especies y van a encontrar algunas sorpresas de tama\u00f1o natural\u201d. <\/p>\n\n\n\n<p class=\"has-medium-font-size\">Este pabell\u00f3n tecnol\u00f3gico e interactivo cuenta con m\u00e1s 25 fotograf\u00edas y 16 videos, a trav\u00e9s de los cuales se hace un recorrido por Parque Natural Revillagigedo y la Isla Guadalupe, mostrando el h\u00e1bitat de distintas especies, adem\u00e1s de conocer sobre la preservaci\u00f3n de los mares.<\/p>\n\n\n\n<div class=\"wp-block-image\"><figure class=\"aligncenter size-large\"><img loading=\"lazy\" decoding=\"async\" width=\"894\" height=\"553\" src=\"https:\/\/bambapolitica.com.mx\/wp-content\/uploads\/2021\/11\/55.png\" alt=\"\" class=\"wp-image-36988\" srcset=\"https:\/\/bambapolitica.com.mx\/wp-content\/uploads\/2021\/11\/55.png 894w, https:\/\/bambapolitica.com.mx\/wp-content\/uploads\/2021\/11\/55-300x186.png 300w, https:\/\/bambapolitica.com.mx\/wp-content\/uploads\/2021\/11\/55-768x475.png 768w, https:\/\/bambapolitica.com.mx\/wp-content\/uploads\/2021\/11\/55-236x146.png 236w, https:\/\/bambapolitica.com.mx\/wp-content\/uploads\/2021\/11\/55-50x31.png 50w, https:\/\/bambapolitica.com.mx\/wp-content\/uploads\/2021\/11\/55-121x75.png 121w\" sizes=\"auto, (max-width: 894px) 100vw, 894px\" \/><\/figure><\/div>\n\n\n\n<p class=\"has-medium-font-size\">Con una capacidad de hasta 300 personas, este pabell\u00f3n tecnol\u00f3gico estar\u00e1 en constante crecimiento, pues adem\u00e1s cuenta con videoproyecciones y una instalaci\u00f3n art\u00edstica realizada por Sof\u00eda Dur\u00e1n, compuesta por 400 botellas de pl\u00e1stico recicladas, que representan el promedio de consumo per c\u00e1pita anual de estos productos.<\/p>\n\n\n\n<p class=\"has-medium-font-size\">\u201cEste pabell\u00f3n es un pabell\u00f3n que estar\u00e1 en constante crecimiento, como lo ven ahorita no es como se va a quedar, porque pretendemos que durante el tiempo vaya evolucionando, pueda recibir m\u00e1s fotograf\u00edas de otros fot\u00f3grafos, se pueda cambiar la instalaci\u00f3n, ya que es un pabell\u00f3n digital, todos los contenidos se pueden cambiar\u201d, se\u00f1al\u00f3 Alonso Rodr\u00edguez de la Parra, explorador subacu\u00e1tico y director de Mares de M\u00e9xico.<\/p>\n\n\n\n<p class=\"has-medium-font-size\">A trav\u00e9s de los recursos tecnol\u00f3gicos con los que cuenta este nuevo espacio, las y los visitantes podr\u00e1n convivir con un tibur\u00f3n blanco de tama\u00f1o real; con el tibur\u00f3n ballena, la mantarraya o mantarraya gigante; adem\u00e1s de disfrutar de una peque\u00f1a ludoteca que tambi\u00e9n tiene como eje tem\u00e1tico al mar.<\/p>\n\n\n\n<div class=\"wp-block-image\"><figure class=\"aligncenter size-large\"><img loading=\"lazy\" decoding=\"async\" width=\"893\" height=\"551\" src=\"https:\/\/bambapolitica.com.mx\/wp-content\/uploads\/2021\/11\/56-1.png\" alt=\"\" class=\"wp-image-36990\" srcset=\"https:\/\/bambapolitica.com.mx\/wp-content\/uploads\/2021\/11\/56-1.png 893w, https:\/\/bambapolitica.com.mx\/wp-content\/uploads\/2021\/11\/56-1-300x185.png 300w, https:\/\/bambapolitica.com.mx\/wp-content\/uploads\/2021\/11\/56-1-768x474.png 768w, https:\/\/bambapolitica.com.mx\/wp-content\/uploads\/2021\/11\/56-1-237x146.png 237w, https:\/\/bambapolitica.com.mx\/wp-content\/uploads\/2021\/11\/56-1-50x31.png 50w, https:\/\/bambapolitica.com.mx\/wp-content\/uploads\/2021\/11\/56-1-122x75.png 122w\" sizes=\"auto, (max-width: 893px) 100vw, 893px\" \/><\/figure><\/div>\n\n\n\n<p class=\"has-medium-font-size\">\u201cEn este proyecto nos estamos enfocando en tratar de concientizar a la gente acerca del mar y poder trasmitir esta experiencia de lo que es, porque la gente no lo conoce, es una de nuestras principales fuentes de vida, saber que si no hacemos algo es poco el tiempo que les queda\u201d, se\u00f1al\u00f3 Ernesto Paulsen Chain, director de servicios de Aventura y Entretenimiento M\u00e9xico.<\/p>\n\n\n\n<p class=\"has-medium-font-size\">Este espacio podr\u00e1 recibir hasta 20 mil visitantes, durante toda una jornada, es apto para todo el p\u00fablico y estar\u00e1 abierto a partir de este fin de semana; tendr\u00e1 una cuota de 35 pesos, que es adicional al acceso del zool\u00f3gico.<\/p>\n\n\n\n<p class=\"has-medium-font-size\">milenio<\/p>\n","protected":false},"excerpt":{"rendered":"<p>La nueva atracci\u00f3n del parque mostrar\u00e1 la riqueza natural del Parque Natural Revillagigedo y la&#8230;<\/p>\n","protected":false},"author":4,"featured_media":36986,"comment_status":"closed","ping_status":"closed","sticky":false,"template":"","format":"standard","meta":{"footnotes":""},"categories":[4],"tags":[],"class_list":["post-36985","post","type-post","status-publish","format-standard","has-post-thumbnail","hentry","category-noticias-del-dia"],"_links":{"self":[{"href":"https:\/\/bambapolitica.com.mx\/index.php\/wp-json\/wp\/v2\/posts\/36985","targetHints":{"allow":["GET"]}}],"collection":[{"href":"https:\/\/bambapolitica.com.mx\/index.php\/wp-json\/wp\/v2\/posts"}],"about":[{"href":"https:\/\/bambapolitica.com.mx\/index.php\/wp-json\/wp\/v2\/types\/post"}],"author":[{"embeddable":true,"href":"https:\/\/bambapolitica.com.mx\/index.php\/wp-json\/wp\/v2\/users\/4"}],"replies":[{"embeddable":true,"href":"https:\/\/bambapolitica.com.mx\/index.php\/wp-json\/wp\/v2\/comments?post=36985"}],"version-history":[{"count":2,"href":"https:\/\/bambapolitica.com.mx\/index.php\/wp-json\/wp\/v2\/posts\/36985\/revisions"}],"predecessor-version":[{"id":36992,"href":"https:\/\/bambapolitica.com.mx\/index.php\/wp-json\/wp\/v2\/posts\/36985\/revisions\/36992"}],"wp:featuredmedia":[{"embeddable":true,"href":"https:\/\/bambapolitica.com.mx\/index.php\/wp-json\/wp\/v2\/media\/36986"}],"wp:attachment":[{"href":"https:\/\/bambapolitica.com.mx\/index.php\/wp-json\/wp\/v2\/media?parent=36985"}],"wp:term":[{"taxonomy":"category","embeddable":true,"href":"https:\/\/bambapolitica.com.mx\/index.php\/wp-json\/wp\/v2\/categories?post=36985"},{"taxonomy":"post_tag","embeddable":true,"href":"https:\/\/bambapolitica.com.mx\/index.php\/wp-json\/wp\/v2\/tags?post=36985"}],"curies":[{"name":"wp","href":"https:\/\/api.w.org\/{rel}","templated":true}]}}