{"id":37120,"date":"2021-11-19T21:54:54","date_gmt":"2021-11-20T03:54:54","guid":{"rendered":"http:\/\/bambapolitica.com.mx\/?p=37120"},"modified":"2021-11-19T21:54:57","modified_gmt":"2021-11-20T03:54:57","slug":"helio-flores-viveros-1938-en-su-casa-exponiendo-su-obra","status":"publish","type":"post","link":"https:\/\/bambapolitica.com.mx\/index.php\/2021\/11\/19\/helio-flores-viveros-1938-en-su-casa-exponiendo-su-obra\/","title":{"rendered":"Helio Flores Viveros ( 1938) en su casa exponiendo su obra"},"content":{"rendered":"\n<p class=\"has-medium-font-size\">\u00c1ngel Rafael Mart\u00ednez Alarc\u00f3n.<\/p>\n\n\n\n<p class=\"has-medium-font-size\">El mundialmente conocido caricaturista, nacido hace 82 a\u00f1os en esta ciudad de Xalapa, el ocho de octubre 1938, Helio Flores Viveros, presenta una exposici\u00f3n presencial, con eso que el covid-19, vino a cambiar todos los h\u00e1bitos de la humanidad desde marzo del 2020. La exposici\u00f3n fue abierta desde el mes de septiembre y cerrar\u00e1 al final de noviembre del 2021. En la Pinacoteca Diego Rivera, abajo del Parque Ju\u00e1rez, junto al viaducto y de la casa Museo Xalapa. De martes a domingo de 10:00 a 19: 00 horas. Calle J. J. Herrera # 5, centro hist\u00f3rico.<\/p>\n\n\n\n<p class=\"has-medium-font-size\">El joven Helio Flores Viveros, su vocaci\u00f3n por la caricatura se inicia al leer una convocatoria para realizar las tradicionales calaveras, editadas por el Diario de Xalapa, fundado en septiembre de 1943, por el poeta y diplom\u00e1tico \u00c1ngel J N\u00fa\u00f1ez y Rub\u00e9n Pabello Acosta (1910-1999) La exposici\u00f3n inicia unos recortes de dicha casa editorial de los a\u00f1os 50 del pasado siglo XX.<\/p>\n\n\n\n<p class=\"has-medium-font-size\">Su formaci\u00f3n acad\u00e9mica, la inicia en su natal ciudad que los vio nacer. Estudi\u00f3 la carrera de arquitectura en las primeras generaciones en la Universidad Veracruzana. A\u00f1os m\u00e1s tarde viaja a los Estados Unidos de Norteam\u00e9rica para asistir a la Escuela de Artes Visuales de Nueva York-<br>Sus primeros cartones como historietista profesional aparecieron en el Diario de Xalapa: reconozco en muchos un pobre contenido, las cr\u00edticas no estaban suficientemente fundamentadas, sin contar con las deficiencias del propio dibujo; yo ten\u00eda 18 a\u00f1os, fui el primer caricaturista en ese diario y en Xalapa, mis temas eran locales y a pesar de ello tuvieron \u00e9xito, eran comentados, pero hoy no les pondr\u00eda un diez, los veo y digo \u00a1c\u00f3mo es posible que me los publicaran!, \u00a1est\u00e1n horribles!, y suelta una carcajada.(La jornada, 21 de noviembre del 2011)<\/p>\n\n\n\n<p class=\"has-medium-font-size\">La caricatura pol\u00edtica, que es g\u00e9nero donde Helio Flores Viveros, desde la segunda mitad de la d\u00e9cada de los a\u00f1os 50\u00b4se han publicado: La gallina, Diario de Xalapa, El Mitote ilustrado, El Novedades: el mejor Diario de M\u00e9xico, (donde sufre la censura de no publicar sus caricaturas) Nace el proyecto de la Garrapata, con Ruis, Naranjo, Quedada. La Revista siempre, La Jornada, y el Universal.<\/p>\n\n\n\n<p class=\"has-medium-font-size\">Por m\u00e1s de 50 a\u00f1os de ejercer el periodismo en el g\u00e9nero de caricaturas, ha sido ganador por cuatro ocasiones del Premio Nacional de Periodismo, en 1986, 1996, 2001 y 2007. Durante el rectorado del Dr. Ra\u00fal Arias Lovillo, la Universidad Veracruzano, le otorg\u00f3 el Doctorado Honoris Causa, en agosto de 2008.<\/p>\n\n\n\n<p class=\"has-medium-font-size\">La presente exposici\u00f3n que se exhibe en la ciudad de Xalapa durante los meses de septiembre a noviembre del a\u00f1o en curso,fue estrenada en la ciudad de M\u00e9xico, en el museo del estanquillo, y estuvo abierta del 30 de octubre del 2019 hasta el primero de marzo del 2020, y en su natal ciudad de Xalapa, est\u00e1n en exhibici\u00f3n, con muy poca publicidad por la nula acci\u00f3n del IVEC de estos \u00faltimos tres a\u00f1os.<\/p>\n\n\n\n<p class=\"has-medium-font-size\">Helio Flores Viveros, es uno de los grandes caricaturistas vivos en nuestro pa\u00eds, con m\u00e1s de 50 a\u00f1os de trayectoria, dejando su propia visi\u00f3n de la realidad pol\u00edtica de M\u00e9xico. La exposici\u00f3n, es una c\u00e1tedra de la historia de M\u00e9xico en los \u00faltimos 50 a\u00f1os, desde los tiempos de Luis Echeverr\u00eda \u00c1lvarez hasta Enrique Pe\u00f1a Nieto. Cada uno de los cartones presentados, esta cargado de la informaci\u00f3n pol\u00edtica de su momento. \u00c9l es maestro de la caricatura pol\u00edtica de la segunda mitad del siglo XX, y sus personajes de Acci\u00f3n Nacional los dibuja con pasi\u00f3n. Desde este espacio hago la invitaci\u00f3n para que visiten la exposici\u00f3n, hasta con fines did\u00e1cticos para comprender el proyecto pol\u00edtico que ha vivido nuestra naci\u00f3n.<\/p>\n\n\n\n<p class=\"has-medium-font-size\">Sobre todos que el trabajo de Helio Flores Viveros, sigue vigente en la prensa nacional, con su agudo estilo de mostrar la realidad politica que sufre la naci\u00f3n mexicana.<br>@Helioflores_mex<\/p>\n","protected":false},"excerpt":{"rendered":"<p>\u00c1ngel Rafael Mart\u00ednez Alarc\u00f3n. El mundialmente conocido caricaturista, nacido hace 82 a\u00f1os en esta ciudad&#8230;<\/p>\n","protected":false},"author":4,"featured_media":37121,"comment_status":"closed","ping_status":"closed","sticky":false,"template":"","format":"standard","meta":{"footnotes":""},"categories":[4],"tags":[],"class_list":["post-37120","post","type-post","status-publish","format-standard","has-post-thumbnail","hentry","category-noticias-del-dia"],"_links":{"self":[{"href":"https:\/\/bambapolitica.com.mx\/index.php\/wp-json\/wp\/v2\/posts\/37120","targetHints":{"allow":["GET"]}}],"collection":[{"href":"https:\/\/bambapolitica.com.mx\/index.php\/wp-json\/wp\/v2\/posts"}],"about":[{"href":"https:\/\/bambapolitica.com.mx\/index.php\/wp-json\/wp\/v2\/types\/post"}],"author":[{"embeddable":true,"href":"https:\/\/bambapolitica.com.mx\/index.php\/wp-json\/wp\/v2\/users\/4"}],"replies":[{"embeddable":true,"href":"https:\/\/bambapolitica.com.mx\/index.php\/wp-json\/wp\/v2\/comments?post=37120"}],"version-history":[{"count":1,"href":"https:\/\/bambapolitica.com.mx\/index.php\/wp-json\/wp\/v2\/posts\/37120\/revisions"}],"predecessor-version":[{"id":37122,"href":"https:\/\/bambapolitica.com.mx\/index.php\/wp-json\/wp\/v2\/posts\/37120\/revisions\/37122"}],"wp:featuredmedia":[{"embeddable":true,"href":"https:\/\/bambapolitica.com.mx\/index.php\/wp-json\/wp\/v2\/media\/37121"}],"wp:attachment":[{"href":"https:\/\/bambapolitica.com.mx\/index.php\/wp-json\/wp\/v2\/media?parent=37120"}],"wp:term":[{"taxonomy":"category","embeddable":true,"href":"https:\/\/bambapolitica.com.mx\/index.php\/wp-json\/wp\/v2\/categories?post=37120"},{"taxonomy":"post_tag","embeddable":true,"href":"https:\/\/bambapolitica.com.mx\/index.php\/wp-json\/wp\/v2\/tags?post=37120"}],"curies":[{"name":"wp","href":"https:\/\/api.w.org\/{rel}","templated":true}]}}