{"id":37718,"date":"2021-11-30T08:07:01","date_gmt":"2021-11-30T14:07:01","guid":{"rendered":"http:\/\/bambapolitica.com.mx\/?p=37718"},"modified":"2021-11-30T08:09:59","modified_gmt":"2021-11-30T14:09:59","slug":"vacunas-contra-omicron-que-sabemos-de-las-dosis-especiales-de-moderna-astrazeneca-y-pfizer","status":"publish","type":"post","link":"https:\/\/bambapolitica.com.mx\/index.php\/2021\/11\/30\/vacunas-contra-omicron-que-sabemos-de-las-dosis-especiales-de-moderna-astrazeneca-y-pfizer\/","title":{"rendered":"\u00bfQu\u00e9 sabemos de las dosis especiales de Moderna, AstraZeneca y Pfizer?"},"content":{"rendered":"\n<p class=\"has-medium-font-size\">Farmac\u00e9uticas que han desarrollado biol\u00f3gicos contra el virus SARS-CoV-2 ya hab\u00edan anticipado que habr\u00eda una nueva variante.<\/p>\n\n\n\n<p class=\"has-medium-font-size\">La aparici\u00f3n de una nueva variante del COVID-19, llamada \u00f3micron, despert\u00f3 tal alerta en el mundo que transcurrieron pocas horas entre que la cepa fue nombrada como de preocupaci\u00f3n y las nuevas restricciones de viajes contra varias naciones del sur de \u00c1frica.<\/p>\n\n\n\n<p class=\"has-medium-font-size\">\u00d3micron, que provoca s\u00edntomas como fatiga, dolores de cabeza y cuerpo y dolores de garganta y tos ocasionales, fue detectada por primera vez en Sud\u00e1frica, aunque ya otras naciones han reportado casos, como Espa\u00f1a o incluso Canad\u00e1.<\/p>\n\n\n\n<p class=\"has-medium-font-size\">Y ante esta noticia, las farmac\u00e9uticas que han desarrollado biol\u00f3gicos contra el virus SARS-CoV-2 anunciaron que ya estaban probando o ten\u00edan preparada alguna versi\u00f3n de sus vacunas en caso de que una nueva cepa hiciera su aparici\u00f3n.<\/p>\n\n\n\n<p class=\"has-medium-font-size\">Hasta ahora, estas son las compa\u00f1\u00edas que han anunciado \u2018armas\u2019 actualizadas contra \u00f3micron:<\/p>\n\n\n\n<p class=\"has-medium-font-size\">Moderna<br>Desde el viernes anunci\u00f3 que ya estudiaba la efectividad de su vacuna COVID contra \u00f3micron.<\/p>\n\n\n\n<p class=\"has-medium-font-size\">La compa\u00f1\u00eda se\u00f1al\u00f3 que desde 2021 ha estado desarrollando una estrategia de trabajo para anticipar la aparici\u00f3n de nuevas variantes del virus SARS-CoV-2<\/p>\n\n\n\n<p class=\"has-medium-font-size\">La empresa est\u00e1 probando una dosis m\u00e1s alta de refuerzo (100 microgramos) en un grupo de 306 personas adultas. El estudio tambi\u00e9n incluye a los Institutos Nacionales de Salud de EU. Con base en esto, la compa\u00f1\u00eda ya revisa si esta dosis de 100 microgramos puede proporcionar una protecci\u00f3n m\u00e1s fuerte contra Omicron.<\/p>\n\n\n\n<p class=\"has-medium-font-size\">Adicional a esto, Moderna ya analiza a dos candidatos de refuerzo de vacuna COVID que fueron dise\u00f1ados espec\u00edficamente como una forma de \u2018prevenirse\u2019 contra la aparici\u00f3n de nuevas cepas del pat\u00f3geno.<\/p>\n\n\n\n<p class=\"has-medium-font-size\">AstraZeneca<br>La nueva generaci\u00f3n de la vacuna de Oxford en conjunto con AstraZeneca podr\u00eda proporcionar una gran protecci\u00f3n contra la nueva variante del coronavirus. Se espera que esta inmunizaci\u00f3n pueda ser aprobada en las semanas siguientes.<\/p>\n\n\n\n<p class=\"has-medium-font-size\">Esta nueva vacuna brit\u00e1nica desde un principio se desarroll\u00f3 pensando en combatir a la otra variante africana, Beta, antes de que Delta tomara la delantera y la superara.<\/p>\n\n\n\n<p class=\"has-medium-font-size\">Se han enviado desde Sud\u00e1frica muestras del virus con la variante a Reino Unido para poder empezar un estudio m\u00e1s detallado sobre \u00e9sta, con la esperanza de poder aprender m\u00e1s sobre su comportamiento.<\/p>\n\n\n\n<p class=\"has-medium-font-size\">Pfizer<br>La alemana BioNTech, \u2018socia\u2019 de la estadounidense, ya est\u00e1 trabajando en una adaptaci\u00f3n de su vacuna para hacer frente a la variante \u00f3micron y espera tener una nueva versi\u00f3n lista en 100 d\u00edas si es necesario.<\/p>\n\n\n\n<p class=\"has-medium-font-size\">La compa\u00f1\u00eda comenz\u00f3 a desarrollar la vacuna ahora para moverse lo m\u00e1s r\u00e1pido posible, apunt\u00f3 BioNTech en un comunicado. Los primeros pasos para desarrollar una nueva versi\u00f3n se superpondr\u00e1n con la investigaci\u00f3n necesaria para evaluar si se necesitar\u00e1 una nueva vacuna.<\/p>\n\n\n\n<p class=\"has-medium-font-size\">La compa\u00f1\u00eda alemana de biotecnolog\u00eda y su socia pusieron en marcha un plan hace meses planes para garantizar que una nueva versi\u00f3n de su vacuna pudiera enviarse en 100 d\u00edas si fuera necesario.<\/p>\n\n\n\n<p>elfinanciero &#8211; Bloomberg<\/p>\n","protected":false},"excerpt":{"rendered":"<p>Farmac\u00e9uticas que han desarrollado biol\u00f3gicos contra el virus SARS-CoV-2 ya hab\u00edan anticipado que habr\u00eda una&#8230;<\/p>\n","protected":false},"author":4,"featured_media":37724,"comment_status":"closed","ping_status":"closed","sticky":false,"template":"","format":"standard","meta":{"footnotes":""},"categories":[4],"tags":[],"class_list":["post-37718","post","type-post","status-publish","format-standard","has-post-thumbnail","hentry","category-noticias-del-dia"],"_links":{"self":[{"href":"https:\/\/bambapolitica.com.mx\/index.php\/wp-json\/wp\/v2\/posts\/37718","targetHints":{"allow":["GET"]}}],"collection":[{"href":"https:\/\/bambapolitica.com.mx\/index.php\/wp-json\/wp\/v2\/posts"}],"about":[{"href":"https:\/\/bambapolitica.com.mx\/index.php\/wp-json\/wp\/v2\/types\/post"}],"author":[{"embeddable":true,"href":"https:\/\/bambapolitica.com.mx\/index.php\/wp-json\/wp\/v2\/users\/4"}],"replies":[{"embeddable":true,"href":"https:\/\/bambapolitica.com.mx\/index.php\/wp-json\/wp\/v2\/comments?post=37718"}],"version-history":[{"count":2,"href":"https:\/\/bambapolitica.com.mx\/index.php\/wp-json\/wp\/v2\/posts\/37718\/revisions"}],"predecessor-version":[{"id":37751,"href":"https:\/\/bambapolitica.com.mx\/index.php\/wp-json\/wp\/v2\/posts\/37718\/revisions\/37751"}],"wp:featuredmedia":[{"embeddable":true,"href":"https:\/\/bambapolitica.com.mx\/index.php\/wp-json\/wp\/v2\/media\/37724"}],"wp:attachment":[{"href":"https:\/\/bambapolitica.com.mx\/index.php\/wp-json\/wp\/v2\/media?parent=37718"}],"wp:term":[{"taxonomy":"category","embeddable":true,"href":"https:\/\/bambapolitica.com.mx\/index.php\/wp-json\/wp\/v2\/categories?post=37718"},{"taxonomy":"post_tag","embeddable":true,"href":"https:\/\/bambapolitica.com.mx\/index.php\/wp-json\/wp\/v2\/tags?post=37718"}],"curies":[{"name":"wp","href":"https:\/\/api.w.org\/{rel}","templated":true}]}}