{"id":37799,"date":"2021-12-01T07:59:32","date_gmt":"2021-12-01T13:59:32","guid":{"rendered":"http:\/\/bambapolitica.com.mx\/?p=37799"},"modified":"2021-12-01T07:59:37","modified_gmt":"2021-12-01T13:59:37","slug":"valle-de-chalco-pode-que-entre-en-operacion-el-metro-no-el-metrobus","status":"publish","type":"post","link":"https:\/\/bambapolitica.com.mx\/index.php\/2021\/12\/01\/valle-de-chalco-pode-que-entre-en-operacion-el-metro-no-el-metrobus\/","title":{"rendered":"Valle de Chalco pode que entre en operaci\u00f3n el metro, NO EL METROBUS"},"content":{"rendered":"\n<p class=\"has-medium-font-size\">Eduardo Mu\u00f1oz-Diario \u201cEl Valle\u201d<br><br>Valle de Chalco Solidaridad, M\u00e9x.<\/p>\n\n\n\n<p class=\"has-medium-font-size\">El presidente municipal, Armando Garc\u00eda M\u00e9ndez, hizo un llamado a los gobiernos federal y estatal para impulsar en la zona oriente un sistema de transporte que beneficie realmente a millones de usuarios. En este sentido, dijo, \u201cnecesitamos un tren el\u00e9ctrico, como el Metro, pero no el Metrob\u00fas, porque aqu\u00ed la demanda de movilidad es alt\u00edsima\u201d.<\/p>\n\n\n\n<figure class=\"wp-block-gallery aligncenter columns-1 is-cropped wp-block-gallery-1 is-layout-flex wp-block-gallery-is-layout-flex\"><ul class=\"blocks-gallery-grid\"><li class=\"blocks-gallery-item\"><figure><img loading=\"lazy\" decoding=\"async\" width=\"1024\" height=\"768\" src=\"https:\/\/bambapolitica.com.mx\/wp-content\/uploads\/2021\/12\/259447923_3826684747557639_1950092273050442578_n-1-1024x768.jpg\" alt=\"\" data-id=\"37814\" data-full-url=\"https:\/\/bambapolitica.com.mx\/wp-content\/uploads\/2021\/12\/259447923_3826684747557639_1950092273050442578_n-1.jpg\" data-link=\"https:\/\/bambapolitica.com.mx\/?attachment_id=37814\" class=\"wp-image-37814\" srcset=\"https:\/\/bambapolitica.com.mx\/wp-content\/uploads\/2021\/12\/259447923_3826684747557639_1950092273050442578_n-1-1024x768.jpg 1024w, https:\/\/bambapolitica.com.mx\/wp-content\/uploads\/2021\/12\/259447923_3826684747557639_1950092273050442578_n-1-300x225.jpg 300w, https:\/\/bambapolitica.com.mx\/wp-content\/uploads\/2021\/12\/259447923_3826684747557639_1950092273050442578_n-1-768x576.jpg 768w, https:\/\/bambapolitica.com.mx\/wp-content\/uploads\/2021\/12\/259447923_3826684747557639_1950092273050442578_n-1-1536x1152.jpg 1536w, https:\/\/bambapolitica.com.mx\/wp-content\/uploads\/2021\/12\/259447923_3826684747557639_1950092273050442578_n-1-195x146.jpg 195w, https:\/\/bambapolitica.com.mx\/wp-content\/uploads\/2021\/12\/259447923_3826684747557639_1950092273050442578_n-1-50x38.jpg 50w, https:\/\/bambapolitica.com.mx\/wp-content\/uploads\/2021\/12\/259447923_3826684747557639_1950092273050442578_n-1-100x75.jpg 100w, https:\/\/bambapolitica.com.mx\/wp-content\/uploads\/2021\/12\/259447923_3826684747557639_1950092273050442578_n-1.jpg 2000w\" sizes=\"auto, (max-width: 1024px) 100vw, 1024px\" \/><\/figure><\/li><li class=\"blocks-gallery-item\"><figure><img loading=\"lazy\" decoding=\"async\" width=\"1024\" height=\"768\" src=\"https:\/\/bambapolitica.com.mx\/wp-content\/uploads\/2021\/12\/259524489_3826685167557597_7136280322601294476_n-1-1024x768.jpg\" alt=\"\" data-id=\"37816\" data-full-url=\"https:\/\/bambapolitica.com.mx\/wp-content\/uploads\/2021\/12\/259524489_3826685167557597_7136280322601294476_n-1.jpg\" data-link=\"https:\/\/bambapolitica.com.mx\/?attachment_id=37816\" class=\"wp-image-37816\" srcset=\"https:\/\/bambapolitica.com.mx\/wp-content\/uploads\/2021\/12\/259524489_3826685167557597_7136280322601294476_n-1-1024x768.jpg 1024w, https:\/\/bambapolitica.com.mx\/wp-content\/uploads\/2021\/12\/259524489_3826685167557597_7136280322601294476_n-1-300x225.jpg 300w, https:\/\/bambapolitica.com.mx\/wp-content\/uploads\/2021\/12\/259524489_3826685167557597_7136280322601294476_n-1-768x576.jpg 768w, https:\/\/bambapolitica.com.mx\/wp-content\/uploads\/2021\/12\/259524489_3826685167557597_7136280322601294476_n-1-1536x1152.jpg 1536w, https:\/\/bambapolitica.com.mx\/wp-content\/uploads\/2021\/12\/259524489_3826685167557597_7136280322601294476_n-1-195x146.jpg 195w, https:\/\/bambapolitica.com.mx\/wp-content\/uploads\/2021\/12\/259524489_3826685167557597_7136280322601294476_n-1-50x38.jpg 50w, https:\/\/bambapolitica.com.mx\/wp-content\/uploads\/2021\/12\/259524489_3826685167557597_7136280322601294476_n-1-100x75.jpg 100w, https:\/\/bambapolitica.com.mx\/wp-content\/uploads\/2021\/12\/259524489_3826685167557597_7136280322601294476_n-1.jpg 2000w\" sizes=\"auto, (max-width: 1024px) 100vw, 1024px\" \/><\/figure><\/li><li class=\"blocks-gallery-item\"><figure><img loading=\"lazy\" decoding=\"async\" width=\"1024\" height=\"768\" src=\"https:\/\/bambapolitica.com.mx\/wp-content\/uploads\/2021\/12\/259726156_3826685237557590_6185657088376587044_n-1-1024x768.jpg\" alt=\"\" data-id=\"37820\" data-full-url=\"https:\/\/bambapolitica.com.mx\/wp-content\/uploads\/2021\/12\/259726156_3826685237557590_6185657088376587044_n-1.jpg\" data-link=\"https:\/\/bambapolitica.com.mx\/?attachment_id=37820\" class=\"wp-image-37820\" srcset=\"https:\/\/bambapolitica.com.mx\/wp-content\/uploads\/2021\/12\/259726156_3826685237557590_6185657088376587044_n-1-1024x768.jpg 1024w, https:\/\/bambapolitica.com.mx\/wp-content\/uploads\/2021\/12\/259726156_3826685237557590_6185657088376587044_n-1-300x225.jpg 300w, https:\/\/bambapolitica.com.mx\/wp-content\/uploads\/2021\/12\/259726156_3826685237557590_6185657088376587044_n-1-768x576.jpg 768w, https:\/\/bambapolitica.com.mx\/wp-content\/uploads\/2021\/12\/259726156_3826685237557590_6185657088376587044_n-1-1536x1152.jpg 1536w, https:\/\/bambapolitica.com.mx\/wp-content\/uploads\/2021\/12\/259726156_3826685237557590_6185657088376587044_n-1-195x146.jpg 195w, https:\/\/bambapolitica.com.mx\/wp-content\/uploads\/2021\/12\/259726156_3826685237557590_6185657088376587044_n-1-50x38.jpg 50w, https:\/\/bambapolitica.com.mx\/wp-content\/uploads\/2021\/12\/259726156_3826685237557590_6185657088376587044_n-1-100x75.jpg 100w, https:\/\/bambapolitica.com.mx\/wp-content\/uploads\/2021\/12\/259726156_3826685237557590_6185657088376587044_n-1.jpg 2000w\" sizes=\"auto, (max-width: 1024px) 100vw, 1024px\" \/><\/figure><\/li><\/ul><\/figure>\n\n\n\n<p class=\"has-medium-font-size\">De igual forma, el mandatario vallechalquense pidi\u00f3 a la 61 Legislatura del Estado de M\u00e9xico acelere el cambio de nombre al municipio, para que se denomine Valle de Xico Solidaridad. Asever\u00f3 que este es un viejo proyecto que fue frenado por la pandemia de COVID-19, sin embargo -dijo-, se espera que fructifique en beneficio de los habitantes, quienes, a pesar de su identidad, conciencia y ra\u00edces culturales, son confundidos como habitantes de Chalco.<\/p>\n\n\n\n<p class=\"has-medium-font-size\">El Ejecutivo local declar\u00f3 lo anterior en el marco del 27 aniversario de la erecci\u00f3n de Valle de Chalco, en vistosa ceremonia celebrada en la exhacienda de Xico, un monumento emblem\u00e1tico que distingue a hombres y mujeres y da muestra de la participaci\u00f3n hist\u00f3rica del municipio en el devenir del pa\u00eds.<\/p>\n\n\n\n<figure class=\"wp-block-gallery aligncenter columns-1 is-cropped wp-block-gallery-2 is-layout-flex wp-block-gallery-is-layout-flex\"><ul class=\"blocks-gallery-grid\"><li class=\"blocks-gallery-item\"><figure><img loading=\"lazy\" decoding=\"async\" width=\"1024\" height=\"768\" src=\"https:\/\/bambapolitica.com.mx\/wp-content\/uploads\/2021\/12\/259858138_3826685114224269_5713227201887489905_n-1-1024x768.jpg\" alt=\"\" data-id=\"37818\" data-full-url=\"https:\/\/bambapolitica.com.mx\/wp-content\/uploads\/2021\/12\/259858138_3826685114224269_5713227201887489905_n-1.jpg\" data-link=\"https:\/\/bambapolitica.com.mx\/?attachment_id=37818\" class=\"wp-image-37818\" srcset=\"https:\/\/bambapolitica.com.mx\/wp-content\/uploads\/2021\/12\/259858138_3826685114224269_5713227201887489905_n-1-1024x768.jpg 1024w, https:\/\/bambapolitica.com.mx\/wp-content\/uploads\/2021\/12\/259858138_3826685114224269_5713227201887489905_n-1-300x225.jpg 300w, https:\/\/bambapolitica.com.mx\/wp-content\/uploads\/2021\/12\/259858138_3826685114224269_5713227201887489905_n-1-768x576.jpg 768w, https:\/\/bambapolitica.com.mx\/wp-content\/uploads\/2021\/12\/259858138_3826685114224269_5713227201887489905_n-1-1536x1152.jpg 1536w, https:\/\/bambapolitica.com.mx\/wp-content\/uploads\/2021\/12\/259858138_3826685114224269_5713227201887489905_n-1-195x146.jpg 195w, https:\/\/bambapolitica.com.mx\/wp-content\/uploads\/2021\/12\/259858138_3826685114224269_5713227201887489905_n-1-50x38.jpg 50w, https:\/\/bambapolitica.com.mx\/wp-content\/uploads\/2021\/12\/259858138_3826685114224269_5713227201887489905_n-1-100x75.jpg 100w, https:\/\/bambapolitica.com.mx\/wp-content\/uploads\/2021\/12\/259858138_3826685114224269_5713227201887489905_n-1.jpg 2000w\" sizes=\"auto, (max-width: 1024px) 100vw, 1024px\" \/><\/figure><\/li><li class=\"blocks-gallery-item\"><figure><img loading=\"lazy\" decoding=\"async\" width=\"1024\" height=\"768\" src=\"https:\/\/bambapolitica.com.mx\/wp-content\/uploads\/2021\/12\/260873796_3826685207557593_26697280723839106_n-1-1024x768.jpg\" alt=\"\" data-id=\"37822\" data-full-url=\"https:\/\/bambapolitica.com.mx\/wp-content\/uploads\/2021\/12\/260873796_3826685207557593_26697280723839106_n-1.jpg\" data-link=\"https:\/\/bambapolitica.com.mx\/?attachment_id=37822\" class=\"wp-image-37822\" srcset=\"https:\/\/bambapolitica.com.mx\/wp-content\/uploads\/2021\/12\/260873796_3826685207557593_26697280723839106_n-1-1024x768.jpg 1024w, https:\/\/bambapolitica.com.mx\/wp-content\/uploads\/2021\/12\/260873796_3826685207557593_26697280723839106_n-1-300x225.jpg 300w, https:\/\/bambapolitica.com.mx\/wp-content\/uploads\/2021\/12\/260873796_3826685207557593_26697280723839106_n-1-768x576.jpg 768w, https:\/\/bambapolitica.com.mx\/wp-content\/uploads\/2021\/12\/260873796_3826685207557593_26697280723839106_n-1-1536x1152.jpg 1536w, https:\/\/bambapolitica.com.mx\/wp-content\/uploads\/2021\/12\/260873796_3826685207557593_26697280723839106_n-1-195x146.jpg 195w, https:\/\/bambapolitica.com.mx\/wp-content\/uploads\/2021\/12\/260873796_3826685207557593_26697280723839106_n-1-50x38.jpg 50w, https:\/\/bambapolitica.com.mx\/wp-content\/uploads\/2021\/12\/260873796_3826685207557593_26697280723839106_n-1-100x75.jpg 100w, https:\/\/bambapolitica.com.mx\/wp-content\/uploads\/2021\/12\/260873796_3826685207557593_26697280723839106_n-1.jpg 2000w\" sizes=\"auto, (max-width: 1024px) 100vw, 1024px\" \/><\/figure><\/li><li class=\"blocks-gallery-item\"><figure><img loading=\"lazy\" decoding=\"async\" width=\"1024\" height=\"768\" src=\"https:\/\/bambapolitica.com.mx\/wp-content\/uploads\/2021\/12\/261220078_3826685144224266_6394362120682037976_n-1-1024x768.jpg\" alt=\"\" data-id=\"37826\" data-full-url=\"https:\/\/bambapolitica.com.mx\/wp-content\/uploads\/2021\/12\/261220078_3826685144224266_6394362120682037976_n-1.jpg\" data-link=\"https:\/\/bambapolitica.com.mx\/?attachment_id=37826\" class=\"wp-image-37826\" srcset=\"https:\/\/bambapolitica.com.mx\/wp-content\/uploads\/2021\/12\/261220078_3826685144224266_6394362120682037976_n-1-1024x768.jpg 1024w, https:\/\/bambapolitica.com.mx\/wp-content\/uploads\/2021\/12\/261220078_3826685144224266_6394362120682037976_n-1-300x225.jpg 300w, https:\/\/bambapolitica.com.mx\/wp-content\/uploads\/2021\/12\/261220078_3826685144224266_6394362120682037976_n-1-768x576.jpg 768w, https:\/\/bambapolitica.com.mx\/wp-content\/uploads\/2021\/12\/261220078_3826685144224266_6394362120682037976_n-1-1536x1152.jpg 1536w, https:\/\/bambapolitica.com.mx\/wp-content\/uploads\/2021\/12\/261220078_3826685144224266_6394362120682037976_n-1-195x146.jpg 195w, https:\/\/bambapolitica.com.mx\/wp-content\/uploads\/2021\/12\/261220078_3826685144224266_6394362120682037976_n-1-50x38.jpg 50w, https:\/\/bambapolitica.com.mx\/wp-content\/uploads\/2021\/12\/261220078_3826685144224266_6394362120682037976_n-1-100x75.jpg 100w, https:\/\/bambapolitica.com.mx\/wp-content\/uploads\/2021\/12\/261220078_3826685144224266_6394362120682037976_n-1.jpg 2000w\" sizes=\"auto, (max-width: 1024px) 100vw, 1024px\" \/><\/figure><\/li><\/ul><\/figure>\n\n\n\n<p class=\"has-medium-font-size\">Ah\u00ed, acompa\u00f1ado por Tom\u00e1s Alejandro Cort\u00e9s Garc\u00eda, representante personal del gobernador Alfredo del Mazo Maza; diputados locales, federales, exalcaldes, funcionarios electos y l\u00edderes de organizaciones pol\u00edticas, el titular del ayuntamiento puntualiz\u00f3 que este municipio es habitado por gente buena, noble y trabajadora que desde los a\u00f1os 70s lleg\u00f3 aqu\u00ed para labrarse un patrimonio propio a base de esfuerzo y sacrificio.<\/p>\n\n\n\n<p class=\"has-medium-font-size\">Garc\u00eda M\u00e9ndez agradeci\u00f3 al gobernador Alfredo del Mazo por el apoyo para concretar la infraestructura de movilidad, como son las avenidas Isidro Fabela y Lombardo Toledano, las cuales intensifican la comunicaci\u00f3n con el vecino Chalco e incluso con la alcald\u00eda de Tl\u00e1huac.<\/p>\n\n\n\n<p class=\"has-medium-font-size\">En su oportunidad, el representante del gobernador, Tom\u00e1s Alejandro Cort\u00e9s Garc\u00eda, dijo que Valle de Chalco tiene una riqueza cultural de enorme valor, ya que desde hace 22 mil a\u00f1os se detect\u00f3 aqu\u00ed la presencia humana en las orillas lacustres.<\/p>\n\n\n\n<p class=\"has-medium-font-size\">Se\u00f1al\u00f3 que I\u00f1igo Noriega desec\u00f3 el lago, pero durante 100 a\u00f1os esta localidad se caracteriz\u00f3 como cuenca lechera que surt\u00eda a la capital de la Rep\u00fablica.<\/p>\n\n\n\n<div class=\"wp-block-image\"><figure class=\"aligncenter size-large\"><img loading=\"lazy\" decoding=\"async\" width=\"1024\" height=\"768\" src=\"https:\/\/bambapolitica.com.mx\/wp-content\/uploads\/2021\/12\/261363361_3826685050890942_4242633978382537824_n-1-1024x768.jpg\" alt=\"\" class=\"wp-image-37824\" srcset=\"https:\/\/bambapolitica.com.mx\/wp-content\/uploads\/2021\/12\/261363361_3826685050890942_4242633978382537824_n-1-1024x768.jpg 1024w, https:\/\/bambapolitica.com.mx\/wp-content\/uploads\/2021\/12\/261363361_3826685050890942_4242633978382537824_n-1-300x225.jpg 300w, https:\/\/bambapolitica.com.mx\/wp-content\/uploads\/2021\/12\/261363361_3826685050890942_4242633978382537824_n-1-768x576.jpg 768w, https:\/\/bambapolitica.com.mx\/wp-content\/uploads\/2021\/12\/261363361_3826685050890942_4242633978382537824_n-1-1536x1152.jpg 1536w, https:\/\/bambapolitica.com.mx\/wp-content\/uploads\/2021\/12\/261363361_3826685050890942_4242633978382537824_n-1-195x146.jpg 195w, https:\/\/bambapolitica.com.mx\/wp-content\/uploads\/2021\/12\/261363361_3826685050890942_4242633978382537824_n-1-50x38.jpg 50w, https:\/\/bambapolitica.com.mx\/wp-content\/uploads\/2021\/12\/261363361_3826685050890942_4242633978382537824_n-1-100x75.jpg 100w, https:\/\/bambapolitica.com.mx\/wp-content\/uploads\/2021\/12\/261363361_3826685050890942_4242633978382537824_n-1.jpg 2000w\" sizes=\"auto, (max-width: 1024px) 100vw, 1024px\" \/><\/figure><\/div>\n\n\n\n<p class=\"has-medium-font-size\">Apunt\u00f3 que en 1988, el Programa Nacional de Solidaridad (Pronasol), invirti\u00f3 aqu\u00ed grandes recursos y fue as\u00ed que el municipio creci\u00f3 de manera vertiginosa, generando infraestructura de servicios para miles de inmigrantes que ya poblaban la regi\u00f3n.<\/p>\n\n\n\n<p class=\"has-medium-font-size\">Cabe destacar que durante el evento se entregaron reconocimientos a varios fundadores del municipio, entre ellos Alejandro Tapia, Marcelino Guzm\u00e1n Le\u00f3n, Armando L\u00f3pez Rosas y Cirilo S\u00e1nchez Reyes. Algunos m\u00e1s ya fallecieron, pero tambi\u00e9n se les record\u00f3 como forjadores del esfuerzo y la identidad vallechalquense.<\/p>\n","protected":false},"excerpt":{"rendered":"<p>Eduardo Mu\u00f1oz-Diario \u201cEl Valle\u201d Valle de Chalco Solidaridad, M\u00e9x. El presidente municipal, Armando Garc\u00eda M\u00e9ndez,&#8230;<\/p>\n","protected":false},"author":4,"featured_media":37827,"comment_status":"closed","ping_status":"closed","sticky":false,"template":"","format":"standard","meta":{"footnotes":""},"categories":[4],"tags":[],"class_list":["post-37799","post","type-post","status-publish","format-standard","has-post-thumbnail","hentry","category-noticias-del-dia"],"_links":{"self":[{"href":"https:\/\/bambapolitica.com.mx\/index.php\/wp-json\/wp\/v2\/posts\/37799","targetHints":{"allow":["GET"]}}],"collection":[{"href":"https:\/\/bambapolitica.com.mx\/index.php\/wp-json\/wp\/v2\/posts"}],"about":[{"href":"https:\/\/bambapolitica.com.mx\/index.php\/wp-json\/wp\/v2\/types\/post"}],"author":[{"embeddable":true,"href":"https:\/\/bambapolitica.com.mx\/index.php\/wp-json\/wp\/v2\/users\/4"}],"replies":[{"embeddable":true,"href":"https:\/\/bambapolitica.com.mx\/index.php\/wp-json\/wp\/v2\/comments?post=37799"}],"version-history":[{"count":1,"href":"https:\/\/bambapolitica.com.mx\/index.php\/wp-json\/wp\/v2\/posts\/37799\/revisions"}],"predecessor-version":[{"id":37828,"href":"https:\/\/bambapolitica.com.mx\/index.php\/wp-json\/wp\/v2\/posts\/37799\/revisions\/37828"}],"wp:featuredmedia":[{"embeddable":true,"href":"https:\/\/bambapolitica.com.mx\/index.php\/wp-json\/wp\/v2\/media\/37827"}],"wp:attachment":[{"href":"https:\/\/bambapolitica.com.mx\/index.php\/wp-json\/wp\/v2\/media?parent=37799"}],"wp:term":[{"taxonomy":"category","embeddable":true,"href":"https:\/\/bambapolitica.com.mx\/index.php\/wp-json\/wp\/v2\/categories?post=37799"},{"taxonomy":"post_tag","embeddable":true,"href":"https:\/\/bambapolitica.com.mx\/index.php\/wp-json\/wp\/v2\/tags?post=37799"}],"curies":[{"name":"wp","href":"https:\/\/api.w.org\/{rel}","templated":true}]}}