{"id":37878,"date":"2021-12-01T10:42:30","date_gmt":"2021-12-01T16:42:30","guid":{"rendered":"http:\/\/bambapolitica.com.mx\/?p=37878"},"modified":"2021-12-01T10:42:32","modified_gmt":"2021-12-01T16:42:32","slug":"los-feminicidios-dejan-dolor-miedo-desintegracion-familiar-abandono-de-ninas-ninos-y-adolescentes-mientras-las-autoridades-se-convierten-en-complices","status":"publish","type":"post","link":"https:\/\/bambapolitica.com.mx\/index.php\/2021\/12\/01\/los-feminicidios-dejan-dolor-miedo-desintegracion-familiar-abandono-de-ninas-ninos-y-adolescentes-mientras-las-autoridades-se-convierten-en-complices\/","title":{"rendered":"Los feminicidios dejan dolor, miedo, desintegraci\u00f3n familiar, abandono de ni\u00f1as, ni\u00f1os y adolescentes, mientras las autoridades se convierten en c\u00f3mplices"},"content":{"rendered":"\n<p class=\"has-medium-font-size\">**El Tribunal Feminista contra el Feminicidio en Oaxaca conden\u00f3 al Estado mexicano y al gobierno de Oaxaca por graves violaciones a los derechos humanos de las mujeres.<\/p>\n\n\n\n<p class=\"has-medium-font-size\">Necesariamente Inc\u00f3moda<\/p>\n\n\n\n<p class=\"has-medium-font-size\">Graciela Machuca Mart\u00ednez<\/p>\n\n\n\n<p class=\"has-medium-font-size\">Oaxaca <\/p>\n\n\n\n<p class=\"has-medium-font-size\">Luego de dos d\u00edas de conocer testimonios de madres y otras familiares sobre siete casos de feminicidio en Oaxaca, as\u00ed como de deliberaci\u00f3n, el Tribunal Feminista contra el Feminicidio, cuyas juezas sesionaron durante los d\u00edas 29 y 30 de noviembre en la ciudad de Oaxaca de Ju\u00e1rez, se conden\u00f3 al Estado mexicano y las autoridades de esta entidad, \u201cpor las graves violaciones a los derechos humanos de las mujeres, ni\u00f1as y ni\u00f1os, violaci\u00f3n al derecho a la verdad, al acceso a la justicia, al derecho a una vida libre de violencia y discriminaci\u00f3n\u201d.<\/p>\n\n\n\n<p class=\"has-medium-font-size\">Este Tribunal contra el Feminicidio sesion\u00f3 en la Fuente de las Ocho Regiones, ubicada en la zona norte de la capital oaxaque\u00f1a, en donde se dijo que de la condena al Estado, son responsables los funcionarios de las siguientes instituciones del sistema de justicia de la entidad federativa de Oaxaca:<\/p>\n\n\n\n<p class=\"has-medium-font-size\">La Fiscal\u00eda General de Oaxaca, por los actos de negligencia, corrupci\u00f3n del Ministerio P\u00fablico del Estado de Oaxaca, Ministerio P\u00fablico de Huajuapan De Le\u00f3n; Fiscal\u00eda de Huajuapan De Le\u00f3n, adscrita a la Vice Fiscal\u00eda Regional de la Mixteca; Ministerio P\u00fablico de Juchit\u00e1n de Zaragoza; Ministerio P\u00fablico de la Villa de Etla; as\u00ed como la Agencia Estatal de Investigaci\u00f3n.<\/p>\n\n\n\n<p class=\"has-medium-font-size\">Tribunal Superior de Justicia del Estado de Oaxaca por los actos negligentes, contrarios a los derechos de las mujeres del Titular del Juzgado Tercero de lo Penal del Distrito Judicial del Centro, Oaxaca, el Titular del Juzgado Cuarto de lo Penal del Distrito Judicial del Centro, Oaxaca.<br>As\u00ed como las autoridades municipales: Polic\u00eda Municipal de Huajuapan De Le\u00f3n, Oaxaca; S\u00edndico Municipal de San Pedro y San Pablo Texistepec, Huajuapan, Diego Constantino Soriano Arag\u00f3n; Comandancia Municipal de San Pedro y San Pablo Tequixtepec, Huajuapan, Oaxaca, y la Polic\u00eda Municipal de Juchit\u00e1n de Zaragoza.<\/p>\n\n\n\n<p class=\"has-medium-font-size\">En la sentencia se dice que en 6 de los 7 casos presentados ante el Tribunal, las mujeres v\u00edctimas hab\u00edan sufrido violencia con anterioridad, sus asesinatos son producto de un continuum de violencias cometidas principalmente por sujetos con los que ten\u00edan una relaci\u00f3n de pareja, como ocurri\u00f3 en los casos Dafne, Iv\u00f3n, Quedma, Lizbeth y Melissa o como en el caso de Mar\u00eda del Carmen, un vecino fue quien la asesin\u00f3.<\/p>\n\n\n\n<p class=\"has-medium-font-size\">En todos los casos, los cr\u00edmenes fueron cometidos con extrema crueldad, los feminicidas est\u00e1n plenamente identificados, pero salvo en un caso, el de Dafne, los responsables no han sido detenidos, colocando en grave riesgo a las familiares que exigen justicia por sus hijas, hermanas y primas.<\/p>\n\n\n\n<p class=\"has-medium-font-size\">En los antecedentes del documento, le\u00eddo frente a las asistentes, se dice Oaxaca est\u00e1 dentro de los tres estados con mayor impunidad en homicidio doloso con el 99.4 por ciento, junto con Morelos (99.6%) y Guerrero (98.8%); que de acuerdo con el Secretariado Ejecutivo del Sistema Nacional de Seguridad P\u00fablica (SESNSP) de 2019 a octubre del 2021 se han cometido 365 asesinatos de mujeres, ni\u00f1as y adolescentes; del total de casos, s\u00f3lo 104 casos son investigados como feminicidios.<\/p>\n\n\n\n<p class=\"has-medium-font-size\">Por estas circunstancias, la Organizaci\u00f3n Feminista Consorcio para El Di\u00e1logo Parlamentario y la Equidad, Oaxaca, la Colectiva de Madres contra el Feminicidio y la Impunidad, as\u00ed como el Observatorio Ciudadano Nacional del Feminicidio (OCNF) convocaron a la conformaci\u00f3n de este Tribunal Feminista contra el Feminicidio en la Ciudad de Oaxaca los d\u00edas 29 Y 30 de noviembre de 2021, el cual se integr\u00f3 por las juezas Mar\u00eda de la Luz Estrada Mendoza, del OCNF; Ruth Fierro Pineda, del Centro de Derechos Humanos para las Mujeres (CEDHEM); Norma Gonz\u00e1lez Ben\u00edtez, de Amnist\u00eda Internacional; Ana Yeli P\u00e9rez Garrido, de Justicia Propersona\/OCNF y Karla Micheel Salas Ram\u00edrez, del Grupo de Acci\u00f3n por los Derechos Humanos y la Justicia Social.<br>A continuaci\u00f3n se enumeran los siete casos conocidos por el Tribunal, as\u00ed como dos que se conocieron espont\u00e1neamente durante la primera sesi\u00f3n. Estas historias, representan los cientos de mujeres que han sido asesinadas en Oaxaca, pero que la Fiscal\u00eda se ha negado a investigar los casos por feminicidio.<\/p>\n\n\n\n<ul class=\"wp-block-list\"><li>Dafne Denisse Carre\u00f1o Bengochea, quien fue asesinada a sus 21 a\u00f1os de edad, por su novio Alejandro Enrique Rivera L\u00f3pez, el nueve de abril de 2013;<\/li><li>Quedma Ram\u00edrez Torres, de 35 a\u00f1os de edad, asesinada mientras dorm\u00eda junto a su hija, por su concubino Erasmo Ramiro L\u00f3pez Castaneira de 62 a\u00f1os de edad, el 22 de junio de 2013;<\/li><li>Iv\u00f3n Jimenez Camacho, de 20 a\u00f1os de edad, asesinada por su novio Kevin Gonz\u00e1lez Rojo Mart\u00ednez el 6 de agosto de 2013;<\/li><li>Lizbeth Jimenez C\u00e1mara, de 19 a\u00f1os de edad, asesinada por su concubino Guillermo Jos\u00e9 Medina Carrizosa, de 46 a\u00f1os de edad, el veintinueve de abril de 2018;<\/li><li>Mar\u00eda del Sol Cruz Jarqu\u00edn, de 27 a\u00f1os de edad y Pamela Ter\u00e1n, de 27 a\u00f1os de edad, asesinadas por hombres no identificados el 2 de junio de 2018;<\/li><li>Melisa Areli Rojas Pastrana, de 29 a\u00f1os de edad, asesinada por su concubino Miguel Angel Ch\u00e1vez Nieto, el 20 de diciembre de 2020.<\/li><li>Mar\u00eda Carmen Paula Burgos Calvo, de 63 a\u00f1os de edad, asesinada por su vecino Cirilo Raymundo Mor\u00e1n Morales, el cinco de mayo de 2021.<br>Entre las conclusiones del Tribunal se hace menci\u00f3n a \u201cla existencia de un patr\u00f3n de impunidad sistem\u00e1tica cuyo principal asidero se encuentra en la falta de voluntad o incapacidad de las autoridades para implementar de forma efectiva y adecuada el marco jur\u00eddico nacional e internacional de derechos de las mujeres a una vida libre, digna, plena\u201d.<br><\/li><\/ul>\n\n\n\n<p class=\"has-medium-font-size\">Al hacer menci\u00f3n a los impactos psicosociales se concluy\u00f3 que existen similitudes en todos los casos sobre los sentimientos de desconsuelo, tristeza, crisis c\u00edclicas de llanto, depresi\u00f3n, estr\u00e9s postraum\u00e1tico, ansiedad, incertidumbre, enojo, decepci\u00f3n, impotencia, fatalismo, miedo y a veces p\u00e9rdida de confianza en la humanidad; en algunos casos han habido impactos familiares como distanciamientos, aislamiento social, ruptura del n\u00facleo familiar o en algunos varones el recurrir al alcohol ante la falta de herramientas psicoemocionales necesarias para hacer frente al dolor. Como lo dijo Elvira, son madres y familias destrozadas, mujeres rotas como lo dijo Sol.<br>Hay impactos en la salud como insomnio, sensaci\u00f3n de asfixia, cansancio f\u00edsico y emocional extremo, taquicardias, dolores f\u00edsicos y enfermedades diversas; algunas v\u00edctimas indirectas han perdido sus trabajos y han tenido impactos econ\u00f3micos severos.<\/p>\n\n\n\n<p class=\"has-medium-font-size\">En todos los casos son nulos o deficientes los apoyos para afrontar el dolor por las p\u00e9rdidas; adicionalmente han referido sentimientos de rabia, desgaste emocional, rabia e indignaci\u00f3n total hacia el sistema de justicia ante el actuar indolente de las autoridades, la revictimizaci\u00f3n, el retardo injustificado en los procesos, la violencia institucional y la impunidad.<\/p>\n\n\n\n<p class=\"has-medium-font-size\">Preocupa sobremanera el total abandono institucional a las ni\u00f1as, ni\u00f1os y adolescentes, v\u00edctimas indirectas en estos delitos, hermanos e hijos de las mujeres asesinadas. Hay cambios conductuales en ellos, vulnerabilidad, falta de atenci\u00f3n para los procesos de guarda y custodia que garanticen el inter\u00e9s superior de la ni\u00f1ez, como en el caso de Gerarda, cuyos nietos se encuentran con la familia del feminicida.<\/p>\n\n\n\n<p class=\"has-medium-font-size\">Tambi\u00e9n es de preocupaci\u00f3n, la nula atenci\u00f3n psicol\u00f3gica y de asistencia para las y los ni\u00f1os, sobre todo cuando \u00e9stos presenciaron los hechos de violencia feminicida, como ocurri\u00f3 en los casos de Quedma y Melisa.<\/p>\n\n\n\n<p class=\"has-medium-font-size\">Tambi\u00e9n se escucharon los testimonios que la violencia feminicida y la impunidad generan miedo en las sobrevivientes, en las familias y en la comunidad, como lo dijo Minerva -hermana de Quedma- \u201cya no vivimos tranquilas\u201d tenemos m\u00e1s hijas y tememos que le pase a otra lo mismo\u201d o como Luz del Carmen, quien mencion\u00f3 que a veces los testigos tampoco quieren aportar informaci\u00f3n sobre la violencia que presenciaron por MIEDO, pues saber que esos agresores son capaces de matar genera eso, pero sobre todo la IMPUNIDAD, pues la inacci\u00f3n de las autoridades permite que esos hombres sigan libres, en la clandestinidad, por un lado, invisibles ante los ojos de la justicia pero siempre presentes ante ese miedo que genera en las v\u00edctimas su latente regreso.<\/p>\n\n\n\n<p class=\"has-medium-font-size\">Las juezas tambi\u00e9n replicaron: ese miedo puede transformarse cuando no estamos solas, cuando las familias de estas mujeres son acompa\u00f1adas, como lo dijo Norma Hern\u00e1ndez, que, ante el asesinato de su prima, \u201cal pueblo le dio coraje, indignaci\u00f3n, se unieron las mujeres, hicieron marchas\u201d. La respuesta de la comunidad es importante, forma parte de la justicia, implica dejar de ser c\u00f3mplices, dejar de guardar silencio, para colocarnos del lado de la dignidad, de la exigencia de justicia a partir de la indignaci\u00f3n. Elvira tambi\u00e9n lo dijo: \u201cAcabaron con nosotras y acabaron con el miedo\u201d.<\/p>\n\n\n\n<p class=\"has-medium-font-size\">En esa sentencia qued\u00f3 asentado: Todas las mujeres, ni\u00f1as y adolescentes que nos han arrebatado son vidas que han dejado un vac\u00edo en su familia, pero tambi\u00e9n en la comunidad y en nuestra sociedad, como lo dijo Zoila Elizabeth -madre de Dafne-, al referir que su hija tambi\u00e9n era su amiga, su confidente, su compa\u00f1era de vida; que \u201cera buena\u201d, que \u201cle gustaba ayudar a la gente que lo necesitaba\u201d.<br>Causa indignaci\u00f3n de este Tribunal y a la sociedad que las autoridades, con el \u00edmpetu de obstruir la justicia, afirmen con sus omisiones y negligencias que ellas se suicidaron, cuando, como Lizbeth, \u201camaban la vida\u201d. Gerarda describi\u00f3 a Melisa como una joven muy buena, trabajadora y siempre sonriente. <\/p>\n\n\n\n<p class=\"has-medium-font-size\">Elvira mencion\u00f3 que Iv\u00f3n \u201cquer\u00eda mucho la vida, era una ni\u00f1a muy feliz, muy sociable, siempre sonriente\u201d. Por su parte, recordaremos a Sol como una joven buena onda, apegada a su mam\u00e1, la fot\u00f3grafa m\u00e1s peque\u00f1a cubriendo procesos electorales.<\/p>\n\n\n\n<p class=\"has-medium-font-size\">El Tribunal reiter\u00f3 la importancia de los procesos de memoria, la indignaci\u00f3n y el acompa\u00f1amiento de la comunidad, como lo refirieron Gerarda y Elvira, a quienes la presencia comunitaria en los rituales de duelo han sido significativos, as\u00ed como los mensajes de aliento a continuar la b\u00fasqueda de justicia como medida de no repetici\u00f3n, para que otras mujeres no sean violentadas, la claridad de que el silencio provoca impunidad y el miedo, poder para el agresor.<\/p>\n\n\n\n<p class=\"has-medium-font-size\">En Oaxaca, en Quintana Roo, en la Ciudad de M\u00e9xico o en Chihuahua, la historia es la misma: machismo, impunidad y falta de inter\u00e9s de las autoridades de procuraci\u00f3n y administraci\u00f3n de justicia para detener la violencia feminicida.<\/p>\n","protected":false},"excerpt":{"rendered":"<p>**El Tribunal Feminista contra el Feminicidio en Oaxaca conden\u00f3 al Estado mexicano y al gobierno&#8230;<\/p>\n","protected":false},"author":4,"featured_media":37879,"comment_status":"closed","ping_status":"closed","sticky":false,"template":"","format":"standard","meta":{"footnotes":""},"categories":[4],"tags":[],"class_list":["post-37878","post","type-post","status-publish","format-standard","has-post-thumbnail","hentry","category-noticias-del-dia"],"_links":{"self":[{"href":"https:\/\/bambapolitica.com.mx\/index.php\/wp-json\/wp\/v2\/posts\/37878","targetHints":{"allow":["GET"]}}],"collection":[{"href":"https:\/\/bambapolitica.com.mx\/index.php\/wp-json\/wp\/v2\/posts"}],"about":[{"href":"https:\/\/bambapolitica.com.mx\/index.php\/wp-json\/wp\/v2\/types\/post"}],"author":[{"embeddable":true,"href":"https:\/\/bambapolitica.com.mx\/index.php\/wp-json\/wp\/v2\/users\/4"}],"replies":[{"embeddable":true,"href":"https:\/\/bambapolitica.com.mx\/index.php\/wp-json\/wp\/v2\/comments?post=37878"}],"version-history":[{"count":1,"href":"https:\/\/bambapolitica.com.mx\/index.php\/wp-json\/wp\/v2\/posts\/37878\/revisions"}],"predecessor-version":[{"id":37880,"href":"https:\/\/bambapolitica.com.mx\/index.php\/wp-json\/wp\/v2\/posts\/37878\/revisions\/37880"}],"wp:featuredmedia":[{"embeddable":true,"href":"https:\/\/bambapolitica.com.mx\/index.php\/wp-json\/wp\/v2\/media\/37879"}],"wp:attachment":[{"href":"https:\/\/bambapolitica.com.mx\/index.php\/wp-json\/wp\/v2\/media?parent=37878"}],"wp:term":[{"taxonomy":"category","embeddable":true,"href":"https:\/\/bambapolitica.com.mx\/index.php\/wp-json\/wp\/v2\/categories?post=37878"},{"taxonomy":"post_tag","embeddable":true,"href":"https:\/\/bambapolitica.com.mx\/index.php\/wp-json\/wp\/v2\/tags?post=37878"}],"curies":[{"name":"wp","href":"https:\/\/api.w.org\/{rel}","templated":true}]}}