{"id":37939,"date":"2021-12-03T20:06:39","date_gmt":"2021-12-04T02:06:39","guid":{"rendered":"http:\/\/bambapolitica.com.mx\/?p=37939"},"modified":"2021-12-03T20:06:54","modified_gmt":"2021-12-04T02:06:54","slug":"aplazan-a-marzo-de-2022-audiencia-de-linea-12-del-metro","status":"publish","type":"post","link":"https:\/\/bambapolitica.com.mx\/index.php\/2021\/12\/03\/aplazan-a-marzo-de-2022-audiencia-de-linea-12-del-metro\/","title":{"rendered":"Aplazan a marzo de 2022 audiencia de L\u00ednea 12 del Metro"},"content":{"rendered":"\n<p class=\"has-medium-font-size\">Se aplaz\u00f3 la audiencia debido a que los abogados pidieron al Ministerio P\u00fablico de la Fiscal\u00eda dar a conocer las cl\u00e1usulas del convenio reparatorio que el Gobierno firm\u00f3 con las empresas constructoras.<\/p>\n\n\n\n<p class=\"has-medium-font-size\">Un juez de control aplaz\u00f3 hasta el 7 de marzo de 2022 la audiencia inicial por el caso de la L\u00ednea 12 del Metro, luego de determinar que primero se tiene que resolver el recurso de revocaci\u00f3n que interpusieron las defensas privadas.<\/p>\n\n\n\n<p class=\"has-medium-font-size\">La determinaci\u00f3n de aplazar por segunda vez la audiencia se debe a que los abogados particulares de las v\u00edctimas quieren que el Ministerio P\u00fablico de la Fiscal\u00eda capitalina d\u00e9 a conocer las cl\u00e1usulas del convenio reparatorio que el Gobierno capitalino firm\u00f3 con las empresas que construyeron el tramo elevado que colaps\u00f3.<\/p>\n\n\n\n<p class=\"has-medium-font-size\">El acto judicial inici\u00f3 a las 10:30 horas, en las salas de oralidad del Poder Judicial que est\u00e1n sobre la calle Doctor Lavista, colonia Doctores, alcald\u00eda Cuauht\u00e9moc.<\/p>\n\n\n\n<p class=\"has-medium-font-size\">Esta es la segunda vez que se difiere la audiencia inicial de la L\u00ednea 12 del Metro, pues el 25 de octubre pasado el juez de Control la aplaz\u00f3 para este viernes 3 de diciembre.<\/p>\n\n\n\n<p class=\"has-medium-font-size\">En aquella ocasi\u00f3n, los abogados de las v\u00edctimas argumentaron que no ten\u00edan la carpeta investigaci\u00f3n completa que inici\u00f3 la Fiscal\u00eda General de Justicia (FGJ) de la Ciudad de M\u00e9xico tras el derrumbe de un tramo de la L\u00ednea 12 del Metro que dej\u00f3 26 muertos y m\u00e1s de 100 heridos el 3 de mayo pasado.<\/p>\n","protected":false},"excerpt":{"rendered":"<p>Se aplaz\u00f3 la audiencia debido a que los abogados pidieron al Ministerio P\u00fablico de la&#8230;<\/p>\n","protected":false},"author":4,"featured_media":38002,"comment_status":"closed","ping_status":"closed","sticky":false,"template":"","format":"standard","meta":{"footnotes":""},"categories":[4],"tags":[],"class_list":["post-37939","post","type-post","status-publish","format-standard","has-post-thumbnail","hentry","category-noticias-del-dia"],"_links":{"self":[{"href":"https:\/\/bambapolitica.com.mx\/index.php\/wp-json\/wp\/v2\/posts\/37939","targetHints":{"allow":["GET"]}}],"collection":[{"href":"https:\/\/bambapolitica.com.mx\/index.php\/wp-json\/wp\/v2\/posts"}],"about":[{"href":"https:\/\/bambapolitica.com.mx\/index.php\/wp-json\/wp\/v2\/types\/post"}],"author":[{"embeddable":true,"href":"https:\/\/bambapolitica.com.mx\/index.php\/wp-json\/wp\/v2\/users\/4"}],"replies":[{"embeddable":true,"href":"https:\/\/bambapolitica.com.mx\/index.php\/wp-json\/wp\/v2\/comments?post=37939"}],"version-history":[{"count":1,"href":"https:\/\/bambapolitica.com.mx\/index.php\/wp-json\/wp\/v2\/posts\/37939\/revisions"}],"predecessor-version":[{"id":38003,"href":"https:\/\/bambapolitica.com.mx\/index.php\/wp-json\/wp\/v2\/posts\/37939\/revisions\/38003"}],"wp:featuredmedia":[{"embeddable":true,"href":"https:\/\/bambapolitica.com.mx\/index.php\/wp-json\/wp\/v2\/media\/38002"}],"wp:attachment":[{"href":"https:\/\/bambapolitica.com.mx\/index.php\/wp-json\/wp\/v2\/media?parent=37939"}],"wp:term":[{"taxonomy":"category","embeddable":true,"href":"https:\/\/bambapolitica.com.mx\/index.php\/wp-json\/wp\/v2\/categories?post=37939"},{"taxonomy":"post_tag","embeddable":true,"href":"https:\/\/bambapolitica.com.mx\/index.php\/wp-json\/wp\/v2\/tags?post=37939"}],"curies":[{"name":"wp","href":"https:\/\/api.w.org\/{rel}","templated":true}]}}