{"id":40193,"date":"2022-01-12T07:40:57","date_gmt":"2022-01-12T13:40:57","guid":{"rendered":"http:\/\/bambapolitica.com.mx\/?p=40193"},"modified":"2022-01-12T07:40:59","modified_gmt":"2022-01-12T13:40:59","slug":"con-gran-participacion-en-amecameca-vacunan-contra-covid-19-a-jovenes-de-entre-15-y-17-anos","status":"publish","type":"post","link":"https:\/\/bambapolitica.com.mx\/index.php\/2022\/01\/12\/con-gran-participacion-en-amecameca-vacunan-contra-covid-19-a-jovenes-de-entre-15-y-17-anos\/","title":{"rendered":"Con gran participaci\u00f3n en Amecameca vacunan contra Covid-19 a j\u00f3venes de entre 15 y 17 a\u00f1os"},"content":{"rendered":"\n<p class=\"has-medium-font-size\">*Tambi\u00e9n tuvieron la oportunidad de ser vacunados otros grupos etarios<\/p>\n\n\n\n<p class=\"has-medium-font-size\">Amecameca, Edom\u00e9x. a 12 de enero de 2022.<\/p>\n\n\n\n<p class=\"has-medium-font-size\">Con una gran participaci\u00f3n de j\u00f3venes, este martes 11 de enero se realiz\u00f3 la vacunaci\u00f3n de primeras y segundas dosis contra covid-19 a menores de edad de entre 15 y 17 a\u00f1os de Amecameca, as\u00ed como a personas rezagadas de 18 a\u00f1os y m\u00e1s, as\u00ed como adolescentes de 12 a 17 con alguna comorbilidad.<\/p>\n\n\n\n<p class=\"has-medium-font-size\">Las autoridades sanitarias dispusieron de cuatro mil dos vacunas de la marca Pfizer y mil de AstraZeneca, con el objetivo de que ninguna persona de los diferentes grupos etarios se quedaron sin recibir el biol\u00f3gico.<\/p>\n\n\n\n<div class=\"wp-block-image\"><figure class=\"aligncenter size-large\"><img loading=\"lazy\" decoding=\"async\" width=\"768\" height=\"576\" src=\"https:\/\/bambapolitica.com.mx\/wp-content\/uploads\/2022\/01\/wp-16419433843024789103821201844566-1.jpg\" alt=\"\" class=\"wp-image-40212\" srcset=\"https:\/\/bambapolitica.com.mx\/wp-content\/uploads\/2022\/01\/wp-16419433843024789103821201844566-1.jpg 768w, https:\/\/bambapolitica.com.mx\/wp-content\/uploads\/2022\/01\/wp-16419433843024789103821201844566-1-300x225.jpg 300w, https:\/\/bambapolitica.com.mx\/wp-content\/uploads\/2022\/01\/wp-16419433843024789103821201844566-1-195x146.jpg 195w, https:\/\/bambapolitica.com.mx\/wp-content\/uploads\/2022\/01\/wp-16419433843024789103821201844566-1-50x38.jpg 50w, https:\/\/bambapolitica.com.mx\/wp-content\/uploads\/2022\/01\/wp-16419433843024789103821201844566-1-100x75.jpg 100w\" sizes=\"auto, (max-width: 768px) 100vw, 768px\" \/><\/figure><\/div>\n\n\n\n<p class=\"has-medium-font-size\">Al recorrer el Centro de Vacunaci\u00f3n, la presidenta municipal, Ivette Topete Garc\u00eda, destac\u00f3 la importancia de completar el esquema de vacunaci\u00f3n entre las y los adolescentes, as\u00ed como de los mayores de edad que, por alguna raz\u00f3n, no pudieron completar su esquema el a\u00f1o pasado.<\/p>\n\n\n\n<p class=\"has-medium-font-size\">Agradeci\u00f3 a todos los que acudieron a la Unidad Deportiva Amecameca en un horario de 9 AM a 5 PM, quienes de manera ordenada esperaron su turno con entusiasmo.<\/p>\n\n\n\n<div class=\"wp-block-image\"><figure class=\"aligncenter size-large\"><img loading=\"lazy\" decoding=\"async\" width=\"768\" height=\"576\" src=\"https:\/\/bambapolitica.com.mx\/wp-content\/uploads\/2022\/01\/wp-1641943398911771338898291640602.jpg\" alt=\"\" class=\"wp-image-40210\" srcset=\"https:\/\/bambapolitica.com.mx\/wp-content\/uploads\/2022\/01\/wp-1641943398911771338898291640602.jpg 768w, https:\/\/bambapolitica.com.mx\/wp-content\/uploads\/2022\/01\/wp-1641943398911771338898291640602-300x225.jpg 300w, https:\/\/bambapolitica.com.mx\/wp-content\/uploads\/2022\/01\/wp-1641943398911771338898291640602-195x146.jpg 195w, https:\/\/bambapolitica.com.mx\/wp-content\/uploads\/2022\/01\/wp-1641943398911771338898291640602-50x38.jpg 50w, https:\/\/bambapolitica.com.mx\/wp-content\/uploads\/2022\/01\/wp-1641943398911771338898291640602-100x75.jpg 100w\" sizes=\"auto, (max-width: 768px) 100vw, 768px\" \/><\/figure><\/div>\n\n\n\n<p class=\"has-medium-font-size\">De acuerdo con la estrategia conjunta de vacunaci\u00f3n que llevan a cabo los tres niveles de gobierno, las dosis fueron aplicadas de la siguiente manera:<\/p>\n\n\n\n<p class=\"has-medium-font-size\">Primera dosis de Pfizer a los rezagados de 12-17 a\u00f1os con comorbilidad<\/p>\n\n\n\n<p class=\"has-medium-font-size\">Primera dosis de 15-17 a\u00f1os con Pfizer<\/p>\n\n\n\n<p class=\"has-medium-font-size\">Primera dosis a j\u00f3venes nacidos en 2007 que cumplan 15 a\u00f1os en 2022<\/p>\n\n\n\n<p class=\"has-medium-font-size\">Primeras y segundas dosis de 18+ con Astra.<\/p>\n\n\n\n<p class=\"has-medium-font-size\">La alcaldesa exhort\u00f3 a toda la poblaci\u00f3n a seguirse cuidando ante en aumento de contagios por Covid-19 en todo el pa\u00eds, adem\u00e1s en Amecameca por el clima frio recomend\u00f3 a todos andar bien abrigados para evitar la enfermedad de esta temporada, la influenza.<\/p>\n","protected":false},"excerpt":{"rendered":"<p>*Tambi\u00e9n tuvieron la oportunidad de ser vacunados otros grupos etarios Amecameca, Edom\u00e9x. a 12 de&#8230;<\/p>\n","protected":false},"author":4,"featured_media":40209,"comment_status":"closed","ping_status":"closed","sticky":false,"template":"","format":"standard","meta":{"footnotes":""},"categories":[4],"tags":[],"class_list":["post-40193","post","type-post","status-publish","format-standard","has-post-thumbnail","hentry","category-noticias-del-dia"],"_links":{"self":[{"href":"https:\/\/bambapolitica.com.mx\/index.php\/wp-json\/wp\/v2\/posts\/40193","targetHints":{"allow":["GET"]}}],"collection":[{"href":"https:\/\/bambapolitica.com.mx\/index.php\/wp-json\/wp\/v2\/posts"}],"about":[{"href":"https:\/\/bambapolitica.com.mx\/index.php\/wp-json\/wp\/v2\/types\/post"}],"author":[{"embeddable":true,"href":"https:\/\/bambapolitica.com.mx\/index.php\/wp-json\/wp\/v2\/users\/4"}],"replies":[{"embeddable":true,"href":"https:\/\/bambapolitica.com.mx\/index.php\/wp-json\/wp\/v2\/comments?post=40193"}],"version-history":[{"count":1,"href":"https:\/\/bambapolitica.com.mx\/index.php\/wp-json\/wp\/v2\/posts\/40193\/revisions"}],"predecessor-version":[{"id":40213,"href":"https:\/\/bambapolitica.com.mx\/index.php\/wp-json\/wp\/v2\/posts\/40193\/revisions\/40213"}],"wp:featuredmedia":[{"embeddable":true,"href":"https:\/\/bambapolitica.com.mx\/index.php\/wp-json\/wp\/v2\/media\/40209"}],"wp:attachment":[{"href":"https:\/\/bambapolitica.com.mx\/index.php\/wp-json\/wp\/v2\/media?parent=40193"}],"wp:term":[{"taxonomy":"category","embeddable":true,"href":"https:\/\/bambapolitica.com.mx\/index.php\/wp-json\/wp\/v2\/categories?post=40193"},{"taxonomy":"post_tag","embeddable":true,"href":"https:\/\/bambapolitica.com.mx\/index.php\/wp-json\/wp\/v2\/tags?post=40193"}],"curies":[{"name":"wp","href":"https:\/\/api.w.org\/{rel}","templated":true}]}}