{"id":40268,"date":"2022-01-13T07:37:05","date_gmt":"2022-01-13T13:37:05","guid":{"rendered":"http:\/\/bambapolitica.com.mx\/?p=40268"},"modified":"2022-01-13T07:53:36","modified_gmt":"2022-01-13T13:53:36","slug":"una-excarcel-se-volvera-la-sede-de-la-sep-en-puebla","status":"publish","type":"post","link":"https:\/\/bambapolitica.com.mx\/index.php\/2022\/01\/13\/una-excarcel-se-volvera-la-sede-de-la-sep-en-puebla\/","title":{"rendered":"Una exc\u00e1rcel se volver\u00e1 la sede de la SEP en Puebla"},"content":{"rendered":"\n<p class=\"has-medium-font-size\">La expenitenciar\u00eda est\u00e1 ubicada junto al museo del Ej\u00e9rcito y Fuerza A\u00e9rea Mexicanos, en el centro de Puebla<\/p>\n\n\n\n<p class=\"has-medium-font-size\">PUEBLA. <\/p>\n\n\n\n<p class=\"has-medium-font-size\">Las instalaciones del Centro Integral de Servicios (CIS) San Javier en Puebla ser\u00e1n la sede de la Secretar\u00eda de Educaci\u00f3n P\u00fablica federal, dijo el gobernador de Puebla, Luis Miguel Barbosa Huerta, luego de que se reuniera el martes con la titular de dicha dependencia, Delfina G\u00f3mez \u00c1lvarez.<\/p>\n\n\n\n<p class=\"has-medium-font-size\">\u201cHasta donde estoy enterado es ah\u00ed, en Paseo Bravo. Ah\u00ed hay un edificio que fueron instalaciones del CIS, es de la Federaci\u00f3n y ah\u00ed va a estar instalado. No tengo el n\u00famero exacto de la calle, pero m\u00e1s tarde que lo sepamos lo vamos a informar, pero es un asunto de la Federaci\u00f3n\u201d, inform\u00f3 Miguel Barbosa en su habitual conferencia matutina.<\/p>\n\n\n\n<p class=\"has-medium-font-size\">El CIS San Javier, tambi\u00e9n conocido como la expenitenciar\u00eda de San Javier, est\u00e1 ubicado junto al museo del Ej\u00e9rcito y Fuerza A\u00e9rea Mexicanos, en el centro de Puebla.<\/p>\n\n\n\n<p class=\"has-medium-font-size\">Fue denominado Fuerte Iturbide, instalado para la defensa de la ciudad, elemento fundamental para el heroico Sitio de 1863. Actualmente se encuentra en remodelaci\u00f3n.<\/p>\n\n\n\n<p>elsoldemexico<\/p>\n","protected":false},"excerpt":{"rendered":"<p>La expenitenciar\u00eda est\u00e1 ubicada junto al museo del Ej\u00e9rcito y Fuerza A\u00e9rea Mexicanos, en el&#8230;<\/p>\n","protected":false},"author":4,"featured_media":40277,"comment_status":"closed","ping_status":"closed","sticky":false,"template":"","format":"standard","meta":{"footnotes":""},"categories":[4],"tags":[],"class_list":["post-40268","post","type-post","status-publish","format-standard","has-post-thumbnail","hentry","category-noticias-del-dia"],"_links":{"self":[{"href":"https:\/\/bambapolitica.com.mx\/index.php\/wp-json\/wp\/v2\/posts\/40268","targetHints":{"allow":["GET"]}}],"collection":[{"href":"https:\/\/bambapolitica.com.mx\/index.php\/wp-json\/wp\/v2\/posts"}],"about":[{"href":"https:\/\/bambapolitica.com.mx\/index.php\/wp-json\/wp\/v2\/types\/post"}],"author":[{"embeddable":true,"href":"https:\/\/bambapolitica.com.mx\/index.php\/wp-json\/wp\/v2\/users\/4"}],"replies":[{"embeddable":true,"href":"https:\/\/bambapolitica.com.mx\/index.php\/wp-json\/wp\/v2\/comments?post=40268"}],"version-history":[{"count":2,"href":"https:\/\/bambapolitica.com.mx\/index.php\/wp-json\/wp\/v2\/posts\/40268\/revisions"}],"predecessor-version":[{"id":40309,"href":"https:\/\/bambapolitica.com.mx\/index.php\/wp-json\/wp\/v2\/posts\/40268\/revisions\/40309"}],"wp:featuredmedia":[{"embeddable":true,"href":"https:\/\/bambapolitica.com.mx\/index.php\/wp-json\/wp\/v2\/media\/40277"}],"wp:attachment":[{"href":"https:\/\/bambapolitica.com.mx\/index.php\/wp-json\/wp\/v2\/media?parent=40268"}],"wp:term":[{"taxonomy":"category","embeddable":true,"href":"https:\/\/bambapolitica.com.mx\/index.php\/wp-json\/wp\/v2\/categories?post=40268"},{"taxonomy":"post_tag","embeddable":true,"href":"https:\/\/bambapolitica.com.mx\/index.php\/wp-json\/wp\/v2\/tags?post=40268"}],"curies":[{"name":"wp","href":"https:\/\/api.w.org\/{rel}","templated":true}]}}