{"id":40269,"date":"2022-01-13T07:39:16","date_gmt":"2022-01-13T13:39:16","guid":{"rendered":"http:\/\/bambapolitica.com.mx\/?p=40269"},"modified":"2022-01-13T07:39:17","modified_gmt":"2022-01-13T13:39:17","slug":"le-daran-mas-poder-al-director-del-cide","status":"publish","type":"post","link":"https:\/\/bambapolitica.com.mx\/index.php\/2022\/01\/13\/le-daran-mas-poder-al-director-del-cide\/","title":{"rendered":"Le dar\u00e1n m\u00e1s poder al director del CIDE"},"content":{"rendered":"\n<p class=\"has-medium-font-size\">El Conacyt, de Mar\u00eda Elena \u00c1lvarez-Buylla, alista cambios al reglamento para hacer a un lado a la comunidad<\/p>\n\n\n\n<p class=\"has-medium-font-size\">Acad\u00e9micos y estudiantes del Centro de Investigaci\u00f3n y Docencia Econ\u00f3micas (CIDE) denunciaron que el Consejo Nacional de Ciencia y Tecnolog\u00eda (Conacyt) alista una serie de modificaciones al reglamento general del instituto con el objetivo de dar m\u00e1s poder al director general, Jos\u00e9 Antonio Romero Tellaeche, y quitar poder de decisi\u00f3n a la comunidad cide\u00edta.<\/p>\n\n\n\n<p class=\"has-medium-font-size\">Para concretar los cambios, acusaron que el organismo que encabeza Mar\u00eda Elena \u00c1lvarez-Buylla cit\u00f3 de manera irregular a los integrantes de la Asamblea General de Asociados a una sesi\u00f3n extraordinaria para el viernes..<\/p>\n\n\n\n<p class=\"has-medium-font-size\">La Asamblea est\u00e1 integrada por representantes de las secretar\u00edas de Educaci\u00f3n P\u00fablica, Hacienda, Energ\u00eda y Econom\u00eda, as\u00ed como del Fondo de Cultura Econ\u00f3mica, el Colegio de M\u00e9xico y el Banco de M\u00e9xico.<\/p>\n\n\n\n<p class=\"has-medium-font-size\">Una de las primeras modificaciones que propone el Conacyt tiene es quitar atribuciones al Consejo Acad\u00e9mico del CIDE, m\u00e1ximo \u00f3rgano interno de decisi\u00f3n del instituto y el principal contrapeso a Romero Tellaeche. Este Consejo hasta ahora tiene a su cargo aprobar estatutos, reglamentos, programas docentes y apelaciones, entre otras funciones.<\/p>\n\n\n\n<p class=\"has-medium-font-size\">Conacyt plantea reformar el art\u00edculo 42 del estatuto del centro para cambiar las facultades de ese Consejo de \u201cconocer y aprobar\u201d esos asuntos esenciales a las de simplemente \u201cconocer y opinar\u201d sobre ellos.<\/p>\n\n\n\n<p class=\"has-medium-font-size\">Con este cambio, \u201cse busca quitar y cortar la participaci\u00f3n de la comunidad acad\u00e9mica en la toma de decisiones\u201d, dijo Catherine Andrews, catedr\u00e1tica de la instituci\u00f3n y exsecretaria Acad\u00e9mica hasta que fue removida unilateralmente por el nuevo director.<\/p>\n\n\n\n<p class=\"has-medium-font-size\">En entrevista con El Sol de M\u00e9xico, Andrews asegura que la intenci\u00f3n de la jugada de Conacyt es concentrar en Romero Tellaeche otras facultades como cambiar el c\u00f3digo de \u00e9tica, los planes de trabajo e incluso los informes de evaluaci\u00f3n de los docentes, as\u00ed como aplicar m\u00e1s reformas.<\/p>\n\n\n\n<p class=\"has-medium-font-size\">\u201cEs concentrar la facultad de decisi\u00f3n en la direcci\u00f3n general\u201d, dijo.<\/p>\n\n\n\n<div class=\"wp-block-image\"><figure class=\"aligncenter size-large\"><img loading=\"lazy\" decoding=\"async\" width=\"720\" height=\"452\" src=\"https:\/\/bambapolitica.com.mx\/wp-content\/uploads\/2022\/01\/Estudiantes-y-acade\u0301micos-del-CIDE-.jpeg\" alt=\"\" class=\"wp-image-40280\" srcset=\"https:\/\/bambapolitica.com.mx\/wp-content\/uploads\/2022\/01\/Estudiantes-y-acade\u0301micos-del-CIDE-.jpeg 720w, https:\/\/bambapolitica.com.mx\/wp-content\/uploads\/2022\/01\/Estudiantes-y-acade\u0301micos-del-CIDE--300x188.jpeg 300w, https:\/\/bambapolitica.com.mx\/wp-content\/uploads\/2022\/01\/Estudiantes-y-acade\u0301micos-del-CIDE--233x146.jpeg 233w, https:\/\/bambapolitica.com.mx\/wp-content\/uploads\/2022\/01\/Estudiantes-y-acade\u0301micos-del-CIDE--50x31.jpeg 50w, https:\/\/bambapolitica.com.mx\/wp-content\/uploads\/2022\/01\/Estudiantes-y-acade\u0301micos-del-CIDE--119x75.jpeg 119w\" sizes=\"auto, (max-width: 720px) 100vw, 720px\" \/><figcaption>Estudiantes y acad\u00e9micos del CIDE realizaron una manifestaci\u00f3n pac\u00edfica.<\/figcaption><\/figure><\/div>\n\n\n\n<p class=\"has-medium-font-size\">Otro de los cambios es al art\u00edculo 29 para que el Consejo Directivo del CIDE, que es un \u00f3rgano externo de decisi\u00f3n, pierda su capacidad de \u201cformalizar\u201d el nombramiento del director general y su posible ratificaci\u00f3n, y en su lugar s\u00f3lo pueda \u201ctomar conocimiento\u201d de ambos procedimientos.<\/p>\n\n\n\n<p class=\"has-medium-font-size\">Esta decisi\u00f3n, afirma la comunidad cide\u00edta, significa que el \u201cConacyt reconoce que viol\u00f3 el Estatuto General del CIDE el 29 de noviembre pasado, cuando la Dra. Mar\u00eda Elena \u00c1lvarez Buylla nombr\u00f3 al Dr. Jos\u00e9 Antonio Romero Tellaeche sin permitir que el Consejo Directivo votara tal designaci\u00f3n\u201d, decisi\u00f3n que llev\u00f3 al estudiantado a irse a un paro indefinido.<\/p>\n\n\n\n<p class=\"has-medium-font-size\">Finalmente, Conacyt propone reformar el art\u00edculo 34, en el que se busca que Romero Tellaeche tenga mayores facilidades para imponer al nuevo titular de la Secretar\u00eda Acad\u00e9mica, el segundo cargo m\u00e1s importante dentro del CIDE. <\/p>\n\n\n\n<p class=\"has-medium-font-size\">Esto, debido a que cambia el requisito de \u201chaber sido acad\u00e9mico activo de la Asociaci\u00f3n al menos durante los dos a\u00f1os anteriores\u201d por \u201chaber sido miembro activo de una instituci\u00f3n acad\u00e9mica de ense\u00f1anza o investigaci\u00f3n superior\u201d.<\/p>\n\n\n\n<p class=\"has-medium-font-size\">La comunidad estudiantil denunci\u00f3 que esta modificaci\u00f3n busca ratificar en su cargo a Jordy Micheli, actual secretario acad\u00e9mico impuesto por Romero, quien no cumpli\u00f3 con los requisitos actualmente vigentes debido a que no era de la comunidad.<\/p>\n\n\n\n<p class=\"has-medium-font-size\">Al respecto, Andrews asegura que la situaci\u00f3n jur\u00eddica de Micheli a\u00fan sigue en duda, pues no se sabe si \u00e9ste ya fue contratado de manera formal por el CIDE y bajo qu\u00e9 condiciones. <\/p>\n\n\n\n<p class=\"has-medium-font-size\">Tampoco se sabe si este procedimiento ser\u00e1 retroactivo para la designaci\u00f3n de Romero, por lo que califica a la situaci\u00f3n actual de ambos funcionarios como \u201ccuestionable legalmente\u201d.<\/p>\n\n\n\n<p class=\"has-medium-font-size\">El pasado 7 de enero, el Conacyt lanz\u00f3 la convocatoria para que esta propuesta de reforma sea estudiada, y en su caso aprobada, por la Asamblea General de Asociados. <\/p>\n\n\n\n<p class=\"has-medium-font-size\">Andrews explica que para que esta reforma sea aprobada, seg\u00fan el estatuto vigente del CIDE, primero debi\u00f3 ser sometida a la aprobaci\u00f3n del Consejo Acad\u00e9mico y luego presentado al Consejo Directivo, \u201cpor lo que su presentaci\u00f3n el viernes es en violaci\u00f3n al estatuto vigente\u201d.<\/p>\n\n\n\n<p class=\"has-medium-font-size\">\u201cEn t\u00e9rminos optimistas esperar\u00edamos que no se prestaran a maniobras ilegales. La forma en la que se presenta la reforma no ha seguido los pasos formales, entonces no deben votar sobre la propuesta. <\/p>\n\n\n\n<p class=\"has-medium-font-size\">Deben insistir que esta propuesta primero se someta a la aprobaci\u00f3n del Consejo Acad\u00e9mico y que lleguen con el expediente y el acta del Consejo en que fue aprobado como requisito. <\/p>\n\n\n\n<p class=\"has-medium-font-size\">Eso esperar\u00eda, pero mucho temo que eso no vaya a ocurrir, sino que se van a prestar a esta maniobra ilegal por parte de la doctora \u00c1lvarez Buylla\u201d, finaliz\u00f3.<\/p>\n\n\n\n<p>elsoldemexico<\/p>\n","protected":false},"excerpt":{"rendered":"<p>El Conacyt, de Mar\u00eda Elena \u00c1lvarez-Buylla, alista cambios al reglamento para hacer a un lado&#8230;<\/p>\n","protected":false},"author":4,"featured_media":40279,"comment_status":"closed","ping_status":"closed","sticky":false,"template":"","format":"standard","meta":{"footnotes":""},"categories":[4],"tags":[],"class_list":["post-40269","post","type-post","status-publish","format-standard","has-post-thumbnail","hentry","category-noticias-del-dia"],"_links":{"self":[{"href":"https:\/\/bambapolitica.com.mx\/index.php\/wp-json\/wp\/v2\/posts\/40269","targetHints":{"allow":["GET"]}}],"collection":[{"href":"https:\/\/bambapolitica.com.mx\/index.php\/wp-json\/wp\/v2\/posts"}],"about":[{"href":"https:\/\/bambapolitica.com.mx\/index.php\/wp-json\/wp\/v2\/types\/post"}],"author":[{"embeddable":true,"href":"https:\/\/bambapolitica.com.mx\/index.php\/wp-json\/wp\/v2\/users\/4"}],"replies":[{"embeddable":true,"href":"https:\/\/bambapolitica.com.mx\/index.php\/wp-json\/wp\/v2\/comments?post=40269"}],"version-history":[{"count":1,"href":"https:\/\/bambapolitica.com.mx\/index.php\/wp-json\/wp\/v2\/posts\/40269\/revisions"}],"predecessor-version":[{"id":40281,"href":"https:\/\/bambapolitica.com.mx\/index.php\/wp-json\/wp\/v2\/posts\/40269\/revisions\/40281"}],"wp:featuredmedia":[{"embeddable":true,"href":"https:\/\/bambapolitica.com.mx\/index.php\/wp-json\/wp\/v2\/media\/40279"}],"wp:attachment":[{"href":"https:\/\/bambapolitica.com.mx\/index.php\/wp-json\/wp\/v2\/media?parent=40269"}],"wp:term":[{"taxonomy":"category","embeddable":true,"href":"https:\/\/bambapolitica.com.mx\/index.php\/wp-json\/wp\/v2\/categories?post=40269"},{"taxonomy":"post_tag","embeddable":true,"href":"https:\/\/bambapolitica.com.mx\/index.php\/wp-json\/wp\/v2\/tags?post=40269"}],"curies":[{"name":"wp","href":"https:\/\/api.w.org\/{rel}","templated":true}]}}