{"id":40270,"date":"2022-01-13T07:41:51","date_gmt":"2022-01-13T13:41:51","guid":{"rendered":"http:\/\/bambapolitica.com.mx\/?p=40270"},"modified":"2022-01-13T07:41:52","modified_gmt":"2022-01-13T13:41:52","slug":"ccem-exhorta-a-gobiernos-a-restringir-los-eventos-masivos-ante-aumento-de-casos-covid","status":"publish","type":"post","link":"https:\/\/bambapolitica.com.mx\/index.php\/2022\/01\/13\/ccem-exhorta-a-gobiernos-a-restringir-los-eventos-masivos-ante-aumento-de-casos-covid\/","title":{"rendered":"CCEM exhorta a gobiernos a restringir los eventos masivos ante aumento de casos covid"},"content":{"rendered":"\n<p class=\"has-medium-font-size\">La presidenta, Laura Gonz\u00e1lez Hern\u00e1ndez, tambi\u00e9n indic\u00f3 que se deben instalar m\u00e1s m\u00f3dulos de pruebas gratuitas para evitar m\u00e1s contagios.<\/p>\n\n\n\n<p class=\"has-medium-font-size\">Ante el repunte de casos de covid-19 y sus variantes en los \u00faltimos d\u00edas, la presidenta del Consejo Coordinador Empresarial del Estado de M\u00e9xico (CCEM), Laura Gonz\u00e1lez Hern\u00e1ndez, exhort\u00f3 a las autoridades estatales y municipales a restringir los eventos masivos, fiestas patronales, bailes, eventos deportivos o cuestiones que impliquen la reuni\u00f3n de personas de manera masiva, pues en estos momentos representan una fuente de contagios muy importante. <\/p>\n\n\n\n<p class=\"has-medium-font-size\">Adem\u00e1s de instalar m\u00e1s m\u00f3dulos de pruebas gratuitas para evitar m\u00e1s contagios. \u201cHoy est\u00e1n saturados los laboratorios privados y m\u00f3dulos p\u00fablicos para tomarse la prueba, incluso algunas empresas que han intentado comprar no han encontrado porque est\u00e1n agotadas\u201d.<\/p>\n\n\n\n<p class=\"has-medium-font-size\">En conferencia de prensa conjunta con el Instituto Mexicano del Seguro Social (IMSS), indic\u00f3 que no es obligatorio que aquellos trabajadores que tuvieron covid presenten una prueba para regresar a laborar, sin embargo, hay empresas, especialmente las m\u00e1s grandes, que s\u00ed tienen la posibilidad de realizar dichas muestras de manera peri\u00f3dica. <\/p>\n\n\n\n<p class=\"has-medium-font-size\">\u201cCon los trabajadores estamos haciendo mucho \u00e9nfasis en que eviten las reuniones los fines de semana, es vital que empiece la restricci\u00f3n de eventos masivos de cualquier \u00edndole para evitar m\u00e1s contagios, especialmente, porque la variante \u00f3micron es sumamente contagiosa\u201d.<\/p>\n\n\n\n<div class=\"wp-block-image\"><figure class=\"aligncenter size-large\"><img loading=\"lazy\" decoding=\"async\" width=\"1024\" height=\"635\" src=\"https:\/\/bambapolitica.com.mx\/wp-content\/uploads\/2022\/01\/laura-gonzalez-presidenta-del-ccem-1-1024x635.jpg\" alt=\"\" class=\"wp-image-40286\" srcset=\"https:\/\/bambapolitica.com.mx\/wp-content\/uploads\/2022\/01\/laura-gonzalez-presidenta-del-ccem-1-1024x635.jpg 1024w, https:\/\/bambapolitica.com.mx\/wp-content\/uploads\/2022\/01\/laura-gonzalez-presidenta-del-ccem-1-300x186.jpg 300w, https:\/\/bambapolitica.com.mx\/wp-content\/uploads\/2022\/01\/laura-gonzalez-presidenta-del-ccem-1-768x476.jpg 768w, https:\/\/bambapolitica.com.mx\/wp-content\/uploads\/2022\/01\/laura-gonzalez-presidenta-del-ccem-1-235x146.jpg 235w, https:\/\/bambapolitica.com.mx\/wp-content\/uploads\/2022\/01\/laura-gonzalez-presidenta-del-ccem-1-50x31.jpg 50w, https:\/\/bambapolitica.com.mx\/wp-content\/uploads\/2022\/01\/laura-gonzalez-presidenta-del-ccem-1-121x75.jpg 121w, https:\/\/bambapolitica.com.mx\/wp-content\/uploads\/2022\/01\/laura-gonzalez-presidenta-del-ccem-1.jpg 1200w\" sizes=\"auto, (max-width: 1024px) 100vw, 1024px\" \/><\/figure><\/div>\n\n\n\n<p class=\"has-medium-font-size\">Repunte de contagios afectar\u00e1 a ciertos sectores<\/p>\n\n\n\n<p class=\"has-medium-font-size\">El repunte de casos, dijo, impactar\u00e1 al sector tur\u00edstico, restaurantes, hoteles, centros de entretenimiento, as\u00ed como los relacionados con eventos sociales y banquetes. \u201cTan solo en los restaurantes ya hubo una baja de 20 por ciento en las ventas el pasado fin de semana\u201d. <\/p>\n\n\n\n<p class=\"has-medium-font-size\">Asimismo, Gonz\u00e1lez Hern\u00e1ndez refiri\u00f3 que hasta el momento no tienen noticia de que se vaya a cambiar el sem\u00e1foro epidemiol\u00f3gico, que se mantiene en verde en la entidad, sin embargo, el alza en el n\u00famero de contagios obliga a reforzar las medidas sanitarias. \u201cDebemos mejorar los esquemas de prevenci\u00f3n en las empresas, tanto para los trabajadores, clientes y proveedores\u201d.<\/p>\n\n\n\n<p class=\"has-medium-font-size\">Aumentan casos en centros laborales<\/p>\n\n\n\n<p class=\"has-medium-font-size\">El presidente del Congreso del Trabajo en la entidad, Ra\u00fal Dom\u00ednguez Rex, se\u00f1al\u00f3 que hasta el momento en los centros laborales solo han registrado un incremento de 10 por ciento en el n\u00famero de casos, ya que las empresas han mantenido la desinfecci\u00f3n y ha aislado a los trabajadores contagiados.<\/p>\n\n\n\n<p class=\"has-medium-font-size\">Record\u00f3 que el sem\u00e1foro epidemiol\u00f3gico no atiende al n\u00famero de contagios sino a la saturaci\u00f3n hospitalaria, y en la medida en que ocurra eso, el color se mantendr\u00e1. \u201cPese a su tama\u00f1o poblacional en los \u00faltimos meses la entidad se ha ubicado en la cuarta y quinta posici\u00f3n de contagios, por la participaci\u00f3n de la poblaci\u00f3n y los trabajadores\u201d.<\/p>\n\n\n\n<p class=\"has-medium-font-size\">Urgen m\u00e1s m\u00f3dulos de pruebas covid<\/p>\n\n\n\n<p class=\"has-medium-font-size\">Por su parte, Jorge D\u00edaz Galindo, oficial Mayor de la Confederaci\u00f3n de Trabajadores de M\u00e9xico (CTM), refiri\u00f3 que si bien el IMSS tiene los M\u00f3dulos de Atenci\u00f3n Respiratoria, donde se atiende a la poblaci\u00f3n, se aplica el Triage para identificar signos y s\u00edntomas de covid para hacer la prueba; es fundamental que los tres niveles de gobierno abran m\u00e1s m\u00f3dulos de detecci\u00f3n y eviten que aquellos que salgan positivos sigan en contacto con los j\u00f3venes y adultos mayores que no han sido vacunados.<\/p>\n\n\n\n<div class=\"wp-block-image\"><figure class=\"aligncenter size-large\"><img loading=\"lazy\" decoding=\"async\" width=\"1024\" height=\"635\" src=\"https:\/\/bambapolitica.com.mx\/wp-content\/uploads\/2022\/01\/pruebas-covid-en-edomex-tania-1-1024x635.jpg\" alt=\"\" class=\"wp-image-40284\" srcset=\"https:\/\/bambapolitica.com.mx\/wp-content\/uploads\/2022\/01\/pruebas-covid-en-edomex-tania-1-1024x635.jpg 1024w, https:\/\/bambapolitica.com.mx\/wp-content\/uploads\/2022\/01\/pruebas-covid-en-edomex-tania-1-300x186.jpg 300w, https:\/\/bambapolitica.com.mx\/wp-content\/uploads\/2022\/01\/pruebas-covid-en-edomex-tania-1-768x476.jpg 768w, https:\/\/bambapolitica.com.mx\/wp-content\/uploads\/2022\/01\/pruebas-covid-en-edomex-tania-1-235x146.jpg 235w, https:\/\/bambapolitica.com.mx\/wp-content\/uploads\/2022\/01\/pruebas-covid-en-edomex-tania-1-50x31.jpg 50w, https:\/\/bambapolitica.com.mx\/wp-content\/uploads\/2022\/01\/pruebas-covid-en-edomex-tania-1-121x75.jpg 121w, https:\/\/bambapolitica.com.mx\/wp-content\/uploads\/2022\/01\/pruebas-covid-en-edomex-tania-1.jpg 1200w\" sizes=\"auto, (max-width: 1024px) 100vw, 1024px\" \/><\/figure><\/div>\n\n\n\n<p class=\"has-medium-font-size\">\u201cNecesitamos pruebas gratuitas, hoy la m\u00e1s barata anda en 350 pesos y hay otras hasta en 2 mil. No es posible que una familia de cinco integrantes gasta entre mil 500 y 2 mil pesos en pruebas\u201d. <\/p>\n\n\n\n<p class=\"has-medium-font-size\">Hace a\u00f1o y medio, record\u00f3, que la Organizaci\u00f3n Mundial de la Salud (OMS) inst\u00f3 a los gobiernos a realizar pruebas para evitar m\u00e1s contagios. Lamentablemente esta cuarta ola agarr\u00f3 desprevenidos a los tres niveles de gobierno porque no hay un protocolo de actuaci\u00f3n cient\u00edficamente riguroso y es urgente la instalaci\u00f3n de m\u00e1s puntos de detecci\u00f3n. <\/p>\n\n\n\n<p class=\"has-medium-font-size\">Por \u00faltimo, pidi\u00f3 a la poblaci\u00f3n evitar la desinformaci\u00f3n, los rumores y las Fake News sobre la nueva variante \u00f3micron.<\/p>\n\n\n\n<p>milenio<\/p>\n","protected":false},"excerpt":{"rendered":"<p>La presidenta, Laura Gonz\u00e1lez Hern\u00e1ndez, tambi\u00e9n indic\u00f3 que se deben instalar m\u00e1s m\u00f3dulos de pruebas&#8230;<\/p>\n","protected":false},"author":4,"featured_media":40282,"comment_status":"closed","ping_status":"closed","sticky":false,"template":"","format":"standard","meta":{"footnotes":""},"categories":[4],"tags":[],"class_list":["post-40270","post","type-post","status-publish","format-standard","has-post-thumbnail","hentry","category-noticias-del-dia"],"_links":{"self":[{"href":"https:\/\/bambapolitica.com.mx\/index.php\/wp-json\/wp\/v2\/posts\/40270","targetHints":{"allow":["GET"]}}],"collection":[{"href":"https:\/\/bambapolitica.com.mx\/index.php\/wp-json\/wp\/v2\/posts"}],"about":[{"href":"https:\/\/bambapolitica.com.mx\/index.php\/wp-json\/wp\/v2\/types\/post"}],"author":[{"embeddable":true,"href":"https:\/\/bambapolitica.com.mx\/index.php\/wp-json\/wp\/v2\/users\/4"}],"replies":[{"embeddable":true,"href":"https:\/\/bambapolitica.com.mx\/index.php\/wp-json\/wp\/v2\/comments?post=40270"}],"version-history":[{"count":1,"href":"https:\/\/bambapolitica.com.mx\/index.php\/wp-json\/wp\/v2\/posts\/40270\/revisions"}],"predecessor-version":[{"id":40287,"href":"https:\/\/bambapolitica.com.mx\/index.php\/wp-json\/wp\/v2\/posts\/40270\/revisions\/40287"}],"wp:featuredmedia":[{"embeddable":true,"href":"https:\/\/bambapolitica.com.mx\/index.php\/wp-json\/wp\/v2\/media\/40282"}],"wp:attachment":[{"href":"https:\/\/bambapolitica.com.mx\/index.php\/wp-json\/wp\/v2\/media?parent=40270"}],"wp:term":[{"taxonomy":"category","embeddable":true,"href":"https:\/\/bambapolitica.com.mx\/index.php\/wp-json\/wp\/v2\/categories?post=40270"},{"taxonomy":"post_tag","embeddable":true,"href":"https:\/\/bambapolitica.com.mx\/index.php\/wp-json\/wp\/v2\/tags?post=40270"}],"curies":[{"name":"wp","href":"https:\/\/api.w.org\/{rel}","templated":true}]}}