{"id":40272,"date":"2022-01-13T07:46:57","date_gmt":"2022-01-13T13:46:57","guid":{"rendered":"http:\/\/bambapolitica.com.mx\/?p=40272"},"modified":"2022-01-13T07:47:16","modified_gmt":"2022-01-13T13:47:16","slug":"scjn-revoca-controversia-de-edomex-contra-censo-del-inegi","status":"publish","type":"post","link":"https:\/\/bambapolitica.com.mx\/index.php\/2022\/01\/13\/scjn-revoca-controversia-de-edomex-contra-censo-del-inegi\/","title":{"rendered":"SCJN revoca controversia de Edomex contra censo del INEGI"},"content":{"rendered":"\n<p class=\"has-medium-font-size\">El gobierno estatal argument\u00f3 en su demanda que al reducir el n\u00famero de habitantes, perdi\u00f3 4 mil 328 millones de pesos en 2021<\/p>\n\n\n\n<p class=\"has-medium-font-size\">La Segunda Sala de la Suprema Corte de Justicia de la Naci\u00f3n (SCJN) revoc\u00f3 la admisi\u00f3n de la controversia constitucional que promovi\u00f3 el gobierno del Estado de M\u00e9xico contra una encuesta y un censo del Instituto Nacional de Estad\u00edstica y Geograf\u00eda (INEGI), en los que se report\u00f3 menos poblaci\u00f3n y ocasion\u00f3 la reducci\u00f3n de sus participaciones federales.<\/p>\n\n\n\n<p class=\"has-medium-font-size\">El gobierno estatal argument\u00f3 en su demanda que al reducir el n\u00famero de habitantes, perdi\u00f3 4 mil 328 millones de pesos en 2021.<\/p>\n\n\n\n<p class=\"has-medium-font-size\">La controversia fue presentada contra la Encuesta Nacional de Ocupaci\u00f3n y Empleo, Nueva Edici\u00f3n, Cifras durante el Primer Trimestre de 2021 y el Censo de Poblaci\u00f3n y Vivienda 2020.<\/p>\n\n\n\n<p class=\"has-medium-font-size\">El 9 de julio de 2021, el ministro Luis Mar\u00eda Aguilar admiti\u00f3 a tr\u00e1mite la demanda y otorg\u00f3 una suspensi\u00f3n para que la Secretar\u00eda de Hacienda y Cr\u00e9dito P\u00fablico (SHCP) calculara las participaciones de la entidad mexiquense sin tomar como base el n\u00famero de habitantes se\u00f1alados en el censo de 2020 sino los que se ten\u00edan identificados hasta el primer trimestre de 2021.<\/p>\n\n\n\n<p class=\"has-medium-font-size\">Incluso el Ejecutivo federal pidi\u00f3 a la Corte que se diera tr\u00e1mite prioritario al asunto.<\/p>\n\n\n\n<figure class=\"wp-block-embed-twitter wp-block-embed is-type-rich is-provider-twitter\"><div class=\"wp-block-embed__wrapper\">\n<blockquote class=\"twitter-tweet\" data-width=\"550\" data-dnt=\"true\"><p lang=\"es\" dir=\"ltr\"><a href=\"https:\/\/twitter.com\/hashtag\/COMUNICADO?src=hash&amp;ref_src=twsrc%5Etfw\">#COMUNICADO<\/a><a href=\"https:\/\/twitter.com\/hashtag\/SegundaSalaSCJN?src=hash&amp;ref_src=twsrc%5Etfw\">#SegundaSalaSCJN<\/a> revoca admisi\u00f3n de controversia constitucional promovida por <a href=\"https:\/\/twitter.com\/Edomex?ref_src=twsrc%5Etfw\">@Edomex<\/a> en contra de encuesta y censo del <a href=\"https:\/\/twitter.com\/INEGI_INFORMA?ref_src=twsrc%5Etfw\">@INEGI_INFORMA<\/a> que determin\u00f3 una densidad poblacional menor y provoc\u00f3 la reducci\u00f3n de sus participaciones federales.<br><br>\ud83d\udd17 <a href=\"https:\/\/t.co\/askiQoPoho\">https:\/\/t.co\/askiQoPoho<\/a> <a href=\"https:\/\/t.co\/O2PxwiOPOn\">pic.twitter.com\/O2PxwiOPOn<\/a><\/p>&mdash; Suprema Corte (@SCJN) <a href=\"https:\/\/twitter.com\/SCJN\/status\/1481466536091000835?ref_src=twsrc%5Etfw\">January 13, 2022<\/a><\/blockquote><script async src=\"https:\/\/platform.twitter.com\/widgets.js\" charset=\"utf-8\"><\/script>\n<\/div><\/figure>\n\n\n\n<p class=\"has-medium-font-size\">Este mi\u00e9rcoles, la Segunda Sala declar\u00f3 fundado el recurso de reclamaci\u00f3n que present\u00f3 el INEGI contra la admisi\u00f3n de la controversia.<\/p>\n\n\n\n<p class=\"has-medium-font-size\">\u201cSi bien la Suprema Corte de Justicia de la Naci\u00f3n puede revisar la constitucionalidad de actos o normas a trav\u00e9s de la controversia constitucional, su procedencia est\u00e1 condicionada a que se expongan argumentos que pongan de manifiesto una afectaci\u00f3n a la esfera competencial constitucionalmente prevista a favor del actor, o a derechos humanos\u201d, se\u00f1al\u00f3 la Corte.<\/p>\n\n\n\n<p class=\"has-medium-font-size\">Sin embargo, los argumentos del Estado de M\u00e9xico corresponden a transgresiones a legislaciones diversas a la Constituci\u00f3n, lo que hace que sean temas de estricta legalidad y seg\u00fan los ministros no se plantea una afectaci\u00f3n a las competencias constitucionales del actor o a derechos humanos.<\/p>\n\n\n\n<p class=\"has-medium-font-size\">Tambi\u00e9n se consider\u00f3 el criterio del m\u00e1ximo tribunal sobre la improcedencia de las controversias constitucionales en las que se se\u00f1alan cuestiones de legalidad relacionadas con la forma, plazo y montos en que se distribuyen los recursos federales a municipios y estados, ya que su regulaci\u00f3n forma parte de la normativa en materia de coordinaci\u00f3n fiscal.<\/p>\n\n\n\n<p>heraldodemexico<\/p>\n","protected":false},"excerpt":{"rendered":"<p>El gobierno estatal argument\u00f3 en su demanda que al reducir el n\u00famero de habitantes, perdi\u00f3&#8230;<\/p>\n","protected":false},"author":4,"featured_media":40296,"comment_status":"closed","ping_status":"closed","sticky":false,"template":"","format":"standard","meta":{"footnotes":""},"categories":[4],"tags":[],"class_list":["post-40272","post","type-post","status-publish","format-standard","has-post-thumbnail","hentry","category-noticias-del-dia"],"_links":{"self":[{"href":"https:\/\/bambapolitica.com.mx\/index.php\/wp-json\/wp\/v2\/posts\/40272","targetHints":{"allow":["GET"]}}],"collection":[{"href":"https:\/\/bambapolitica.com.mx\/index.php\/wp-json\/wp\/v2\/posts"}],"about":[{"href":"https:\/\/bambapolitica.com.mx\/index.php\/wp-json\/wp\/v2\/types\/post"}],"author":[{"embeddable":true,"href":"https:\/\/bambapolitica.com.mx\/index.php\/wp-json\/wp\/v2\/users\/4"}],"replies":[{"embeddable":true,"href":"https:\/\/bambapolitica.com.mx\/index.php\/wp-json\/wp\/v2\/comments?post=40272"}],"version-history":[{"count":2,"href":"https:\/\/bambapolitica.com.mx\/index.php\/wp-json\/wp\/v2\/posts\/40272\/revisions"}],"predecessor-version":[{"id":40298,"href":"https:\/\/bambapolitica.com.mx\/index.php\/wp-json\/wp\/v2\/posts\/40272\/revisions\/40298"}],"wp:featuredmedia":[{"embeddable":true,"href":"https:\/\/bambapolitica.com.mx\/index.php\/wp-json\/wp\/v2\/media\/40296"}],"wp:attachment":[{"href":"https:\/\/bambapolitica.com.mx\/index.php\/wp-json\/wp\/v2\/media?parent=40272"}],"wp:term":[{"taxonomy":"category","embeddable":true,"href":"https:\/\/bambapolitica.com.mx\/index.php\/wp-json\/wp\/v2\/categories?post=40272"},{"taxonomy":"post_tag","embeddable":true,"href":"https:\/\/bambapolitica.com.mx\/index.php\/wp-json\/wp\/v2\/tags?post=40272"}],"curies":[{"name":"wp","href":"https:\/\/api.w.org\/{rel}","templated":true}]}}