{"id":40275,"date":"2022-01-13T07:52:57","date_gmt":"2022-01-13T13:52:57","guid":{"rendered":"http:\/\/bambapolitica.com.mx\/?p=40275"},"modified":"2022-01-13T07:52:58","modified_gmt":"2022-01-13T13:52:58","slug":"gertz-manero-pacta-impunidad-con-javier-duarte","status":"publish","type":"post","link":"https:\/\/bambapolitica.com.mx\/index.php\/2022\/01\/13\/gertz-manero-pacta-impunidad-con-javier-duarte\/","title":{"rendered":"Gertz Manero pacta impunidad con Javier Duarte!!!"},"content":{"rendered":"\n<p class=\"has-medium-font-size\">FGR cierra expediente de corrupci\u00f3n que le quit\u00f3 a\u00f1os de c\u00e1rcel a Javier Duarte.<\/p>\n\n\n\n<p class=\"has-medium-font-size\">**Delitos de Duarte pasaron de ser &#8220;graves&#8221; a ser &#8220;simples&#8221; delitos con pocos a\u00f1os.<br>**Estaba imputado por el delito de &#8220;Delincuencia Organizada&#8221; pero la PGR lo reclasific\u00f3.<br>**Posteriormente la PGR imput\u00f3 a Duarte por delitos menores como el de &#8220;Lavado de Dinero&#8221;.<br>**Por el delito de &#8220;Delincuencia Organizada&#8221; Duarte hubiera pasado m\u00e1s de 30 a\u00f1os en la c\u00e1rcel.<br>**Ya con los delitos menores como lavado de dinero y asociaci\u00f3n delictuosa su condena qued\u00f3 en 9 a\u00f1os.<br>**Una burla lo que hace ahora la FGR al cerrar el expediente de Duarte de Ochoa por la reclasificaci\u00f3n de la PRG.<\/p>\n\n\n\n<p class=\"has-medium-font-size\">Ciudad de M\u00e9xico. 13 enero 2022.<\/p>\n\n\n\n<p class=\"has-medium-font-size\">Ante el asombro y repudio social la Fiscal\u00eda General de la Rep\u00fablica (FGR), presidida por Alejandro Gertz Manero, cerr\u00f3 la investigaci\u00f3n por posibles irregularidades y corrupci\u00f3n de quienes le retiraron el cargo de delincuencia organizada a Javier Duarte de Ochoa, para tan s\u00f3lo dejarle delitos menores y una condena irrisoria de 9 a\u00f1os de c\u00e1rcel.<\/p>\n\n\n\n<p class=\"has-medium-font-size\">Hay que recordar el acuerdo con el cual el exgobernador de Veracruz, Javier Duarte de Ochoa, le fue obsequiado por la entonces PGR (en el gobierno de Enrique Pe\u00f1a Nieto), se le retiraran los cargos por delincuencia organizada (delito mayor con muchos a\u00f1os de c\u00e1rcel y sin derecho a fianza), y se le impusieran delitos menores como el de lavado de dinero, as\u00ed como una pena reducida de tan s\u00f3lo 9 a\u00f1os de prisi\u00f3n.<\/p>\n\n\n\n<p class=\"has-medium-font-size\">Por lo anterior (FGR) opt\u00f3 por no ejercer acci\u00f3n penal en contra de los ex funcionarios de la PGR se\u00f1alados de retirar el cargo de delincuencia organizada en contra de Javier Duarte, el cual pod\u00eda haber aumentado su estancia tras las rejas a m\u00e1s de 20 a\u00f1os.<\/p>\n\n\n\n<p class=\"has-medium-font-size\">La instituci\u00f3n encabezada por Alejandro Gertz Manero cerr\u00f3 la indagatoria pues concluy\u00f3 que no existieron hechos delictivos que perseguir ni castigar.<\/p>\n\n\n\n<p class=\"has-medium-font-size\">La dependencia determin\u00f3 que no se cometi\u00f3 ning\u00fan delito por reducir la pena del ex gobernador, quien pudo haber recibido hasta 29 a\u00f1os de prisi\u00f3n.<\/p>\n\n\n\n<p class=\"has-medium-font-size\">&#8220;No hay nada que perseguir ni que castigar&#8221;, fue el lamentable resolutivo de la Fiscal\u00eda General de la Rep\u00fablica (FGR) para cerrar este tema y favorecer al corrupto ex gobernador de Veracruz.<\/p>\n\n\n\n<p class=\"has-medium-font-size\">En oficio fechado el 30 de diciembre de 2021 y firmado por el fiscal Roberto Lara V\u00e1zquez se informa que se determin\u00f3 el \u201cno ejercicio de la acci\u00f3n penal\u201d dentro de la referida carpeta de investigaci\u00f3n que se hab\u00eda abierto desde finales de 2018 bajo el n\u00famero FED\/VG\/UNAI\/00000435\/2018.<\/p>\n\n\n\n<p class=\"has-medium-font-size\">Se explica que el \u201cno ejercicio de la acci\u00f3n penal\u201d es una determinaci\u00f3n que el Ministerio P\u00fablico toma luego de investigar un hecho y determinar que no hay irregularidades que pudieran constituir un delito, o que no haya pruebas que acrediten la participaci\u00f3n de las personas denunciadas en estos.<\/p>\n\n\n\n<p class=\"has-medium-font-size\">La abogada Estefan\u00eda Medina, cofundadora de la organizaci\u00f3n TOJIL, que present\u00f3 la denuncia original que deton\u00f3 esta indagatoria, reprob\u00f3 la decisi\u00f3n y acus\u00f3 a la fiscal\u00eda de actuar de manera negligente y opaca en esta indagatoria, y de encubrir una negociaci\u00f3n que afect\u00f3 los intereses del pa\u00eds.<\/p>\n\n\n\n<p class=\"has-medium-font-size\">\u201cEs evidente, incluso se ha reconocido, que hubieron hechos de corrupci\u00f3n detr\u00e1s de este proceso. Se requer\u00eda de una investigaci\u00f3n seria y compleja, a todos los niveles, para esclarecer este asunto pero no la hubo. Solo se taparon entre ellos y las v\u00edctimas quedamos a un lado\u201d, indic\u00f3 Medina.<\/p>\n\n\n\n<p class=\"has-medium-font-size\">TOJIL denunci\u00f3 desde octubre del 2018 que, debido a la reducci\u00f3n de sentencia de Javier Duarte, podr\u00eda haber existido un intercambio de dinero, bienes o servicios que \u201cdieron lugar a una solicitud de una pena completamente inadecuada y desproporcional\u201d, seg\u00fan el oficio presentado por la organizaci\u00f3n en aqu\u00e9l a\u00f1o.<\/p>\n\n\n\n<div class=\"wp-block-image\"><figure class=\"aligncenter size-large\"><img loading=\"lazy\" decoding=\"async\" width=\"608\" height=\"342\" src=\"https:\/\/bambapolitica.com.mx\/wp-content\/uploads\/2022\/01\/2-4.jpg\" alt=\"\" class=\"wp-image-40307\" srcset=\"https:\/\/bambapolitica.com.mx\/wp-content\/uploads\/2022\/01\/2-4.jpg 608w, https:\/\/bambapolitica.com.mx\/wp-content\/uploads\/2022\/01\/2-4-300x169.jpg 300w, https:\/\/bambapolitica.com.mx\/wp-content\/uploads\/2022\/01\/2-4-260x146.jpg 260w, https:\/\/bambapolitica.com.mx\/wp-content\/uploads\/2022\/01\/2-4-50x28.jpg 50w, https:\/\/bambapolitica.com.mx\/wp-content\/uploads\/2022\/01\/2-4-133x75.jpg 133w\" sizes=\"auto, (max-width: 608px) 100vw, 608px\" \/><\/figure><\/div>\n","protected":false},"excerpt":{"rendered":"<p>FGR cierra expediente de corrupci\u00f3n que le quit\u00f3 a\u00f1os de c\u00e1rcel a Javier Duarte. **Delitos&#8230;<\/p>\n","protected":false},"author":4,"featured_media":40306,"comment_status":"closed","ping_status":"closed","sticky":false,"template":"","format":"standard","meta":{"footnotes":""},"categories":[4],"tags":[],"class_list":["post-40275","post","type-post","status-publish","format-standard","has-post-thumbnail","hentry","category-noticias-del-dia"],"_links":{"self":[{"href":"https:\/\/bambapolitica.com.mx\/index.php\/wp-json\/wp\/v2\/posts\/40275","targetHints":{"allow":["GET"]}}],"collection":[{"href":"https:\/\/bambapolitica.com.mx\/index.php\/wp-json\/wp\/v2\/posts"}],"about":[{"href":"https:\/\/bambapolitica.com.mx\/index.php\/wp-json\/wp\/v2\/types\/post"}],"author":[{"embeddable":true,"href":"https:\/\/bambapolitica.com.mx\/index.php\/wp-json\/wp\/v2\/users\/4"}],"replies":[{"embeddable":true,"href":"https:\/\/bambapolitica.com.mx\/index.php\/wp-json\/wp\/v2\/comments?post=40275"}],"version-history":[{"count":1,"href":"https:\/\/bambapolitica.com.mx\/index.php\/wp-json\/wp\/v2\/posts\/40275\/revisions"}],"predecessor-version":[{"id":40308,"href":"https:\/\/bambapolitica.com.mx\/index.php\/wp-json\/wp\/v2\/posts\/40275\/revisions\/40308"}],"wp:featuredmedia":[{"embeddable":true,"href":"https:\/\/bambapolitica.com.mx\/index.php\/wp-json\/wp\/v2\/media\/40306"}],"wp:attachment":[{"href":"https:\/\/bambapolitica.com.mx\/index.php\/wp-json\/wp\/v2\/media?parent=40275"}],"wp:term":[{"taxonomy":"category","embeddable":true,"href":"https:\/\/bambapolitica.com.mx\/index.php\/wp-json\/wp\/v2\/categories?post=40275"},{"taxonomy":"post_tag","embeddable":true,"href":"https:\/\/bambapolitica.com.mx\/index.php\/wp-json\/wp\/v2\/tags?post=40275"}],"curies":[{"name":"wp","href":"https:\/\/api.w.org\/{rel}","templated":true}]}}