{"id":40276,"date":"2022-01-13T07:51:32","date_gmt":"2022-01-13T13:51:32","guid":{"rendered":"http:\/\/bambapolitica.com.mx\/?p=40276"},"modified":"2022-01-13T07:51:33","modified_gmt":"2022-01-13T13:51:33","slug":"pronostico-de-expertos-la-cuarta-ola-en-mexico-sera-mas-intensa","status":"publish","type":"post","link":"https:\/\/bambapolitica.com.mx\/index.php\/2022\/01\/13\/pronostico-de-expertos-la-cuarta-ola-en-mexico-sera-mas-intensa\/","title":{"rendered":"Pron\u00f3stico de expertos: La cuarta ola en M\u00e9xico ser\u00e1 m\u00e1s intensa"},"content":{"rendered":"\n<p class=\"has-medium-font-size\">Sylvain Aldighieri, gerente de Incidente para COVID-19 de la Organizaci\u00f3n Panamericana de la Salud, resalta los r\u00e9cords de nuevos casos y casos activos en M\u00e9xico.<\/p>\n\n\n\n<p class=\"has-medium-font-size\">Desde hace unas semanas ha empezado un aumento en los casos por COVID-19, y la Secretaria de Salud Federal y la Organizaci\u00f3n Panamericana de Salud (OPS) han declarado que se espera que en M\u00e9xico la cuarta ola por coronavirus sea mayor y m\u00e1s intensa a lo que se vivi\u00f3 en la tercera ola.<\/p>\n\n\n\n<p class=\"has-medium-font-size\">\u201cEn M\u00e9xico, de acuerdo con los an\u00e1lisis de la Secretar\u00eda de Salud federal, se prev\u00e9 una cuarta ola superior a la tercera y, comparativamente a la misma \u00e9poca en 2021, se observan muchos m\u00e1s casos\u201d, explic\u00f3 Sylvain Aldighieri, gerente de Incidente para COVID-19 de la OPS.<\/p>\n\n\n\n<p class=\"has-medium-font-size\">\u201cSobre la situaci\u00f3n en M\u00e9xico, estamos observando una curva de crecimiento exponencial de casos. Ayer, 11 de enero, se lleg\u00f3 a nivel federal a una cifra r\u00e9cord con m\u00e1s de 33 mil 600 nuevos casos y tambi\u00e9n un r\u00e9cord de casos activos con m\u00e1s de 70 mil en los \u00faltimos d\u00edas\u201d, declar\u00f3.<\/p>\n\n\n\n<p class=\"has-medium-font-size\">Respecto a la variante de \u00f3micron Aldighieri mencion\u00f3 que esta muestra una r\u00e1pida dispersi\u00f3n, sin embargo, diversos estudios han demostrado que esta es menos mortal y los casos de riesgo son m\u00ednimos para las personas con el esquema completo de vacunaci\u00f3n.<\/p>\n\n\n\n<p class=\"has-medium-font-size\">\u201cLos datos obtenidos hasta el momento en diversas regiones del mundo, incluyendo las Am\u00e9ricas, indican que \u00f3micron no genera una enfermedad m\u00e1s grave o m\u00e1s letal. Y las hospitalizaciones y muertes por \u00f3micron en pacientes, con el esquema de vacunaci\u00f3n completa, son m\u00ednimas pero no debe verse a \u00f3micron como simple gripa; puede ser grave o muy grave\u201d.\u201d, explic\u00f3.<\/p>\n\n\n\n<p class=\"has-medium-font-size\">La experta tambi\u00e9n advirti\u00f3 que a pesar de esto no hay que mantener la guardia baja y tomar al \u00f3micron como una simple gripa, ya que esta s\u00ed implica riesgos en la salud.<\/p>\n\n\n\n<p class=\"has-medium-font-size\">\u201cUna infecci\u00f3n por \u00f3micron puede ser grave y muy grave; por lo tanto no debemos relajarnos en este momento, debemos de mantener todas las medidas de control y de distanciamiento.\u201d, concluy\u00f3.<\/p>\n\n\n\n<p>elfinanciero<\/p>\n","protected":false},"excerpt":{"rendered":"<p>Sylvain Aldighieri, gerente de Incidente para COVID-19 de la Organizaci\u00f3n Panamericana de la Salud, resalta&#8230;<\/p>\n","protected":false},"author":4,"featured_media":40304,"comment_status":"closed","ping_status":"closed","sticky":false,"template":"","format":"standard","meta":{"footnotes":""},"categories":[4],"tags":[],"class_list":["post-40276","post","type-post","status-publish","format-standard","has-post-thumbnail","hentry","category-noticias-del-dia"],"_links":{"self":[{"href":"https:\/\/bambapolitica.com.mx\/index.php\/wp-json\/wp\/v2\/posts\/40276","targetHints":{"allow":["GET"]}}],"collection":[{"href":"https:\/\/bambapolitica.com.mx\/index.php\/wp-json\/wp\/v2\/posts"}],"about":[{"href":"https:\/\/bambapolitica.com.mx\/index.php\/wp-json\/wp\/v2\/types\/post"}],"author":[{"embeddable":true,"href":"https:\/\/bambapolitica.com.mx\/index.php\/wp-json\/wp\/v2\/users\/4"}],"replies":[{"embeddable":true,"href":"https:\/\/bambapolitica.com.mx\/index.php\/wp-json\/wp\/v2\/comments?post=40276"}],"version-history":[{"count":1,"href":"https:\/\/bambapolitica.com.mx\/index.php\/wp-json\/wp\/v2\/posts\/40276\/revisions"}],"predecessor-version":[{"id":40305,"href":"https:\/\/bambapolitica.com.mx\/index.php\/wp-json\/wp\/v2\/posts\/40276\/revisions\/40305"}],"wp:featuredmedia":[{"embeddable":true,"href":"https:\/\/bambapolitica.com.mx\/index.php\/wp-json\/wp\/v2\/media\/40304"}],"wp:attachment":[{"href":"https:\/\/bambapolitica.com.mx\/index.php\/wp-json\/wp\/v2\/media?parent=40276"}],"wp:term":[{"taxonomy":"category","embeddable":true,"href":"https:\/\/bambapolitica.com.mx\/index.php\/wp-json\/wp\/v2\/categories?post=40276"},{"taxonomy":"post_tag","embeddable":true,"href":"https:\/\/bambapolitica.com.mx\/index.php\/wp-json\/wp\/v2\/tags?post=40276"}],"curies":[{"name":"wp","href":"https:\/\/api.w.org\/{rel}","templated":true}]}}