{"id":40340,"date":"2022-01-13T08:21:28","date_gmt":"2022-01-13T14:21:28","guid":{"rendered":"http:\/\/bambapolitica.com.mx\/?p=40340"},"modified":"2022-01-13T08:21:29","modified_gmt":"2022-01-13T14:21:29","slug":"voy-a-estar-bien-grettell-valdez-se-prepara-y-habla-de-su-proxima-cirugia","status":"publish","type":"post","link":"https:\/\/bambapolitica.com.mx\/index.php\/2022\/01\/13\/voy-a-estar-bien-grettell-valdez-se-prepara-y-habla-de-su-proxima-cirugia\/","title":{"rendered":"&#8220;Voy a estar bien&#8221;; Grettell Valdez se prepara y habla de su pr\u00f3xima cirug\u00eda"},"content":{"rendered":"\n<p class=\"has-medium-font-size\">Hace unos minutos la actriz hizo una transmisi\u00f3n en vivo, en su cuenta oficial de Instagram, para agradecer las muestras de cari\u00f1o de la gente y explicar que operarse es la mejor opci\u00f3n.<\/p>\n\n\n\n<p class=\"has-medium-font-size\">Visiblemente conmovida por las muestras de cari\u00f1o de sus seguidores, Grettell Valdez quiso explicar de viva voz por qu\u00e9 tendr\u00e1 que someterse a una cirug\u00eda para amputar una parte de su pulgar y as\u00ed erradicar una verruga que podr\u00eda, de no operarla, convertirse en c\u00e1ncer.<\/p>\n\n\n\n<p class=\"has-medium-font-size\">Esta no es la primera vez que el equipo m\u00e9dico de la actriz hab\u00eda encontrado una anomal\u00eda en su dedo, fue en 2018 cuando se le inform\u00f3 que ten\u00eda c\u00e1ncer en esa parte del cuerpo, pero en ese momento, tambi\u00e9n gracias a otra operaci\u00f3n pudo hacerle frente y hab\u00eda desaparecido.<\/p>\n\n\n\n<p class=\"has-medium-font-size\">Lo que aqueja a Grettell es una verruga interna que se expandi\u00f3, es un tipo de virus que podr\u00eda derivar en c\u00e1ncer, por lo que la mejor manera de proceder m\u00e9dicamente es el que le corten parte del pulgar y, aunque naturalmente est\u00e1 muy vulnerable, tambi\u00e9n sabe que es lo correcto.<\/p>\n\n\n\n<p class=\"has-medium-font-size\">&#8221; Voy a estar bien, se va a erradicar y vamos a dejarlo en el pasado. Estoy en buenas manos; estoy cuidando mi alimentaci\u00f3n porque estoy segura de que la base de la salud es lo que comemos, y como me dijo mi doctora Patricia Restrepo, me va a preparar para la cirug\u00eda y lo que viene despu\u00e9s &#8220;<\/p>\n\n\n\n<p class=\"has-medium-font-size\">En algunos momentos Valdez no pod\u00eda contener las l\u00e1grimas, ya que acept\u00f3 que est\u00e1 nerviosa porque no le gusta entrar al quir\u00f3fano, pero tambi\u00e9n se escuchaba muy esperanzada porque sabe que ese procedimiento es lo mejor que puede hacer para mantener su salud y evitar problemas mayores en el fuuro.<\/p>\n\n\n\n<p class=\"has-medium-font-size\">&#8220;Los amo con todo mi coraz\u00f3n, ya saben que soy c\u00e1ncer y lloro por todo. Gracias por su vibra y buena onda, quise hacer este Live porque todo el mundo me marc\u00f3, es muy fuerte c\u00f3mo lo expusieron algunos medios\u2026 s\u00ed va a desaparecer una parte de mi dedo, pero tengo un gran cirujano que har\u00e1 algo espectacular y quedar\u00e1 padr\u00edsimo&#8221;, dijo.<\/p>\n\n\n\n<p class=\"has-medium-font-size\">Grettell comparti\u00f3 que, a pesar de este procedimiento, lo m\u00e1s importante es &#8220;erradicar esta verruga, que si no quitamos puede pasar otra vez como fue la primera (que le provoc\u00f3 c\u00e1ncer), pero gracias, ya les contar\u00e9 c\u00f3mo me fue; la pr\u00f3xima semana estar\u00e9 ya lista y estoy prepar\u00e1ndome mentalmente y en todos lados para estar bien&#8221;.<\/p>\n\n\n\n<p class=\"has-medium-font-size\">Antes de despedirse, Valdez les agradeci\u00f3 una vez m\u00e1s a todos los que la han apoyado y les pidi\u00f3 que la incluyan en sus oraciones y prendan una veladora para pedir por su salud: &#8220;Me da miedo entrar al quir\u00f3fano, no me gusta, pero es parte de que todo est\u00e9 bien. Los quiero&#8221;.<\/p>\n\n\n\n<p class=\"has-medium-font-size\">Prometi\u00f3 que una vez que se recupere compartir\u00e1 c\u00f3mo fue todo el proceso que vivi\u00f3 para poder hacer frente a este complejo momento, pero insisti\u00f3 en decir que logra &#8220;fortaleza&#8221; cada vez que lee los comentarios que todos sus followers y amigos le han hecho desde que comparti\u00f3 la noticia: &#8220;Necesito mucho ese apapacho, se siente bien&#8221;.<\/p>\n","protected":false},"excerpt":{"rendered":"<p>Hace unos minutos la actriz hizo una transmisi\u00f3n en vivo, en su cuenta oficial de&#8230;<\/p>\n","protected":false},"author":4,"featured_media":40351,"comment_status":"closed","ping_status":"closed","sticky":false,"template":"","format":"standard","meta":{"footnotes":""},"categories":[3],"tags":[],"class_list":["post-40340","post","type-post","status-publish","format-standard","has-post-thumbnail","hentry","category-espectaculos"],"_links":{"self":[{"href":"https:\/\/bambapolitica.com.mx\/index.php\/wp-json\/wp\/v2\/posts\/40340","targetHints":{"allow":["GET"]}}],"collection":[{"href":"https:\/\/bambapolitica.com.mx\/index.php\/wp-json\/wp\/v2\/posts"}],"about":[{"href":"https:\/\/bambapolitica.com.mx\/index.php\/wp-json\/wp\/v2\/types\/post"}],"author":[{"embeddable":true,"href":"https:\/\/bambapolitica.com.mx\/index.php\/wp-json\/wp\/v2\/users\/4"}],"replies":[{"embeddable":true,"href":"https:\/\/bambapolitica.com.mx\/index.php\/wp-json\/wp\/v2\/comments?post=40340"}],"version-history":[{"count":1,"href":"https:\/\/bambapolitica.com.mx\/index.php\/wp-json\/wp\/v2\/posts\/40340\/revisions"}],"predecessor-version":[{"id":40352,"href":"https:\/\/bambapolitica.com.mx\/index.php\/wp-json\/wp\/v2\/posts\/40340\/revisions\/40352"}],"wp:featuredmedia":[{"embeddable":true,"href":"https:\/\/bambapolitica.com.mx\/index.php\/wp-json\/wp\/v2\/media\/40351"}],"wp:attachment":[{"href":"https:\/\/bambapolitica.com.mx\/index.php\/wp-json\/wp\/v2\/media?parent=40340"}],"wp:term":[{"taxonomy":"category","embeddable":true,"href":"https:\/\/bambapolitica.com.mx\/index.php\/wp-json\/wp\/v2\/categories?post=40340"},{"taxonomy":"post_tag","embeddable":true,"href":"https:\/\/bambapolitica.com.mx\/index.php\/wp-json\/wp\/v2\/tags?post=40340"}],"curies":[{"name":"wp","href":"https:\/\/api.w.org\/{rel}","templated":true}]}}