{"id":40344,"date":"2022-01-13T08:26:15","date_gmt":"2022-01-13T14:26:15","guid":{"rendered":"http:\/\/bambapolitica.com.mx\/?p=40344"},"modified":"2022-01-13T08:26:16","modified_gmt":"2022-01-13T14:26:16","slug":"ofreceran-seguridad-social-a-creadores-culturales-autonomos","status":"publish","type":"post","link":"https:\/\/bambapolitica.com.mx\/index.php\/2022\/01\/13\/ofreceran-seguridad-social-a-creadores-culturales-autonomos\/","title":{"rendered":"Ofrecer\u00e1n seguridad social a creadores culturales aut\u00f3nomos"},"content":{"rendered":"\n<p class=\"has-medium-font-size\">La Secretar\u00eda de Cultura trabaja en un modelo piloto con el IMSS y podr\u00eda contratar a trabajadores eventuales<\/p>\n\n\n\n<p class=\"has-medium-font-size\">La Secretar\u00eda de Cultura tiene listo un modelo piloto para otorgar seguridad social a los creadores art\u00edsticos del pa\u00eds que trabajan de manera independiente, inform\u00f3 Alejandra Frausto, titular de la dependencia, al se\u00f1alar que este a\u00f1o se empezar\u00e1 aplicar el proyecto piloto.<\/p>\n\n\n\n<p class=\"has-medium-font-size\">\u201cEl modelo que se ha trabajado con el IMSS, es ya el piloto, este a\u00f1o daremos noticias, para nosotros es importante que creadores de distintas quienes realizan una actividad que tenga que ver con cultura y por su naturaleza son independientes, tengan esa prestaci\u00f3n\u201d, apunt\u00f3 Frausto en conferencia de prensa.<\/p>\n\n\n\n<p class=\"has-medium-font-size\">La propuesta resulta de la demanda de los propios artistas y creadores que han denunciado su desamparo al no pertenecer a una instituci\u00f3n oficial con prestaciones de ley. En ese sentido es que se cre\u00f3 Telar, una plataforma para el registro de espacios y agentes culturales que pretende formar un padr\u00f3n.<\/p>\n\n\n\n<p class=\"has-medium-font-size\">\u201cTiene que ver con la posibilidad de otorgar los beneficios que otorga el IMSS para atenci\u00f3n en salud y todo aquello que represente la necesidad de una persona que se dedique a la creaci\u00f3n. Este es un modelo que se ha trabajado desde hace un par de a\u00f1os para trabajadores aut\u00f3nomos, que les da todas las prestaciones y va m\u00e1s all\u00e1 del tema salud, incluso permite un seguro para el retiro\u201d, precis\u00f3 Marina N\u00fa\u00f1ez, subsecretaria de Desarrollo Cultural.<\/p>\n\n\n\n<p class=\"has-medium-font-size\">A la par, Frausto se dijo confiada en lograr la contrataci\u00f3n del personal eventual de las diferentes \u00e1reas de la Secretar\u00eda, al destacar que este a\u00f1o el presupuesto para cultura subi\u00f3 7.5 por ciento con respecto al a\u00f1o pasado para quedar en 15 mil 28 millones de pesos.<\/p>\n\n\n\n<p class=\"has-medium-font-size\">En el encuentro con medios, tambi\u00e9n se habl\u00f3 sobre el proyecto de la Ley Federal de Cinematograf\u00eda y audiovisual que, a decir de Mar\u00eda Novaro Pe\u00f1aloza, directora del IMCINE, est\u00e1 a la espera de que el presidente Andr\u00e9s Manuel L\u00f3pez Obrador la presente ante los legisladores.<\/p>\n\n\n\n<p class=\"has-medium-font-size\">\u201cTrabajamos todas las entidades relacionadas con cine de manera conjunta durante varios meses para la actualizaci\u00f3n de la ley de cine y esa propuesta es ya una iniciativa de ley lista desde fines del a\u00f1o pasado. Ahora corresponder\u00e1 de su proceso para que el ejecutivo federal la presente\u201d, se\u00f1al\u00f3 Novaro al destacar las nuevas convocatorias para la producci\u00f3n y exhibici\u00f3n de cine en lenguas ind\u00edgenas.<\/p>\n\n\n\n<p class=\"has-medium-font-size\">Finalmente, se inform\u00f3 que M\u00e9xico ser\u00e1 la sede de la Conferencia Mundial sobre las Pol\u00edticas Culturales (Mondiacult), de la UNESCO, que se realizar\u00e1 del 28 al 30 de septiembre de 2022, con actividades en el Complejo Cultural Los Pinos y el Auditorio Nacional. Participar\u00e1n 190 pa\u00edses que reflexionar\u00e1n sobre la cultura para la paz, la transformaci\u00f3n social, la diversidad de la humanidad y los derechos colectivos.<\/p>\n","protected":false},"excerpt":{"rendered":"<p>La Secretar\u00eda de Cultura trabaja en un modelo piloto con el IMSS y podr\u00eda contratar&#8230;<\/p>\n","protected":false},"author":4,"featured_media":40359,"comment_status":"closed","ping_status":"closed","sticky":false,"template":"","format":"standard","meta":{"footnotes":""},"categories":[14],"tags":[],"class_list":["post-40344","post","type-post","status-publish","format-standard","has-post-thumbnail","hentry","category-cultura"],"_links":{"self":[{"href":"https:\/\/bambapolitica.com.mx\/index.php\/wp-json\/wp\/v2\/posts\/40344","targetHints":{"allow":["GET"]}}],"collection":[{"href":"https:\/\/bambapolitica.com.mx\/index.php\/wp-json\/wp\/v2\/posts"}],"about":[{"href":"https:\/\/bambapolitica.com.mx\/index.php\/wp-json\/wp\/v2\/types\/post"}],"author":[{"embeddable":true,"href":"https:\/\/bambapolitica.com.mx\/index.php\/wp-json\/wp\/v2\/users\/4"}],"replies":[{"embeddable":true,"href":"https:\/\/bambapolitica.com.mx\/index.php\/wp-json\/wp\/v2\/comments?post=40344"}],"version-history":[{"count":1,"href":"https:\/\/bambapolitica.com.mx\/index.php\/wp-json\/wp\/v2\/posts\/40344\/revisions"}],"predecessor-version":[{"id":40360,"href":"https:\/\/bambapolitica.com.mx\/index.php\/wp-json\/wp\/v2\/posts\/40344\/revisions\/40360"}],"wp:featuredmedia":[{"embeddable":true,"href":"https:\/\/bambapolitica.com.mx\/index.php\/wp-json\/wp\/v2\/media\/40359"}],"wp:attachment":[{"href":"https:\/\/bambapolitica.com.mx\/index.php\/wp-json\/wp\/v2\/media?parent=40344"}],"wp:term":[{"taxonomy":"category","embeddable":true,"href":"https:\/\/bambapolitica.com.mx\/index.php\/wp-json\/wp\/v2\/categories?post=40344"},{"taxonomy":"post_tag","embeddable":true,"href":"https:\/\/bambapolitica.com.mx\/index.php\/wp-json\/wp\/v2\/tags?post=40344"}],"curies":[{"name":"wp","href":"https:\/\/api.w.org\/{rel}","templated":true}]}}