{"id":40373,"date":"2022-01-14T07:29:16","date_gmt":"2022-01-14T13:29:16","guid":{"rendered":"http:\/\/bambapolitica.com.mx\/?p=40373"},"modified":"2022-01-14T07:29:17","modified_gmt":"2022-01-14T13:29:17","slug":"segob-pide-investigacion-imparcial-contra-cuauhtemoc-blanco","status":"publish","type":"post","link":"https:\/\/bambapolitica.com.mx\/index.php\/2022\/01\/14\/segob-pide-investigacion-imparcial-contra-cuauhtemoc-blanco\/","title":{"rendered":"Segob pide investigaci\u00f3n imparcial contra Cuauht\u00e9moc Blanco"},"content":{"rendered":"\n<p class=\"has-medium-font-size\">En Morelos, se solicit\u00f3 la separaci\u00f3n temporal del gobernador de la mesa de seguridad de la entidad<\/p>\n\n\n\n<p class=\"has-medium-font-size\">Tras nueve d\u00edas de silencio sobre el tema, el gobierno de Andr\u00e9s Manuel L\u00f3pez Obrador, a trav\u00e9s del secretario de Gobernaci\u00f3n, Ad\u00e1n Augusto L\u00f3pez, emplaz\u00f3 a las autoridades competentes a investigar de manera imparcial la fotograf\u00eda donde aparece el gobernador de Morelos, Cuauht\u00e9moc Blanco, con tres l\u00edderes del crimen organizado de esa entidad.<\/p>\n\n\n\n<div class=\"wp-block-image\"><figure class=\"aligncenter size-large\"><img loading=\"lazy\" decoding=\"async\" width=\"720\" height=\"457\" src=\"https:\/\/bambapolitica.com.mx\/wp-content\/uploads\/2022\/01\/Cuauht\u00e9moc-Blanco-Bravo.jpg\" alt=\"\" class=\"wp-image-40387\" srcset=\"https:\/\/bambapolitica.com.mx\/wp-content\/uploads\/2022\/01\/Cuauht\u00e9moc-Blanco-Bravo.jpg 720w, https:\/\/bambapolitica.com.mx\/wp-content\/uploads\/2022\/01\/Cuauht\u00e9moc-Blanco-Bravo-300x190.jpg 300w, https:\/\/bambapolitica.com.mx\/wp-content\/uploads\/2022\/01\/Cuauht\u00e9moc-Blanco-Bravo-230x146.jpg 230w, https:\/\/bambapolitica.com.mx\/wp-content\/uploads\/2022\/01\/Cuauht\u00e9moc-Blanco-Bravo-50x32.jpg 50w, https:\/\/bambapolitica.com.mx\/wp-content\/uploads\/2022\/01\/Cuauht\u00e9moc-Blanco-Bravo-118x75.jpg 118w\" sizes=\"auto, (max-width: 720px) 100vw, 720px\" \/><\/figure><\/div>\n\n\n\n<p class=\"has-medium-font-size\">El responsable de la pol\u00edtica interna del pa\u00eds dijo que, ahora, la Fiscal\u00eda General de la Rep\u00fablica (FGR), la Fiscal\u00eda General del Estado de Morelos (FGEM) y la Fiscal\u00eda Anticorrupci\u00f3n de esa entidad, donde se han presentado las denuncias por este hecho, tienen que integrar la carpeta de investigaci\u00f3n respectiva.<\/p>\n\n\n\n<p class=\"has-medium-font-size\">\u201cNosotros somos respetuosos de las instancias judiciales, respetaremos tanto la instancia local o la instancia federal donde hayan sido presentadas estas denuncias. Tendr\u00e1n ellos que integrar la carpeta de investigaci\u00f3n respectiva y lo \u00fanico que nosotros respetuosamente exhortamos es a que se conduzcan conforme a derecho y que haya una investigaci\u00f3n parcial (sic), y seguramente en las pr\u00f3ximas semanas o meses tendremos el resultado, la respuesta a esa denuncia presentada\u201d, dijo L\u00f3pez Hern\u00e1ndez.<\/p>\n\n\n\n<p class=\"has-medium-font-size\">Al encabezar por tercer d\u00eda consecutivo la conferencia matutina en Palacio Nacional, el titular de la Secretar\u00eda de Gobernaci\u00f3n (Segob) se\u00f1al\u00f3 que seguramente en semanas o meses habr\u00e1 resultados a las denuncias presentadas, una por el presidente del Colegio de Abogados de Morelos, Enrique Paredes Sotelo, ante la delegaci\u00f3n de la FGR en la entidad, y tres de 11 diputados locales de oposici\u00f3n ante la FGR, la Fiscal\u00eda morelense y la Fiscal\u00eda Anticorrupci\u00f3n del estado.<\/p>\n\n\n\n<p class=\"has-medium-font-size\">Ad\u00e1n Augusto L\u00f3pez subray\u00f3 que lo primero es \u201crealizar una serie de investigaciones y peritajes, que podr\u00edan llevarse alg\u00fan tiempo\u201d, aunque aclar\u00f3 que en el Gobierno federal desconocen con qu\u00e9 ritmo pueden trabajar las autoridades competentes en este asunto y qu\u00e9 tan compleja pueda ser una investigaci\u00f3n de este tipo.<\/p>\n\n\n\n<p class=\"has-medium-font-size\">Aparte, Uriel Carmona G\u00e1ndara, titular de la Fiscal\u00eda General del Estado de Morelos (FGEM), asegur\u00f3 que en la denuncia de hechos que presentaron el mi\u00e9rcoles pasado 11 diputados locales, el organismo que preside actuar\u00e1 con \u201cimparcialidad, transparencia, objetividad, y respetando sobre todo el principio de presunci\u00f3n de inocencia\u201d al momento de investigar la fotograf\u00eda publicada por El Sol de M\u00e9xico el pasado 4 de enero.<\/p>\n\n\n\n<p class=\"has-medium-font-size\">Y aunque desde hace tres a\u00f1os mantiene serias diferencias con el gobernador de Morelos, el fiscal asegur\u00f3 que esta denuncia no derivar\u00e1 en una investigaci\u00f3n \u201cen contra de alguien\u201d, aludiendo a Cuauht\u00e9moc Blanco, sino en \u201cun an\u00e1lisis de pruebas y declaraciones para, en su caso, proceder en consecuencia\u201d.<\/p>\n\n\n\n<p class=\"has-medium-font-size\">Aclar\u00f3 que, en primera instancia, la dependencia que preside debe resolver si este proceso est\u00e1 dentro de su competencia, sobre todo porque \u201cpuede haber indicios que correspondan a delitos que son de fuero federal\u201d.<\/p>\n\n\n\n<p class=\"has-medium-font-size\">En tal caso \u2013detall\u00f3 el funcionario en entrevista con este medio\u2013 la Fiscal\u00eda de Morelos \u201ctendr\u00eda que declinar en su momento esta competencia a las autoridades federales, es decir, a la Fiscal\u00eda General de la Rep\u00fablica (FGR)\u201d.<\/p>\n\n\n\n<p class=\"has-medium-font-size\">\u201cEso es lo que se estar\u00eda analizando con mucho cuidado. Son temas muy delicados de inter\u00e9s social\u201d, subray\u00f3 el fiscal.<\/p>\n\n\n\n<p class=\"has-medium-font-size\">En tanto, Enrique Paredes, l\u00edder del partido local Movimiento Alternativa Social (MAS) y presidente del Colegio de Abogados de Morelos, pidi\u00f3 al secretario t\u00e9cnico en funciones de la Mesa Estatal de Construcci\u00f3n de Paz y Seguridad de la entidad, Alejandro Govinda Riquelme, la separaci\u00f3n temporal de Cuauht\u00e9moc Blanco de ese organismo, ya que \u201csu presencia puede frustrar el resultado de la investigaci\u00f3n\u201d.<\/p>\n\n\n\n<p class=\"has-medium-font-size\">\u201cEn esta mesa se comparte informaci\u00f3n e incluso evidencias para el combate a la delincuencia organizada en Morelos, y el gobernador pudiera estar utiliz\u00e1ndola para favorecer a algunos de los grupos con los que aparece fotografiado\u201d.<\/p>\n\n\n\n<p class=\"has-medium-font-size\">Por medio de una carta, el abogado dijo que esto se reafirma con los se\u00f1alamientos que se han hecho en contra de Cuauht\u00e9moc Blanco en las narcomantas que han aparecido en los \u00faltimos d\u00edas en los municipios de Oaxtepec, Cuautla y Xoxocotla.<\/p>\n\n\n\n<p class=\"has-medium-font-size\">Con ello \u2013abund\u00f3\u2013 \u201cse genera sospecha fundada de que el mismo acceso a la informaci\u00f3n, que tiene (el gobernador) en esa Mesa pudiera frustrar el resultado de las investigaciones que, tanto la FGR como la FGEM, realizan, en las que se le se\u00f1alan como posible autor o part\u00edcipe de hechos que la ley prev\u00e9 y sanciona como delito\u201d.<\/p>\n","protected":false},"excerpt":{"rendered":"<p>En Morelos, se solicit\u00f3 la separaci\u00f3n temporal del gobernador de la mesa de seguridad de&#8230;<\/p>\n","protected":false},"author":4,"featured_media":40386,"comment_status":"closed","ping_status":"closed","sticky":false,"template":"","format":"standard","meta":{"footnotes":""},"categories":[4],"tags":[],"class_list":["post-40373","post","type-post","status-publish","format-standard","has-post-thumbnail","hentry","category-noticias-del-dia"],"_links":{"self":[{"href":"https:\/\/bambapolitica.com.mx\/index.php\/wp-json\/wp\/v2\/posts\/40373","targetHints":{"allow":["GET"]}}],"collection":[{"href":"https:\/\/bambapolitica.com.mx\/index.php\/wp-json\/wp\/v2\/posts"}],"about":[{"href":"https:\/\/bambapolitica.com.mx\/index.php\/wp-json\/wp\/v2\/types\/post"}],"author":[{"embeddable":true,"href":"https:\/\/bambapolitica.com.mx\/index.php\/wp-json\/wp\/v2\/users\/4"}],"replies":[{"embeddable":true,"href":"https:\/\/bambapolitica.com.mx\/index.php\/wp-json\/wp\/v2\/comments?post=40373"}],"version-history":[{"count":1,"href":"https:\/\/bambapolitica.com.mx\/index.php\/wp-json\/wp\/v2\/posts\/40373\/revisions"}],"predecessor-version":[{"id":40388,"href":"https:\/\/bambapolitica.com.mx\/index.php\/wp-json\/wp\/v2\/posts\/40373\/revisions\/40388"}],"wp:featuredmedia":[{"embeddable":true,"href":"https:\/\/bambapolitica.com.mx\/index.php\/wp-json\/wp\/v2\/media\/40386"}],"wp:attachment":[{"href":"https:\/\/bambapolitica.com.mx\/index.php\/wp-json\/wp\/v2\/media?parent=40373"}],"wp:term":[{"taxonomy":"category","embeddable":true,"href":"https:\/\/bambapolitica.com.mx\/index.php\/wp-json\/wp\/v2\/categories?post=40373"},{"taxonomy":"post_tag","embeddable":true,"href":"https:\/\/bambapolitica.com.mx\/index.php\/wp-json\/wp\/v2\/tags?post=40373"}],"curies":[{"name":"wp","href":"https:\/\/api.w.org\/{rel}","templated":true}]}}