{"id":40678,"date":"2022-01-19T07:38:04","date_gmt":"2022-01-19T13:38:04","guid":{"rendered":"http:\/\/bambapolitica.com.mx\/?p=40678"},"modified":"2022-01-19T07:38:06","modified_gmt":"2022-01-19T13:38:06","slug":"checo-gutierrez-mala-paga","status":"publish","type":"post","link":"https:\/\/bambapolitica.com.mx\/index.php\/2022\/01\/19\/checo-gutierrez-mala-paga\/","title":{"rendered":"Checo Guti\u00e9rrez\u2026 Mala paga!!!"},"content":{"rendered":"\n<p class=\"has-medium-font-size\">De pifia en pifia!!!<\/p>\n\n\n\n<p class=\"has-medium-font-size\">Checo Guti\u00e9rrez\u2026 Mala paga en La Huaca!!!<\/p>\n\n\n\n<p class=\"has-medium-font-size\">\u2022 Pese a que maneja $2 millones de pesos mensuales para sus gastos, aplaudidores y asesores de imagen.<\/p>\n\n\n\n<p class=\"has-medium-font-size\">Veracruz, Ver. 19 enero 2022.<\/p>\n\n\n\n<p class=\"has-medium-font-size\">Mal comienza el a\u00f1o el ex priista, hoy diputado federal de Morena, Sergio Guti\u00e9rrez Luna quien en su af\u00e1n protag\u00f3nico y de reflectores medi\u00e1ticos va de tropiezo en tropiezo all\u00e1 por donde pasa.<\/p>\n\n\n\n<p class=\"has-medium-font-size\">Primero fue el contagio por COVID que quiso hacer pasar como que lo adquiri\u00f3 por andar recorriendo Veracruz de Norte a Sur, cuando en realidad se contagi\u00f3 en un Hotel de 5 Estrellas all\u00e1 por la Rivera Maya, a donde se fue con toda la familia para hospedarse por 7 d\u00edas y pasar el a\u00f1o nuevo gastando m\u00e1s de $200 mil pesos tan s\u00f3lo de hospedaje, comidas y bebidas.<\/p>\n\n\n\n<p class=\"has-medium-font-size\">Ahora hace su primer visita a Veracruz en este 2022 y se fue a meter al Puerto de Veracruz, donde visit\u00f3 el tradicional Barrio de &#8220;La Huaca&#8221;, donde acompa\u00f1ado de sus &#8220;asesores&#8221; esos que cuestan al erario p\u00fablico $2,000,000 millones de pesos al mes, desayun\u00f3 en una peque\u00f1a fonda propiedad de una humilde vecina quien se dedica a hacer antojitos veracruzanos.<\/p>\n\n\n\n<p class=\"has-medium-font-size\">Todos comieron hasta hartarse, y el primero en pararse como pedo e irse fue Sergio Guti\u00e9rrez (Gutierritos) para los veracruzanos, y atr\u00e1s de el todo su s\u00e9quito de acompa\u00f1antes y huele pedos, quienes hicieron lo mismo para sorpresa de la pobre se\u00f1ora que les acababa de servir, quien tuvo que salir atr\u00e1s de todos ellos para exigirles que le pagaran la cuenta cuyo monto era superior a los $400 pesos (Un verdadero dineral para ella).<\/p>\n\n\n\n<p class=\"has-medium-font-size\">Por lo que tuvieron que sacar la morralla (obligados por los vecinos) para pagarle el consumo que hab\u00edan hecho en la fonda de Do\u00f1a Marisol, quien no le volvi\u00f3 a ver el pelo a Sergio Guti\u00e9rrez, por lo que ella y los vecinos del tradicional Barrio de &#8220;La Huaca&#8221; se quedaron con un muy mal sabor de boca tras la visita del &#8220;carism\u00e1tico y humilde&#8221; diputado federal.<\/p>\n\n\n\n<p class=\"has-medium-font-size\">De ah\u00ed &#8220;Gutierritos&#8221; se fue a un hotel del centro de la ciudad donde sostuvo reuniones con acarreados que le hab\u00edan llevado sus &#8220;operadores pol\u00edticos&#8221;, pero al ver la audiencia que tendr\u00eda este hizo tremendo coraje por que el aforo era de menos de 50 personas y en primera fila le sentaron a unos luchadores enmascarados que sacaron de La Pochota, lo que caus\u00f3 el pitorreo de los presentes y los medios de comunicaci\u00f3n.<\/p>\n\n\n\n<p class=\"has-medium-font-size\">Mal inicio de a\u00f1o para &#8220;Don Reflectores&#8221; en su af\u00e1n por convertirse o verse como el &#8220;Mes\u00edas&#8221; de Veracruz. Ya nadie se las cree!!!<\/p>\n\n\n\n<div class=\"wp-block-image\"><figure class=\"aligncenter size-large\"><img loading=\"lazy\" decoding=\"async\" width=\"960\" height=\"539\" src=\"https:\/\/bambapolitica.com.mx\/wp-content\/uploads\/2022\/01\/2-2-2.jpg\" alt=\"\" class=\"wp-image-40696\" srcset=\"https:\/\/bambapolitica.com.mx\/wp-content\/uploads\/2022\/01\/2-2-2.jpg 960w, https:\/\/bambapolitica.com.mx\/wp-content\/uploads\/2022\/01\/2-2-2-300x168.jpg 300w, https:\/\/bambapolitica.com.mx\/wp-content\/uploads\/2022\/01\/2-2-2-768x431.jpg 768w, https:\/\/bambapolitica.com.mx\/wp-content\/uploads\/2022\/01\/2-2-2-260x146.jpg 260w, https:\/\/bambapolitica.com.mx\/wp-content\/uploads\/2022\/01\/2-2-2-50x28.jpg 50w, https:\/\/bambapolitica.com.mx\/wp-content\/uploads\/2022\/01\/2-2-2-134x75.jpg 134w\" sizes=\"auto, (max-width: 960px) 100vw, 960px\" \/><\/figure><\/div>\n","protected":false},"excerpt":{"rendered":"<p>De pifia en pifia!!! Checo Guti\u00e9rrez\u2026 Mala paga en La Huaca!!! \u2022 Pese a que&#8230;<\/p>\n","protected":false},"author":4,"featured_media":40695,"comment_status":"closed","ping_status":"closed","sticky":false,"template":"","format":"standard","meta":{"footnotes":""},"categories":[4],"tags":[],"class_list":["post-40678","post","type-post","status-publish","format-standard","has-post-thumbnail","hentry","category-noticias-del-dia"],"_links":{"self":[{"href":"https:\/\/bambapolitica.com.mx\/index.php\/wp-json\/wp\/v2\/posts\/40678","targetHints":{"allow":["GET"]}}],"collection":[{"href":"https:\/\/bambapolitica.com.mx\/index.php\/wp-json\/wp\/v2\/posts"}],"about":[{"href":"https:\/\/bambapolitica.com.mx\/index.php\/wp-json\/wp\/v2\/types\/post"}],"author":[{"embeddable":true,"href":"https:\/\/bambapolitica.com.mx\/index.php\/wp-json\/wp\/v2\/users\/4"}],"replies":[{"embeddable":true,"href":"https:\/\/bambapolitica.com.mx\/index.php\/wp-json\/wp\/v2\/comments?post=40678"}],"version-history":[{"count":1,"href":"https:\/\/bambapolitica.com.mx\/index.php\/wp-json\/wp\/v2\/posts\/40678\/revisions"}],"predecessor-version":[{"id":40697,"href":"https:\/\/bambapolitica.com.mx\/index.php\/wp-json\/wp\/v2\/posts\/40678\/revisions\/40697"}],"wp:featuredmedia":[{"embeddable":true,"href":"https:\/\/bambapolitica.com.mx\/index.php\/wp-json\/wp\/v2\/media\/40695"}],"wp:attachment":[{"href":"https:\/\/bambapolitica.com.mx\/index.php\/wp-json\/wp\/v2\/media?parent=40678"}],"wp:term":[{"taxonomy":"category","embeddable":true,"href":"https:\/\/bambapolitica.com.mx\/index.php\/wp-json\/wp\/v2\/categories?post=40678"},{"taxonomy":"post_tag","embeddable":true,"href":"https:\/\/bambapolitica.com.mx\/index.php\/wp-json\/wp\/v2\/tags?post=40678"}],"curies":[{"name":"wp","href":"https:\/\/api.w.org\/{rel}","templated":true}]}}