{"id":40747,"date":"2022-01-20T07:32:48","date_gmt":"2022-01-20T13:32:48","guid":{"rendered":"http:\/\/bambapolitica.com.mx\/?p=40747"},"modified":"2022-01-20T07:32:51","modified_gmt":"2022-01-20T13:32:51","slug":"por-contagios-de-covid-19-crece-ausentismo-laboral-en-el-edomex","status":"publish","type":"post","link":"https:\/\/bambapolitica.com.mx\/index.php\/2022\/01\/20\/por-contagios-de-covid-19-crece-ausentismo-laboral-en-el-edomex\/","title":{"rendered":"Por contagios de COVID-19, crece ausentismo laboral en el EDOMEX"},"content":{"rendered":"\n<p class=\"has-medium-font-size\">En algunas \u00e1reas, hasta 18% de su personal ha faltado por incapacidad o permisos COVID<\/p>\n\n\n\n<p class=\"has-medium-font-size\">Las industrias del Estado de M\u00e9xico registran en promedio entre 10 y 15 por ciento de ausentismo entre sus trabajadores por incapacidades y permisos COVID, mientras que en los sectores de comercios y servicios est\u00e1n faltando a trabajar entre 8 y 10 por ciento del personal, inform\u00f3 Laura Gonz\u00e1lez, presidenta del Consejo Coordinador Empresarial del Edomex (CCEM).<\/p>\n\n\n\n<p class=\"has-medium-font-size\">La empresaria se\u00f1al\u00f3 que en algunas \u00e1reas productivas de las industrias establecidas, el ausentismo alcanz\u00f3 hasta 18 por ciento.<\/p>\n\n\n\n<p class=\"has-medium-font-size\">De acuerdo con datos del organismo, en toda la entidad cerca de 700 mil trabajadores se ausentaron de sus empleos por s\u00edntomas del virus o enfermedad confirmada, tanto en la Iniciativa Privada (IP), gobierno y sector informal, sin importar si est\u00e1n asegurados o no.<\/p>\n\n\n\n<p class=\"has-medium-font-size\">El Instituto Mexicano del Seguro Social (IMSS) otorg\u00f3 del 1 al 17 de enero 36 mil incapacidades y permisos por COVID-19 en el Edomex.<\/p>\n\n\n\n<p class=\"has-medium-font-size\">Precis\u00f3 que durante dicho periodo, el IMSS emiti\u00f3 32 mil 840 certificados de incapacidad por 255 mil d\u00edas; mientras que en permisos en l\u00ednea suman tres mil 654, por 25 mil 577 d\u00edas.<\/p>\n\n\n\n<p class=\"has-medium-font-size\">\u201cLas cifras de ausentismo est\u00e1n creciendo d\u00eda a d\u00eda y por supuesto que eso va a afectar la operaci\u00f3n de las empresas y va a tener un impacto econ\u00f3mico\u201d, dijo Gonz\u00e1lez.<\/p>\n\n\n\n<p class=\"has-medium-font-size\">En tanto, Jorge D\u00edaz Galindo, Oficial Mayor de la CTM en el Edomex, indic\u00f3 que se tienen m\u00e1s faltas de trabajadores por el virus que en la primera ola.<\/p>\n\n\n\n<p class=\"has-medium-font-size\">\u201cLas \u00e1reas afectadas son municipios donde los trabajadores tienen que moverse en transporte p\u00fablico hasta por una hora y media para llegar a sus centros laborales. La delegaci\u00f3n oriente del IMSS tiene el mayor n\u00famero de incapacidades y permisos COVID, en municipios como Los Reyes la Paz y Ecatepec\u201d.<\/p>\n\n\n\n<p class=\"has-medium-font-size\">Los empresarios hicieron un llamado a las autoridades a prohibir eventos masivos y reabrir m\u00f3dulos de pruebas r\u00e1pidas gratuitas.<\/p>\n\n\n\n<p>heraldodemexico<\/p>\n","protected":false},"excerpt":{"rendered":"<p>En algunas \u00e1reas, hasta 18% de su personal ha faltado por incapacidad o permisos COVID&#8230;<\/p>\n","protected":false},"author":4,"featured_media":40787,"comment_status":"closed","ping_status":"closed","sticky":false,"template":"","format":"standard","meta":{"footnotes":""},"categories":[4],"tags":[],"class_list":["post-40747","post","type-post","status-publish","format-standard","has-post-thumbnail","hentry","category-noticias-del-dia"],"_links":{"self":[{"href":"https:\/\/bambapolitica.com.mx\/index.php\/wp-json\/wp\/v2\/posts\/40747","targetHints":{"allow":["GET"]}}],"collection":[{"href":"https:\/\/bambapolitica.com.mx\/index.php\/wp-json\/wp\/v2\/posts"}],"about":[{"href":"https:\/\/bambapolitica.com.mx\/index.php\/wp-json\/wp\/v2\/types\/post"}],"author":[{"embeddable":true,"href":"https:\/\/bambapolitica.com.mx\/index.php\/wp-json\/wp\/v2\/users\/4"}],"replies":[{"embeddable":true,"href":"https:\/\/bambapolitica.com.mx\/index.php\/wp-json\/wp\/v2\/comments?post=40747"}],"version-history":[{"count":1,"href":"https:\/\/bambapolitica.com.mx\/index.php\/wp-json\/wp\/v2\/posts\/40747\/revisions"}],"predecessor-version":[{"id":40788,"href":"https:\/\/bambapolitica.com.mx\/index.php\/wp-json\/wp\/v2\/posts\/40747\/revisions\/40788"}],"wp:featuredmedia":[{"embeddable":true,"href":"https:\/\/bambapolitica.com.mx\/index.php\/wp-json\/wp\/v2\/media\/40787"}],"wp:attachment":[{"href":"https:\/\/bambapolitica.com.mx\/index.php\/wp-json\/wp\/v2\/media?parent=40747"}],"wp:term":[{"taxonomy":"category","embeddable":true,"href":"https:\/\/bambapolitica.com.mx\/index.php\/wp-json\/wp\/v2\/categories?post=40747"},{"taxonomy":"post_tag","embeddable":true,"href":"https:\/\/bambapolitica.com.mx\/index.php\/wp-json\/wp\/v2\/tags?post=40747"}],"curies":[{"name":"wp","href":"https:\/\/api.w.org\/{rel}","templated":true}]}}